{"id":640881,"date":"2025-09-30T03:35:41","date_gmt":"2025-09-30T07:35:41","guid":{"rendered":"https:\/\/diariodominicano.com\/?p=640881"},"modified":"2025-09-30T03:44:43","modified_gmt":"2025-09-30T07:44:43","slug":"santo-domingo-acoge-el-encuentro-regional-sobre-certificacion-de-saberes-y-profesionalizacion-del-trabajo-de-cuidado","status":"publish","type":"post","link":"https:\/\/diariodominicano.com\/?p=640881","title":{"rendered":"Santo Domingo acoge el Encuentro Regional sobre Certificaci\u00f3n de Saberes y Profesionalizaci\u00f3n del Trabajo de Cuidado"},"content":{"rendered":"\n<p>Eddy Olivares ministro de Trabajo RD-<\/p>\n\n\n\n<p>\u00b7&nbsp;&nbsp;&nbsp;&nbsp;&nbsp;&nbsp;&nbsp;&nbsp;&nbsp;<em>El encuentro reuni\u00f3 a gobiernos, sindicatos, academia e instituciones de formaci\u00f3n de Am\u00e9rica Latina y el Caribe.<\/em><\/p>\n\n\n\n<figure class=\"wp-block-image size-large\"><img loading=\"lazy\" decoding=\"async\" width=\"1024\" height=\"682\" src=\"https:\/\/diariodominicano.com\/wp-content\/uploads\/2025\/09\/Avances-e-innovaciones-en-politicas-de-cuidados-en-Republica-Dominicana-en-el-contexto-de-las-Americas.-FENAMUTRA-UNI-GLOBAL-UNION-1024x682.jpg\" alt=\"\" class=\"wp-image-640888\" srcset=\"https:\/\/diariodominicano.com\/wp-content\/uploads\/2025\/09\/Avances-e-innovaciones-en-politicas-de-cuidados-en-Republica-Dominicana-en-el-contexto-de-las-Americas.-FENAMUTRA-UNI-GLOBAL-UNION-1024x682.jpg 1024w, https:\/\/diariodominicano.com\/wp-content\/uploads\/2025\/09\/Avances-e-innovaciones-en-politicas-de-cuidados-en-Republica-Dominicana-en-el-contexto-de-las-Americas.-FENAMUTRA-UNI-GLOBAL-UNION-300x200.jpg 300w, https:\/\/diariodominicano.com\/wp-content\/uploads\/2025\/09\/Avances-e-innovaciones-en-politicas-de-cuidados-en-Republica-Dominicana-en-el-contexto-de-las-Americas.-FENAMUTRA-UNI-GLOBAL-UNION-768x512.jpg 768w, https:\/\/diariodominicano.com\/wp-content\/uploads\/2025\/09\/Avances-e-innovaciones-en-politicas-de-cuidados-en-Republica-Dominicana-en-el-contexto-de-las-Americas.-FENAMUTRA-UNI-GLOBAL-UNION-1536x1024.jpg 1536w, https:\/\/diariodominicano.com\/wp-content\/uploads\/2025\/09\/Avances-e-innovaciones-en-politicas-de-cuidados-en-Republica-Dominicana-en-el-contexto-de-las-Americas.-FENAMUTRA-UNI-GLOBAL-UNION-2048x1365.jpg 2048w, https:\/\/diariodominicano.com\/wp-content\/uploads\/2025\/09\/Avances-e-innovaciones-en-politicas-de-cuidados-en-Republica-Dominicana-en-el-contexto-de-las-Americas.-FENAMUTRA-UNI-GLOBAL-UNION-816x544.jpg 816w\" sizes=\"auto, (max-width: 1024px) 100vw, 1024px\" \/><\/figure>\n\n\n\n<p>Diario Dominicano<\/p>\n\n\n\n<p>Santo Domingo, RD. -Con la participaci\u00f3n de representantes de gobiernos, sindicatos, instituciones de formaci\u00f3n, academia y organizaciones sociales de Am\u00e9rica Latina y el Caribe, se realiz\u00f3 el Encuentro Regional sobre Certificaci\u00f3n de Saberes y Profesionalizaci\u00f3n del Trabajo de Cuidado, una iniciativa de UNI Am\u00e9ricas y la Federaci\u00f3n Nacional de Mujeres Trabajadoras (FENAMUTRA).<\/p>\n\n\n\n<figure class=\"wp-block-image size-large\"><img loading=\"lazy\" decoding=\"async\" width=\"1024\" height=\"682\" src=\"https:\/\/diariodominicano.com\/wp-content\/uploads\/2025\/09\/Ruth-Diaz-presidenta-de-FENAMUTRA-1024x682.jpg\" alt=\"\" class=\"wp-image-640887\" srcset=\"https:\/\/diariodominicano.com\/wp-content\/uploads\/2025\/09\/Ruth-Diaz-presidenta-de-FENAMUTRA-1024x682.jpg 1024w, https:\/\/diariodominicano.com\/wp-content\/uploads\/2025\/09\/Ruth-Diaz-presidenta-de-FENAMUTRA-300x200.jpg 300w, https:\/\/diariodominicano.com\/wp-content\/uploads\/2025\/09\/Ruth-Diaz-presidenta-de-FENAMUTRA-768x512.jpg 768w, https:\/\/diariodominicano.com\/wp-content\/uploads\/2025\/09\/Ruth-Diaz-presidenta-de-FENAMUTRA-1536x1023.jpg 1536w, https:\/\/diariodominicano.com\/wp-content\/uploads\/2025\/09\/Ruth-Diaz-presidenta-de-FENAMUTRA-816x544.jpg 816w, https:\/\/diariodominicano.com\/wp-content\/uploads\/2025\/09\/Ruth-Diaz-presidenta-de-FENAMUTRA.jpg 1600w\" sizes=\"auto, (max-width: 1024px) 100vw, 1024px\" \/><\/figure>\n\n\n\n<p>Ruth D\u00edaz, presidenta de FENAMUTRA<\/p>\n\n\n\n<p>El evento puso en el centro de la agenda la importancia de reconocer, dignificar y profesionalizar el trabajo de cuidado, hist\u00f3ricamente invisibilizado y realizado en su mayor\u00eda por mujeres en condiciones de vulnerabilidad.<\/p>\n\n\n\n<figure class=\"wp-block-image size-large\"><img loading=\"lazy\" decoding=\"async\" width=\"1024\" height=\"682\" src=\"https:\/\/diariodominicano.com\/wp-content\/uploads\/2025\/09\/Encuentro-Regional-sobre-Certificacion-de-Saberes-y-Profesionalizacion-del-Trabajo-de-Cuidado.-FENAMUTRA-UNI-GLOBAL-UNION-1024x682.jpg\" alt=\"\" class=\"wp-image-640889\" srcset=\"https:\/\/diariodominicano.com\/wp-content\/uploads\/2025\/09\/Encuentro-Regional-sobre-Certificacion-de-Saberes-y-Profesionalizacion-del-Trabajo-de-Cuidado.-FENAMUTRA-UNI-GLOBAL-UNION-1024x682.jpg 1024w, https:\/\/diariodominicano.com\/wp-content\/uploads\/2025\/09\/Encuentro-Regional-sobre-Certificacion-de-Saberes-y-Profesionalizacion-del-Trabajo-de-Cuidado.-FENAMUTRA-UNI-GLOBAL-UNION-300x200.jpg 300w, https:\/\/diariodominicano.com\/wp-content\/uploads\/2025\/09\/Encuentro-Regional-sobre-Certificacion-de-Saberes-y-Profesionalizacion-del-Trabajo-de-Cuidado.-FENAMUTRA-UNI-GLOBAL-UNION-768x512.jpg 768w, https:\/\/diariodominicano.com\/wp-content\/uploads\/2025\/09\/Encuentro-Regional-sobre-Certificacion-de-Saberes-y-Profesionalizacion-del-Trabajo-de-Cuidado.-FENAMUTRA-UNI-GLOBAL-UNION-1536x1024.jpg 1536w, https:\/\/diariodominicano.com\/wp-content\/uploads\/2025\/09\/Encuentro-Regional-sobre-Certificacion-de-Saberes-y-Profesionalizacion-del-Trabajo-de-Cuidado.-FENAMUTRA-UNI-GLOBAL-UNION-2048x1365.jpg 2048w, https:\/\/diariodominicano.com\/wp-content\/uploads\/2025\/09\/Encuentro-Regional-sobre-Certificacion-de-Saberes-y-Profesionalizacion-del-Trabajo-de-Cuidado.-FENAMUTRA-UNI-GLOBAL-UNION-816x544.jpg 816w\" sizes=\"auto, (max-width: 1024px) 100vw, 1024px\" \/><\/figure>\n\n\n\n<p>\u201cLa certificaci\u00f3n de saberes y la profesionalizaci\u00f3n de las trabajadoras de cuidado representan un paso hist\u00f3rico hacia la dignificaci\u00f3n de un sector que ha sido invisibilizado por d\u00e9cadas. El cuidado no es un favor, es un trabajo esencial para la vida y la sociedad, y debe ser reconocido como tal\u201d, afirm\u00f3 Ruth D\u00edaz Medrano, presidenta de FENAMUTRA, durante el acto de apertura.<\/p>\n\n\n\n<p>En la ceremonia de inicio tambi\u00e9n intervinieron Eddy Olivares, ministro de Trabajo; Rafael Santos Bad\u00eda, director general de INFOTEP; Marcio Monzane, secretario regional de UNI Am\u00e9ricas.<\/p>\n\n\n\n<p>Asimismo, Kaira R. Reece, secretaria de Desarrollo Sustentable de la CSA; y Jacobo Ramos, presidente de la CNTD, quienes coincidieron en la necesidad de avanzar en la construcci\u00f3n de sistemas de cuidado s\u00f3lidos y sostenibles.<\/p>\n\n\n\n<p><strong>Paneles de discusi\u00f3n<\/strong><\/p>\n\n\n\n<p>El programa incluy\u00f3 dos paneles tem\u00e1ticos que permitieron el intercambio de experiencias y propuestas para fortalecer los sistemas de cuidado en la regi\u00f3n.<\/p>\n\n\n\n<p>El Panel 1 \u2013 Formaci\u00f3n y los cuidados, moderado por UNI Am\u00e9ricas, estuvo dedicado a compartir experiencias de formaci\u00f3n y certificaci\u00f3n de trabajadores y trabajadoras del cuidado, adem\u00e1s de resaltar buenas pr\u00e1cticas que ya se aplican en diferentes pa\u00edses.<\/p>\n\n\n\n<p>Mientras que el Panel 2 \u2013 Avances e innovaciones en pol\u00edticas de cuidados en Rep\u00fablica Dominicana en el contexto de las Am\u00e9ricas se centr\u00f3 en las iniciativas orientadas a la coordinaci\u00f3n interinstitucional y en las estrategias que buscan consolidar sistemas de cuidado m\u00e1s inclusivos y sostenibles.<\/p>\n\n\n\n<p>En estos espacios participaron representantes del SENA de Colombia, Federaci\u00f3n Nacional de Mujeres Trabajadoras (FENAMUTRA), INFOTEP, IDOPPRIL, CONAPE, SEIU Local 775 (EE. UU.), Ministerio de Igualdad de Colombia, UNI Am\u00e9ricas, Ministerio de la Mujer, Sup\u00e9rate, CSA y la UASD, entre otros.<\/p>\n\n\n\n<p><strong>Compromiso regional<\/strong><\/p>\n\n\n\n<p>El encuentro concluy\u00f3 con un llamado conjunto a impulsar la certificaci\u00f3n de saberes, la formaci\u00f3n profesional y la articulaci\u00f3n entre gobiernos, instituciones y organizaciones sociales, como base para garantizar condiciones laborales dignas y la construcci\u00f3n de sistemas de cuidado con equidad de g\u00e9nero.<\/p>\n\n\n\n<p><strong>Personalidades participantes<\/strong><\/p>\n\n\n\n<p>Como panelistas participaron Gerardo Medina (SENA \u2013 Colombia), Ramona Mej\u00eda (INFOTEP), Agust\u00edn Burgos (IDOPPRIL), Demetrio Vicente (CONAPE), Lucy V\u00e1zquez-Mart\u00ednez (SEIU Local 775, EE. UU.), Natalia Moreno (Ministerio de Igualdad de Colombia), Luc\u00eda Lindner (UNI Am\u00e9ricas), Mayra Jim\u00e9nez (ministra de la Mujer), Santa Mateo (<em>Sup\u00e9rate<\/em>) y Antonio Ciriaco (rector de la UASD), quienes compartieron experiencias, aprendizajes y propuestas para fortalecer los sistemas de cuidado en la regi\u00f3n.<\/p>\n\n\n\n<p>#Santo Domingo #Ruth D\u00edaz\u2003\u2003# FENAMUTRA\u2003\u2003\u2003\u2002#Eddy Olivares <\/p>\n","protected":false},"excerpt":{"rendered":"<p>Eddy Olivares ministro de Trabajo RD- \u00b7&nbsp;&nbsp;&nbsp;&nbsp;&nbsp;&nbsp;&nbsp;&nbsp;&nbsp;El encuentro reuni\u00f3 a gobiernos, sindicatos, academia e instituciones de formaci\u00f3n de Am\u00e9rica Latina y el Caribe. Diario Dominicano Santo Domingo, RD. -Con la participaci\u00f3n de representantes de gobiernos, sindicatos, instituciones de formaci\u00f3n, academia y organizaciones sociales de Am\u00e9rica Latina y el Caribe, se realiz\u00f3 el Encuentro Regional sobre [&hellip;]<\/p>\n","protected":false},"author":2,"featured_media":640882,"comment_status":"closed","ping_status":"closed","sticky":false,"template":"","format":"standard","meta":{"footnotes":""},"categories":[20,18],"tags":[],"class_list":["post-640881","post","type-post","status-publish","format-standard","has-post-thumbnail","hentry","category-dominicana-hoy","category-economia"],"_links":{"self":[{"href":"https:\/\/diariodominicano.com\/index.php?rest_route=\/wp\/v2\/posts\/640881","targetHints":{"allow":["GET"]}}],"collection":[{"href":"https:\/\/diariodominicano.com\/index.php?rest_route=\/wp\/v2\/posts"}],"about":[{"href":"https:\/\/diariodominicano.com\/index.php?rest_route=\/wp\/v2\/types\/post"}],"author":[{"embeddable":true,"href":"https:\/\/diariodominicano.com\/index.php?rest_route=\/wp\/v2\/users\/2"}],"replies":[{"embeddable":true,"href":"https:\/\/diariodominicano.com\/index.php?rest_route=%2Fwp%2Fv2%2Fcomments&post=640881"}],"version-history":[{"count":5,"href":"https:\/\/diariodominicano.com\/index.php?rest_route=\/wp\/v2\/posts\/640881\/revisions"}],"predecessor-version":[{"id":640893,"href":"https:\/\/diariodominicano.com\/index.php?rest_route=\/wp\/v2\/posts\/640881\/revisions\/640893"}],"wp:featuredmedia":[{"embeddable":true,"href":"https:\/\/diariodominicano.com\/index.php?rest_route=\/wp\/v2\/media\/640882"}],"wp:attachment":[{"href":"https:\/\/diariodominicano.com\/index.php?rest_route=%2Fwp%2Fv2%2Fmedia&parent=640881"}],"wp:term":[{"taxonomy":"category","embeddable":true,"href":"https:\/\/diariodominicano.com\/index.php?rest_route=%2Fwp%2Fv2%2Fcategories&post=640881"},{"taxonomy":"post_tag","embeddable":true,"href":"https:\/\/diariodominicano.com\/index.php?rest_route=%2Fwp%2Fv2%2Ftags&post=640881"}],"curies":[{"name":"wp","href":"https:\/\/api.w.org\/{rel}","templated":true}]}}