{"id":640813,"date":"2025-09-30T01:50:12","date_gmt":"2025-09-30T05:50:12","guid":{"rendered":"https:\/\/diariodominicano.com\/?p=640813"},"modified":"2025-09-30T01:51:28","modified_gmt":"2025-09-30T05:51:28","slug":"consejo-superior-del-ministerio-publico-juramenta-a-la-fiscal-isaura-suarez-salcedo-como-nueva-directora-de-carrera","status":"publish","type":"post","link":"https:\/\/diariodominicano.com\/?p=640813","title":{"rendered":"Consejo Superior del Ministerio P\u00fablico juramenta a la fiscal Isaura Su\u00e1rez Salcedo como nueva directora de Carrera"},"content":{"rendered":"\n<p>Con estudios en derecho y una especialidad en gesti\u00f3n administrativa, Su\u00e1rez Salcedo se desempe\u00f1aba como directora de la Unidad de Atenci\u00f3n Integral a V\u00edctimas de Violencia de G\u00e9nero, Intrafamiliar y Delitos Sexuales de Santo Domingo Este<\/p>\n\n\n\n<p>SANTO DOMINGO (Rep\u00fablica Dominicana).-&nbsp;El Consejo Superior del Ministerio P\u00fablico (CSMP) jurament\u00f3 este lunes a la fiscal Isaura Su\u00e1rez Salcedo como nueva titular de la Direcci\u00f3n General de Carrera del Ministerio P\u00fablico.<\/p>\n\n\n\n<p>Al encabezar el acto de juramentaci\u00f3n en el sal\u00f3n de sesi\u00f3n del CSMP, la procuradora general de la Rep\u00fablica, Yeni Berenice Reynoso, explic\u00f3 que los consejeros ponderaron la trayectoria de Su\u00e1rez Salcedo, su carrera, su expediente y su excelente entrevista.<\/p>\n\n\n\n<p>La designaci\u00f3n se produjo en la D\u00e9cimo Octava Sesi\u00f3n Extraordinaria del Consejo Superior del Ministerio P\u00fablico, celebrada el 23 de septiembre de este a\u00f1o 2025.<\/p>\n\n\n\n<p>En el concurso participaron 15 aspirantes a la Direcci\u00f3n de Carrera, la cual estaba a cargo, de manera interina, del procurador adjunto Rodolfo Espi\u00f1eira. Diez de los candidatos participaron en la fase de entrevista ante el CSMP.<\/p>\n\n\n\n<p>\u201cEl Consejo sabe que tenemos muchos desaf\u00edos para seguir fortaleciendo nuestra carrera y le reitero que tenemos muchas expectativas los consejeros, como fiscales de carrera y como consejeros\u201d, manifest\u00f3 la titular del Ministerio P\u00fablico.<\/p>\n\n\n\n<p>Garantiz\u00f3 a Su\u00e1rez Salcedo que tendr\u00e1 todo el apoyo del Consejo Superior del Ministerio P\u00fablico para que pueda hacer una gran gesti\u00f3n en beneficio de fortalecer la carrera del cuerpo de fiscales.<\/p>\n\n\n\n<p>La procuradora Reynoso encabeza el Consejo Superior del Ministerio P\u00fablico, el cual est\u00e1 integrado, adem\u00e1s, por la procuradora adjunta Isis Germania de la Cruz, el procurador de corte Jos\u00e9 Del Carmen Sep\u00falveda, el fiscal Denny Frey Silvestre Zorrilla y el fiscalizador Merlin Mateo S\u00e1nchez.<\/p>\n\n\n\n<p>La nueva directora valor\u00f3 su selecci\u00f3n. \u201cPara m\u00ed es un enorme compromiso. Sabemos que es un privilegio muy grande, pero es un enorme compromiso el que se ha puesto en nuestras manos en el d\u00eda de hoy\u201d, dijo Su\u00e1rez Salcedo.<\/p>\n\n\n\n<p>\u201cHoy, respecto a esta direcci\u00f3n de carrera, no solo el Consejo espera mucho, los fiscales de carrera, todos esperamos de una gesti\u00f3n propositiva\u201d, sostuvo.<\/p>\n\n\n\n<p>\u201cNos toca hacer grandes cosas por primera vez y esperamos que con la ayuda de Dios podamos cumplir muchas de las metas que tenemos los fiscales desde siempre como deuda hist\u00f3rica en nuestra mente\u201d, indic\u00f3 Su\u00e1rez Salcedo.<\/p>\n\n\n\n<p>\u201cAgradezco a ustedes, consejeros, la confianza depositada en m\u00ed y espero en Dios no defraudarlos\u201d, expres\u00f3.<\/p>\n\n\n\n<p>Su\u00e1rez Salcedo, fiscal de carrera, ejerc\u00eda funciones en la Fiscal\u00eda de Santo Domingo Este como directora de la Unidad de Atenci\u00f3n Integral a V\u00edctimas de Violencia de G\u00e9nero, Intrafamiliar y Delitos Sexuales.<\/p>\n\n\n\n<p>Funge como docente del Instituto de Educaci\u00f3n Superior Escuela Nacional del Ministerio P\u00fablico (IES-ENMP) en cursos especializados, tales como: t\u00e9cnicas de investigaci\u00f3n de los delitos que atentan contra la vida y la integridad f\u00edsica, prevenci\u00f3n de violencia de g\u00e9nero, intrafamiliar y delitos sexuales.<\/p>\n\n\n\n<p>Imparte docencia en los programas para los miembros del Ministerio P\u00fablico en funciones y maestr\u00eda en Ciencias Penales para fiscalizadores.<\/p>\n\n\n\n<p>Tambi\u00e9n, es docente de la Universidad Aut\u00f3noma de Santo Domingo (UASD) para los programas de maestr\u00eda de Derecho Procesal Penal, para la Facultad de Ciencias Jur\u00eddicas y Pol\u00edticas y el Instituto de Criminolog\u00eda como docente y conferencista en el diplomado de Violencia Intrafamiliar y Ley 24-97.<\/p>\n\n\n\n<p>Su\u00e1rez Salcedo estudi\u00f3 Derecho en la UASD. Egresada de la Escuela Nacional del Ministerio P\u00fablico, donde curs\u00f3 la especialidad en Derecho Penal y Procesal Penal.<\/p>\n\n\n\n<p>Curs\u00f3 la Maestr\u00eda en Derecho Penal y Procesal Penal en la Universidad Unapec y una maestr\u00eda en An\u00e1lisis e Investigaci\u00f3n Criminal en la Universidad a Distancia de Madrid (UDIMA).<\/p>\n\n\n\n<p>Tambi\u00e9n, hizo una especialidad en Gesti\u00f3n Administrativa del Ministerio P\u00fablico en el Instituto de Educaci\u00f3n Superior Escuela Nacional del Ministerio P\u00fablico (IES-ENMP) y un diplomado en Justicia Feminicida, de la Agencia Espa\u00f1ola Cooperaci\u00f3n Internacional y la Escuela Nacional del Ministerio P\u00fablico.<\/p>\n\n\n\n<p>Realiz\u00f3 una especialidad en trata de personas y explotaci\u00f3n sexual infantil, en ILEA, San Salvador.&nbsp;&nbsp; Violencia basada en G\u00e9nero ILEA, San Salvador, 2019; Especializaci\u00f3n en t\u00e9cnicas de investigaci\u00f3n de Justicia Feminicida, Agencia Espa\u00f1ola Cooperaci\u00f3n Internacional, Centro de formaci\u00f3n Colombia\/Cartagena 2023.<\/p>\n\n\n\n<p>Su\u00e1rez Salcedo, igualmente, ha participado en diversos foros y paneles nacionales e internacionales sobre temas de violencia de g\u00e9nero y delitos sexuales.<\/p>\n\n\n\n<p>En sus nuevas funciones, como responsable de la Direcci\u00f3n General de Carrera, deber\u00e1, seg\u00fan el Art\u00edculo 57, de la Ley 133-11, org\u00e1nica del Ministerio P\u00fablico, \u201cejercer la direcci\u00f3n funcional del sistema de carrera del Ministerio P\u00fablico de conformidad con los reglamentos y pol\u00edticas adoptados por el Consejo Superior\u201d.<\/p>\n\n\n\n<p>Adem\u00e1s, \u201cgestionar y mantener actualizado el escalaf\u00f3n de los miembros del Ministerio P\u00fablico y su personal t\u00e9cnico y administrativo para la toma de decisiones sobre los ascensos y movimientos internos en atenci\u00f3n a los m\u00e9ritos, evaluaci\u00f3n de desempe\u00f1o, capacitaci\u00f3n y tiempo en el servicio\u201d.<\/p>\n\n\n\n<p>Asimismo, \u201cformular propuestas de pol\u00edticas de gesti\u00f3n de la carrera o reformas al escalaf\u00f3n y someterlas a la aprobaci\u00f3n del Consejo Superior del Ministerio P\u00fablico por intermedio del Procurador General de la Rep\u00fablica\u201d.<\/p>\n\n\n\n<p>Asimismo, \u201cformular las escalas salariales y los programas de compensaci\u00f3n de los miembros del Ministerio P\u00fablico de acuerdo con los presupuestos aprobados y la normativa vigente en la materia y someterlas a la aprobaci\u00f3n del Consejo Superior del Ministerio P\u00fablico por intermedio del Procurador General de la Rep\u00fablica\u201d.<\/p>\n\n\n\n<p>Direcci\u00f3n General de Comunicaci\u00f3n, Prensa y RRPP<\/p>\n\n\n\n<p>Ministerio P\u00fablico RD<\/p>\n","protected":false},"excerpt":{"rendered":"<p>Con estudios en derecho y una especialidad en gesti\u00f3n administrativa, Su\u00e1rez Salcedo se desempe\u00f1aba como directora de la Unidad de Atenci\u00f3n Integral a V\u00edctimas de Violencia de G\u00e9nero, Intrafamiliar y Delitos Sexuales de Santo Domingo Este SANTO DOMINGO (Rep\u00fablica Dominicana).-&nbsp;El Consejo Superior del Ministerio P\u00fablico (CSMP) jurament\u00f3 este lunes a la fiscal Isaura Su\u00e1rez Salcedo [&hellip;]<\/p>\n","protected":false},"author":7,"featured_media":640820,"comment_status":"closed","ping_status":"closed","sticky":false,"template":"","format":"standard","meta":{"footnotes":""},"categories":[24],"tags":[171],"class_list":["post-640813","post","type-post","status-publish","format-standard","has-post-thumbnail","hentry","category-justicia-y-derecho","tag-ministerio-publico"],"_links":{"self":[{"href":"https:\/\/diariodominicano.com\/index.php?rest_route=\/wp\/v2\/posts\/640813","targetHints":{"allow":["GET"]}}],"collection":[{"href":"https:\/\/diariodominicano.com\/index.php?rest_route=\/wp\/v2\/posts"}],"about":[{"href":"https:\/\/diariodominicano.com\/index.php?rest_route=\/wp\/v2\/types\/post"}],"author":[{"embeddable":true,"href":"https:\/\/diariodominicano.com\/index.php?rest_route=\/wp\/v2\/users\/7"}],"replies":[{"embeddable":true,"href":"https:\/\/diariodominicano.com\/index.php?rest_route=%2Fwp%2Fv2%2Fcomments&post=640813"}],"version-history":[{"count":1,"href":"https:\/\/diariodominicano.com\/index.php?rest_route=\/wp\/v2\/posts\/640813\/revisions"}],"predecessor-version":[{"id":640819,"href":"https:\/\/diariodominicano.com\/index.php?rest_route=\/wp\/v2\/posts\/640813\/revisions\/640819"}],"wp:featuredmedia":[{"embeddable":true,"href":"https:\/\/diariodominicano.com\/index.php?rest_route=\/wp\/v2\/media\/640820"}],"wp:attachment":[{"href":"https:\/\/diariodominicano.com\/index.php?rest_route=%2Fwp%2Fv2%2Fmedia&parent=640813"}],"wp:term":[{"taxonomy":"category","embeddable":true,"href":"https:\/\/diariodominicano.com\/index.php?rest_route=%2Fwp%2Fv2%2Fcategories&post=640813"},{"taxonomy":"post_tag","embeddable":true,"href":"https:\/\/diariodominicano.com\/index.php?rest_route=%2Fwp%2Fv2%2Ftags&post=640813"}],"curies":[{"name":"wp","href":"https:\/\/api.w.org\/{rel}","templated":true}]}}