{"id":640780,"date":"2025-09-30T01:47:01","date_gmt":"2025-09-30T05:47:01","guid":{"rendered":"https:\/\/diariodominicano.com\/?p=640780"},"modified":"2026-01-02T18:14:26","modified_gmt":"2026-01-02T22:14:26","slug":"anpa-inaugura-manana-su-ix-congreso-nacional-hipolito-mejia","status":"publish","type":"post","link":"https:\/\/diariodominicano.com\/?p=640780","title":{"rendered":"ANPA inaugura ma\u00f1ana su IX Congreso Nacional \u201cHip\u00f3lito Mej\u00eda\u201d"},"content":{"rendered":"\n<p>La Asociaci\u00f3n Nacional de Profesionales Agropecuarios (ANPA) dejar\u00e1 inaugurado ma\u00f1ana, martes 30 de septiembre, su IX Congreso Nacional \u201cHip\u00f3lito Mej\u00eda\u201d, a celebrarse en el Hotel Coopmarena de Juan Dolio, provincia San Pedro de Macor\u00eds, los d\u00edas 30 de septiembre, 1 y 2 de octubre de 2025.<\/p>\n\n\n\n<p>Con el lema \u201cEl agr\u00f3nomo como garante de la seguridad alimentaria\u201d, este magno evento reunir\u00e1 a cientos de profesionales agropecuarios de todo el pa\u00eds en un espacio de an\u00e1lisis, debate y propuestas orientadas a fortalecer el papel del sector en la producci\u00f3n de alimentos, la soberan\u00eda y seguridad alimentaria de la Rep\u00fablica Dominicana.<\/p>\n\n\n\n<p>El congreso, dedicado al expresidente de la Rep\u00fablica Rafael Hip\u00f3lito Mej\u00eda Dom\u00ednguez, resalta su trayectoria, sus aportes al sector agropecuario y su condici\u00f3n de aliado permanente de los profesionales del \u00e1rea. Durante los tres d\u00edas de jornadas, se desarrollar\u00e1n ponencias, paneles y mesas de trabajo<\/p>\n\n\n\n<p>El presidente de la ANPA, Tito Hern\u00e1ndez, expres\u00f3 que este congreso constituye un escenario hist\u00f3rico para reafirmar el compromiso del gremio con la naci\u00f3n:<\/p>\n\n\n\n<p>DIRECCION DE PRENSA<\/p>\n","protected":false},"excerpt":{"rendered":"<p>La Asociaci\u00f3n Nacional de Profesionales Agropecuarios (ANPA) dejar\u00e1 inaugurado ma\u00f1ana, martes 30 de septiembre, su IX Congreso Nacional \u201cHip\u00f3lito Mej\u00eda\u201d, a celebrarse en el Hotel Coopmarena de Juan Dolio, provincia San Pedro de Macor\u00eds, los d\u00edas 30 de septiembre, 1 y 2 de octubre de 2025. Con el lema \u201cEl agr\u00f3nomo como garante de la [&hellip;]<\/p>\n","protected":false},"author":7,"featured_media":640803,"comment_status":"closed","ping_status":"open","sticky":false,"template":"","format":"standard","meta":{"footnotes":""},"categories":[36],"tags":[2659],"class_list":["post-640780","post","type-post","status-publish","format-standard","has-post-thumbnail","hentry","category-hombresmujeresycosas","tag-anpa"],"_links":{"self":[{"href":"https:\/\/diariodominicano.com\/index.php?rest_route=\/wp\/v2\/posts\/640780","targetHints":{"allow":["GET"]}}],"collection":[{"href":"https:\/\/diariodominicano.com\/index.php?rest_route=\/wp\/v2\/posts"}],"about":[{"href":"https:\/\/diariodominicano.com\/index.php?rest_route=\/wp\/v2\/types\/post"}],"author":[{"embeddable":true,"href":"https:\/\/diariodominicano.com\/index.php?rest_route=\/wp\/v2\/users\/7"}],"replies":[{"embeddable":true,"href":"https:\/\/diariodominicano.com\/index.php?rest_route=%2Fwp%2Fv2%2Fcomments&post=640780"}],"version-history":[{"count":1,"href":"https:\/\/diariodominicano.com\/index.php?rest_route=\/wp\/v2\/posts\/640780\/revisions"}],"predecessor-version":[{"id":640818,"href":"https:\/\/diariodominicano.com\/index.php?rest_route=\/wp\/v2\/posts\/640780\/revisions\/640818"}],"wp:featuredmedia":[{"embeddable":true,"href":"https:\/\/diariodominicano.com\/index.php?rest_route=\/wp\/v2\/media\/640803"}],"wp:attachment":[{"href":"https:\/\/diariodominicano.com\/index.php?rest_route=%2Fwp%2Fv2%2Fmedia&parent=640780"}],"wp:term":[{"taxonomy":"category","embeddable":true,"href":"https:\/\/diariodominicano.com\/index.php?rest_route=%2Fwp%2Fv2%2Fcategories&post=640780"},{"taxonomy":"post_tag","embeddable":true,"href":"https:\/\/diariodominicano.com\/index.php?rest_route=%2Fwp%2Fv2%2Ftags&post=640780"}],"curies":[{"name":"wp","href":"https:\/\/api.w.org\/{rel}","templated":true}]}}