{"id":640757,"date":"2025-09-29T11:19:48","date_gmt":"2025-09-29T15:19:48","guid":{"rendered":"https:\/\/diariodominicano.com\/?p=640757"},"modified":"2025-09-30T02:29:28","modified_gmt":"2025-09-30T06:29:28","slug":"la-ansiedad-el-enemigo-silencioso-que-afecta-nuestra-vida-diaria","status":"publish","type":"post","link":"https:\/\/diariodominicano.com\/?p=640757","title":{"rendered":"La Ansiedad el enemigo silencioso que afecta nuestra vida diaria"},"content":{"rendered":"\n<p>Por Doctor Ram\u00f3n Ceballo<\/p>\n\n\n\n<p>La ansiedad se ha convertido en una de las problem\u00e1ticas de salud mental m\u00e1s extendidas a nivel global. Aunque a menudo es confundida con el estr\u00e9s cotidiano o el nerviosismo pasajero, cuando se vuelve intensa, persistente y frecuente, puede transformar radicalmente la manera en que pensamos, sentimos y nos relacionamos con el mundo que nos rodea.<\/p>\n\n\n\n<p>Seg\u00fan la Organizaci\u00f3n Mundial de la Salud (OMS), m\u00e1s de 300 millones de personas en el mundo padecen alg\u00fan trastorno relacionado con la ansiedad. En Am\u00e9rica Latina, se estima que entre un 5 % y un 7 % de la poblaci\u00f3n presenta s\u00edntomas que requieren atenci\u00f3n especializada.<\/p>\n\n\n\n<p>En la Rep\u00fablica Dominicana, aunque los datos oficiales no siempre son precisos, se calcula que aproximadamente un 7 % de los dominicanos enfrenta cuadros de ansiedad en diferentes grados. Esto la convierte en una de las causas m\u00e1s recurrentes de consulta en salud mental, reflejando una creciente necesidad de atenci\u00f3n, diagn\u00f3stico temprano y tratamiento efectivo.<\/p>\n\n\n\n<p>Este trastorno afecta con mayor frecuencia a mujeres y j\u00f3venes, grupos especialmente vulnerables ante las presiones sociales y culturales que exacerban la tensi\u00f3n emocional.<\/p>\n\n\n\n<p>La ansiedad va m\u00e1s all\u00e1 de la simple inquietud. Se manifiesta como una carga constante que puede alterar m\u00faltiples aspectos de la vida diaria. Las personas que la padecen suelen experimentar dificultades para concentrarse en sus labores diarias, ya sea en el trabajo o en los estudios, as\u00ed como trastornos del sue\u00f1o que van desde insomnio hasta despertar frecuente durante la noche.<\/p>\n\n\n\n<p>A nivel f\u00edsico, es com\u00fan que la ansiedad provoque dolores musculares, fatiga constante y una sensaci\u00f3n generalizada de falta de energ\u00eda. Socialmente, puede llevar al aislamiento, evitando situaciones que impliquen interacci\u00f3n laboral o social, debido al miedo o malestar que generan.<\/p>\n\n\n\n<p>Tambi\u00e9n se presentan s\u00edntomas som\u00e1ticos como palpitaciones aceleradas, cefaleas recurrentes o malestar estomacal, que muchas veces confunden a quienes lo sufren, haciendo dif\u00edcil identificar la causa emocional detr\u00e1s del malestar.<\/p>\n\n\n\n<p>La ansiedad puede ser una presencia silenciosa que pasa desapercibida hasta que sus efectos se vuelven demasiado evidentes. Entre las se\u00f1ales de alerta que suelen minimizarse est\u00e1n la preocupaci\u00f3n desmedida por asuntos cotidianos, irritabilidad sin raz\u00f3n aparente, la necesidad obsesiva de mantener el control y pensamientos persistentes sobre posibles desgracias o situaciones negativas.<\/p>\n\n\n\n<p>Estas manifestaciones a menudo se atribuyen a rasgos personales o car\u00e1cter, lo que retrasa la b\u00fasqueda de ayuda y agrava la condici\u00f3n con el tiempo.<\/p>\n\n\n\n<p><strong>Cuando la ansiedad se convierte en crisis<\/strong><\/p>\n\n\n\n<p>En su forma m\u00e1s aguda, la ansiedad puede desencadenar ataques de p\u00e1nico, episodios breves pero intensos caracterizados por s\u00edntomas f\u00edsicos y emocionales abrumadores. Durante estos episodios, la persona puede experimentar dificultad para respirar, sensaci\u00f3n de ahogo, palpitaciones aceleradas, sudoraci\u00f3n profusa, temblores y mareos.<\/p>\n\n\n\n<p>Adem\u00e1s, el miedo intenso a perder el control o incluso a morir puede hacer que la experiencia sea aterradora.<\/p>\n\n\n\n<p>Aunque estos ataques suelen durar unos minutos, el impacto emocional que dejan puede prolongarse mucho m\u00e1s, generando un ciclo de temor anticipatorio que aumenta la ansiedad general.<\/p>\n\n\n\n<p>Aunque no siempre es posible eliminar por completo la ansiedad, s\u00ed se pueden implementar medidas para reducir su impacto y mejorar la calidad de vida. Mantener una rutina regular de ejercicio f\u00edsico ayuda a liberar tensiones y mejorar el estado de \u00e1nimo. Un sue\u00f1o reparador, con horarios establecidos, es fundamental para equilibrar las funciones mentales y emocionales.<\/p>\n\n\n\n<p>Es recomendable evitar el consumo excesivo de caf\u00e9, alcohol y otras sustancias estimulantes que pueden exacerbar los s\u00edntomas ansiosos. Las t\u00e9cnicas de respiraci\u00f3n profunda, meditaci\u00f3n y relajaci\u00f3n contribuyen a controlar los episodios de ansiedad y a fomentar la calma.<\/p>\n\n\n\n<p>Cuando la ansiedad interfiere significativamente con las actividades diarias, es indispensable buscar la ayuda de profesionales de la salud mental, quienes pueden ofrecer terapias espec\u00edficas y, en algunos casos, medicaci\u00f3n adecuada.<\/p>\n\n\n\n<p>Debe considerarse la intervenci\u00f3n especializada cuando los s\u00edntomas son persistentes y afectan el desempe\u00f1o laboral, acad\u00e9mico o las relaciones personales. Tambi\u00e9n cuando se presentan crisis frecuentes o la ansiedad limita la capacidad para realizar actividades cotidianas. La sensaci\u00f3n de perder el control sobre la propia vida es una se\u00f1al clara de que es necesaria una atenci\u00f3n profesional.Reconocer a tiempo los signos de ansiedad es crucial para evitar que se convierta en un trastorno cr\u00f3nico y para recuperar el bienestar integral. La ansiedad, aunque invisible para muchos, condiciona la existencia de quienes la padecen y merece toda la atenci\u00f3n que la salud mental demanda.<\/p>\n\n\n\n<p>Ramon Ceballo<\/p>\n\n\n\n<p><a target=\"_blank\" href=\"mailto:raceballo@yahoo.com\" rel=\"noreferrer noopener\">raceballo@yahoo.com<\/a><\/p>\n","protected":false},"excerpt":{"rendered":"<p>Por Doctor Ram\u00f3n Ceballo La ansiedad se ha convertido en una de las problem\u00e1ticas de salud mental m\u00e1s extendidas a nivel global. Aunque a menudo es confundida con el estr\u00e9s cotidiano o el nerviosismo pasajero, cuando se vuelve intensa, persistente y frecuente, puede transformar radicalmente la manera en que pensamos, sentimos y nos relacionamos con [&hellip;]<\/p>\n","protected":false},"author":2,"featured_media":640758,"comment_status":"closed","ping_status":"closed","sticky":false,"template":"","format":"standard","meta":{"footnotes":""},"categories":[19,16],"tags":[],"class_list":["post-640757","post","type-post","status-publish","format-standard","has-post-thumbnail","hentry","category-mi-voz","category-opiniones"],"_links":{"self":[{"href":"https:\/\/diariodominicano.com\/index.php?rest_route=\/wp\/v2\/posts\/640757","targetHints":{"allow":["GET"]}}],"collection":[{"href":"https:\/\/diariodominicano.com\/index.php?rest_route=\/wp\/v2\/posts"}],"about":[{"href":"https:\/\/diariodominicano.com\/index.php?rest_route=\/wp\/v2\/types\/post"}],"author":[{"embeddable":true,"href":"https:\/\/diariodominicano.com\/index.php?rest_route=\/wp\/v2\/users\/2"}],"replies":[{"embeddable":true,"href":"https:\/\/diariodominicano.com\/index.php?rest_route=%2Fwp%2Fv2%2Fcomments&post=640757"}],"version-history":[{"count":1,"href":"https:\/\/diariodominicano.com\/index.php?rest_route=\/wp\/v2\/posts\/640757\/revisions"}],"predecessor-version":[{"id":640759,"href":"https:\/\/diariodominicano.com\/index.php?rest_route=\/wp\/v2\/posts\/640757\/revisions\/640759"}],"wp:featuredmedia":[{"embeddable":true,"href":"https:\/\/diariodominicano.com\/index.php?rest_route=\/wp\/v2\/media\/640758"}],"wp:attachment":[{"href":"https:\/\/diariodominicano.com\/index.php?rest_route=%2Fwp%2Fv2%2Fmedia&parent=640757"}],"wp:term":[{"taxonomy":"category","embeddable":true,"href":"https:\/\/diariodominicano.com\/index.php?rest_route=%2Fwp%2Fv2%2Fcategories&post=640757"},{"taxonomy":"post_tag","embeddable":true,"href":"https:\/\/diariodominicano.com\/index.php?rest_route=%2Fwp%2Fv2%2Ftags&post=640757"}],"curies":[{"name":"wp","href":"https:\/\/api.w.org\/{rel}","templated":true}]}}