{"id":640743,"date":"2025-09-29T11:10:09","date_gmt":"2025-09-29T15:10:09","guid":{"rendered":"https:\/\/diariodominicano.com\/?p=640743"},"modified":"2025-09-29T11:16:16","modified_gmt":"2025-09-29T15:16:16","slug":"enterate-ny-133","status":"publish","type":"post","link":"https:\/\/diariodominicano.com\/?p=640743","title":{"rendered":"Ent\u00e9rate NY"},"content":{"rendered":"\n<p><strong>PERIODISMO INFORMATIVO Y CR\u00cdTICO AL SERVICIO DE LA COMUNIDAD<\/strong><\/p>\n\n\n\n<p><strong>Por Ram\u00f3n Mercedes<\/strong><\/p>\n\n\n\n<p>\u25baDeclin\u00f3 Eric Adams:<strong>\u00a0<\/strong><\/p>\n\n\n\n<p>Lamentaciones en diferentes lugares p\u00fablicos del Alto Manhattan, lugar de mayor concentraci\u00f3n de dominicanos en todo el exterior, por la declinaci\u00f3n del alcalde Eric Adams en sus aspiraciones a reelegirse a la Alcald\u00eda, porque fue un alcalde por y para la comunidad dominicana. Hizo por los quisqueyanos y la RD lo que ning\u00fan otro alcalde de la Gran Manzana, desde Thomas Willett (1665), primer alcalde en NYC, hasta la actual administraci\u00f3n. Entre sus aportes a los dominicanos figuran mantener un v\u00ednculo permanente con el pa\u00eds, visit\u00e1ndolo en 3 ocasiones en momentos cr\u00edticos, como el colapso del Jet Set e inundaciones, y expandir los niveles de colaboraciones entre agencias, como la PN, Transportaci\u00f3n, elevando al puesto importante de vicealcaldesa a la dominicana Ana Alm\u00e1nzar; nombrar en el DOT NYC al primer comisionado latino, el dominicano Ydanis Rodr\u00edguez, modernizando el tr\u00e1nsito vehicular en la Gran Manzana y seguridad de los peatones. Adem\u00e1s de esas cosas, la creaci\u00f3n de m\u00e1s empleos, benefici\u00e1ndose dominicanos de muchos de ellos, mejorando la seguridad de parte de la polic\u00eda, restableciendo un orden que se hab\u00eda perdido desde la pandemia del Covid-19, y siempre protegiendo los negocios donde incursionan decenas de miles de dominicanos, como las bodegas, supermercados y restaurantes. La vida sigue su agitado curso (Rodriguito)<\/p>\n\n\n\n<figure class=\"wp-block-image size-full\"><img loading=\"lazy\" decoding=\"async\" width=\"813\" height=\"500\" src=\"https:\/\/diariodominicano.com\/wp-content\/uploads\/2025\/09\/Parrafo-2.-Protesta-en-NYC.jpg\" alt=\"\" class=\"wp-image-640746\" srcset=\"https:\/\/diariodominicano.com\/wp-content\/uploads\/2025\/09\/Parrafo-2.-Protesta-en-NYC.jpg 813w, https:\/\/diariodominicano.com\/wp-content\/uploads\/2025\/09\/Parrafo-2.-Protesta-en-NYC-300x185.jpg 300w, https:\/\/diariodominicano.com\/wp-content\/uploads\/2025\/09\/Parrafo-2.-Protesta-en-NYC-768x472.jpg 768w\" sizes=\"auto, (max-width: 813px) 100vw, 813px\" \/><\/figure>\n\n\n\n<p>\u25baVideo protesta contra el presidente en NY:\u00a0<\/p>\n\n\n\n<p>Durante la protesta del pasado viernes frente al consulado contra la pol\u00edtica del presidente Luis Abinader, desde la sede consular llamaron un contingente policial que se apost\u00f3 all\u00ed; diiicen que tambi\u00e9n amenazaron con llamar a Inmigraci\u00f3n. Era notoria la presencia de extra\u00f1os cerca de la protesta con intenciones inconfesables, diiicen. El c\u00f3nsul Ch\u00fa V\u00e1squez ni ning\u00fan otro funcionario quiso recibir\u00a0el documento que leyeran destacando los reclamos. Una comisi\u00f3n de los protestantes, acompa\u00f1ada por el periodista de Telemicro, Manuel Ruiz, y el autor de esta columna (a solicitud) acompa\u00f1amos dicha comisi\u00f3n hasta el departamento de correspondencia en el cuarto piso. La seguridad nos prohibi\u00f3 grabar o fotografiar la entrega del documento, por ordenanza del c\u00f3nsul. Polic\u00edas de NYC nos vigilaban a cada paso, mientras subimos y bajamos de la sede.\u00a0Asistieron decenas de dominicanos.\u00a0<strong>Video =\u00a0<\/strong><a href=\"https:\/\/www.youtube.com\/watch?v=Vw-NENgiKL8\" target=\"_blank\" rel=\"noreferrer noopener\">https:\/\/www.youtube.com\/watch?v=Vw-NENgiKL8<\/a>\u00a0<\/p>\n\n\n\n<figure class=\"wp-block-image size-full\"><img loading=\"lazy\" decoding=\"async\" width=\"668\" height=\"668\" src=\"https:\/\/diariodominicano.com\/wp-content\/uploads\/2025\/09\/Parrafo-3.-Consulado-NY-propiedad-privada.jpg\" alt=\"\" class=\"wp-image-640748\" srcset=\"https:\/\/diariodominicano.com\/wp-content\/uploads\/2025\/09\/Parrafo-3.-Consulado-NY-propiedad-privada.jpg 668w, https:\/\/diariodominicano.com\/wp-content\/uploads\/2025\/09\/Parrafo-3.-Consulado-NY-propiedad-privada-300x300.jpg 300w, https:\/\/diariodominicano.com\/wp-content\/uploads\/2025\/09\/Parrafo-3.-Consulado-NY-propiedad-privada-150x150.jpg 150w, https:\/\/diariodominicano.com\/wp-content\/uploads\/2025\/09\/Parrafo-3.-Consulado-NY-propiedad-privada-88x88.jpg 88w\" sizes=\"auto, (max-width: 668px) 100vw, 668px\" \/><\/figure>\n\n\n\n<p><strong>\u25ba\u00bfConsulado NY propiedad privada?:<\/strong><strong>\u00a0<\/strong><\/p>\n\n\n\n<p>Ante los acontecimientos que vienen acaeciendo en el consulado dominicano RD-NY, en el Alto Manhattan se est\u00e1n preguntando si es propiedad privada de las actuales autoridades.\u00a0<strong>Veamos:<\/strong>\u00a0El pasado viernes no dejaron entrar a la sede, para ir al ba\u00f1o a orinar, a la periodista Heidy Galicia del canal 69 La Tora, porque estaba cubriendo la protesta que contra el presidente Abinader y el c\u00f3nsul Ch\u00fa V\u00e1squez, se realizaba frente a la sede en la calle 43 con Broadway en Manhattan. Ella cubre la fuente de la Presidencia y vino acompa\u00f1ando al presidente Luis Abinader a la ONU. Cuando fue a entrar, con su micr\u00f3fono de prensa en mano y en su pecho el carnet de prensa que dice \u00abPresidencia de la Rep\u00fablica\u00bb le dijeron \u00abUsted no puede entrar aqu\u00ed\u00bb; ella respondi\u00f3 \u00abvoy al ba\u00f1o\u00bb, y uno de la seguridad de la sede contest\u00f3 \u00abvaya a otro sitio\u00bb, tenemos instrucciones del c\u00f3nsul de no dejar entrar a nadie\u00bb. La periodista se vio obligada a trasladarse a un establecimiento comercial cercano a comprar productos por varios d\u00f3lares y poder pasar al ba\u00f1o del negocio. Dicen que cuando un dominicano acude a solicitar un\u00a0documento, consideran\u00a0es de la\u00a0oposici\u00f3n, y se dirige\u00a0al ba\u00f1o en un momento dado es vigilado discretamente por agentes de seguridad y hasta entra junto, para similar hacer \u00abpipi\u00bb. Cuando un cliente espera la entrega de alg\u00fan documento y se mantiene parado en el pasillo es mandado a sentar ipso facto. El c\u00f3nsul Ch\u00fa V\u00e1squez entra por una puerta trasera para no dejarse ver del p\u00fablico y se mueve entre la comunidad con un s\u00e9quito de guardaespaldas.<\/p>\n\n\n\n<p><strong>\u25baUn consulado:<\/strong>\u00a0<\/p>\n\n\n\n<p>Oficina de la administraci\u00f3n p\u00fablica de un pa\u00eds ubicada en el extranjero, encargada principalmente de asistir a sus ciudadanos residentes o de paso, as\u00ed como de expedir visados y fomentar las relaciones comerciales y culturales entre su pa\u00eds y el pa\u00eds anfitri\u00f3n.\u00a0<strong>\u00bfQu\u00e9 es ser un funcionario p\u00fablico?<\/strong>\u00a0<strong>=<\/strong>\u00a0Persona que ejerce una funci\u00f3n p\u00fablica para el Estado, ya sea mediante un nombramiento legal, elecci\u00f3n o contrato de trabajo, y que est\u00e1 obligada a actuar con principios de legalidad, lealtad, honradez, imparcialidad y eficiencia.<\/p>\n\n\n\n<p><strong>\u25baLeonel Fern\u00e1ndez:<\/strong><strong>\u00a0<\/strong><\/p>\n\n\n\n<p>Lectores en el Alto Manhattan nos escriben, ni quito ni pongo. Iniciamos y terminaremos nuestra misiva con preceptos b\u00edblicos. \u00abY\u00a0conocer\u00e9is la verdad, y la verdad os har\u00e1 libres. (Juan 8: 31-32). Los resultados del periplo iniciado por el presidente de la FP, Leonel Fern\u00e1ndez por los USA del 19 de este mes hasta el 1 de octubre, demuestran claramente que ser\u00e1 el pr\u00f3ximo presidente de la RD. Fue recibido en el aeropuerto de manera entusiasta por los \u00ab300 con Leonel\u00bb.\u00a0<strong>Ver =<\/strong>\u00a0<a href=\"https:\/\/actualidadneoyorkina.com\/?p=7998\" target=\"_blank\" rel=\"noreferrer noopener\">https:\/\/actualidadneoyorkina.com\/?p=7998<\/a>.\u00a0Cientos de nuevos miembros son juramentados en NY.\u00a0<strong>Ver =<\/strong>\u00a0<a href=\"https:\/\/x.com\/LeonelFernandez\/status\/1969970634135351743\" target=\"_blank\" rel=\"noreferrer noopener\">https:\/\/x.com\/LeonelFernandez\/status\/1969970634135351743<\/a>\u00a0\u00a0Sostuvo un encuentro cena con ciento$ de empresario$ que le ofreciera el movimiento \u00abS\u00fabete en la Nueva Ola\u00bb, en el restaurant The Exelsior Catering, ruta 46 en NJ.<strong>Ver =<\/strong>\u00a0<a href=\"https:\/\/elnacional.com.do\/leonel-fernandez-encabeza-acto-con-cientos-de-empresarios-en-nj\/\" target=\"_blank\" rel=\"noreferrer noopener\">https:\/\/elnacional.com.do\/leonel-fernandez-encabeza-acto-con-cientos-de-empresarios-en-nj\/<\/a>\u00a0Asisti\u00f3 al XXIII Torneo de Golf (GFDD) en Harrison Meadows Country Club, en Westchester y un encuentro privado con empresarios, incluy\u00f3 cena con ello$. Reuni\u00f3n con miembros del Club de Madrid en NY. Participaci\u00f3n en el Vll Foro Global Latinoam\u00e9rica y el Caribe en la Universidad de Columbia, en Manhattan, a casa llena.\u00a0<strong>Ver =<\/strong>\u00a0<a href=\"https:\/\/hoy.com.do\/celebraran-vii-foro-global-de-america-latina-y-el-caribe\/\" target=\"_blank\" rel=\"noreferrer noopener\">https:\/\/hoy.com.do\/celebraran-vii-foro-global-de-america-latina-y-el-caribe\/<\/a>\u00a0Asisti\u00f3 a la\u00a0Cumbre Iberoamericana de Desarrollo convocada por la Fundaci\u00f3n Public, en las Naciones Unidas.\u00a0Asisti\u00f3 a un encuentro en Filadelfia.\u00a0<strong>Ver =<\/strong>\u00a0<a href=\"https:\/\/almomento.net\/fernandez-apuesta-a-convertir-a-republica-dominicana-en-la-capital-del-conocimiento-de-america-latina-_\/\" target=\"_blank\" rel=\"noreferrer noopener\">https:\/\/almomento.net\/fernandez-apuesta-a-convertir-a-republica-dominicana-en-la-capital-del-conocimiento-de-america-latina-_\/<\/a>\u00a0\u00a0A otro encuentro-juramentaci\u00f3n en NJ. \u00abPor sus frutos los conocer\u00e9is\u00bb (Mateo 7:15-20).\u00a0 \u00a0 \u00a0 \u00a0 \u00a0 \u00a0 \u00a0 \u00a0 \u00a0 \u00a0 \u00a0 \u00a0 \u00a0 \u00a0 \u00a0 \u00a0 \u00a0 \u00a0 \u00a0 \u00a0 \u00a0 \u00a0 \u00a0 \u00a0 \u00a0 \u00a0 \u00a0 \u00a0 \u00a0 \u00a0 \u00a0 \u00a0 \u00a0 \u00a0 \u00a0 \u00a0 \u00a0 \u00a0 \u00a0 \u00a0 \u00a0 \u00a0 \u00a0 \u00a0 \u00a0 \u00a0 \u00a0 \u00a0 \u00a0 \u00a0 \u00a0 \u00a0 \u00a0 \u00a0 \u00a0 \u00a0 \u00a0 \u00a0 \u00a0 \u00a0 \u00a0 \u00a0 \u00a0 \u00a0 \u00a0 \u00a0 \u00a0 \u00a0 \u00a0 \u00a0 \u00a0 \u00a0 \u00a0 \u00a0 \u00a0 \u00a0 \u00a0 \u00a0 \u00a0 \u00a0 \u00a0 \u00a0 \u00a0 \u00a0 \u00a0 \u00a0 \u00a0 \u00a0 \u00a0 \u00a0 \u00a0 \u00a0 \u00a0 \u00a0 \u00a0 \u00a0 \u00a0 \u00a0\u00a0<\/p>\n\n\n\n<figure class=\"wp-block-image size-full\"><img loading=\"lazy\" decoding=\"async\" width=\"446\" height=\"445\" src=\"https:\/\/diariodominicano.com\/wp-content\/uploads\/2025\/09\/Parrafo-6.-Algo-huele-mal-en-Dinamarca-o-FP-NY.jpg\" alt=\"\" class=\"wp-image-640750\" srcset=\"https:\/\/diariodominicano.com\/wp-content\/uploads\/2025\/09\/Parrafo-6.-Algo-huele-mal-en-Dinamarca-o-FP-NY.jpg 446w, https:\/\/diariodominicano.com\/wp-content\/uploads\/2025\/09\/Parrafo-6.-Algo-huele-mal-en-Dinamarca-o-FP-NY-300x300.jpg 300w, https:\/\/diariodominicano.com\/wp-content\/uploads\/2025\/09\/Parrafo-6.-Algo-huele-mal-en-Dinamarca-o-FP-NY-150x150.jpg 150w, https:\/\/diariodominicano.com\/wp-content\/uploads\/2025\/09\/Parrafo-6.-Algo-huele-mal-en-Dinamarca-o-FP-NY-88x88.jpg 88w\" sizes=\"auto, (max-width: 446px) 100vw, 446px\" \/><\/figure>\n\n\n\n<p><strong>\u25baAlgo huele mal en Dinamarca y\/o FP-NY:\u00a0<\/strong><\/p>\n\n\n\n<p>Me hicieron llegar un video de la FP-NY.<strong>\u00a0Veamos:\u00a0<\/strong>V\u00edctor Acosta, miembro de la Direcci\u00f3n Central (DC) y presidente de la seccional de la FP en Long Island-NY, proclama verdades a la vista, diiicen, sobre sus compa\u00f1eros Alfredo Rodr\u00edguez, presidente de la entidad en la circunscripci\u00f3n 1-USA; Carlos Feliz, presidente en el estado de NY; Ram\u00f3n Santana, presidente en El Bronx; y Gregorio Morrobel, presidente en Manhattan. \u00a1Uff! Ellos deciden qui\u00e9n pasa o no a ser miembro de la DC. \u00a1Huumm! Hicieron un acuerdo como los cuatro conflictivos y problem\u00e1ticos de la FP en NY. La seccional de Long Island tiene muchos planes para trabajar con la juventud, las mujeres y empresarios, pero: \u00bfC\u00f3mo no explico a los nuevos j\u00f3venes que los conflictos se premian en este partido, la codicia y el inter\u00e9s particular est\u00e1n por encima de la permanencia en el tiempo de la entidad?, diiice Acosta. Quiero que sepan \u00a1Ay!, plantea Acosta, que ninguno de ellos (Rodr\u00edguez, Feliz, Santana ni Morrobel) lo representa pol\u00edticamente; solo el doctor Leonel Fern\u00e1ndez. Sostiene que al doctor Fern\u00e1ndez, activo nacional, tambi\u00e9n hay que protegerlo, \u201cya que tenemos un gobierno indolente e inservible y un pueblo que pide por cada rinc\u00f3n que regrese Leonel, y no deben da\u00f1ar su triunfo\u201d.\u00a0<strong>Ver video =\u00a0<\/strong><a href=\"https:\/\/www.youtube.com\/watch?v=UO5uuzYZFUI\" target=\"_blank\" rel=\"noreferrer noopener\">https:\/\/www.youtube.com\/watch?v=UO5uuzYZFUI<\/a>\u00a0<\/p>\n\n\n\n<figure class=\"wp-block-image size-full\"><img loading=\"lazy\" decoding=\"async\" width=\"542\" height=\"427\" src=\"https:\/\/diariodominicano.com\/wp-content\/uploads\/2025\/09\/Parrafo-7.-Yulin-hace-encuentro-PRM-NY.jpg\" alt=\"\" class=\"wp-image-640752\" srcset=\"https:\/\/diariodominicano.com\/wp-content\/uploads\/2025\/09\/Parrafo-7.-Yulin-hace-encuentro-PRM-NY.jpg 542w, https:\/\/diariodominicano.com\/wp-content\/uploads\/2025\/09\/Parrafo-7.-Yulin-hace-encuentro-PRM-NY-300x236.jpg 300w\" sizes=\"auto, (max-width: 542px) 100vw, 542px\" \/><\/figure>\n\n\n\n<p><strong>\u25baYul\u00edn hace encuentro PRM-NY:<\/strong>\u00a0<\/p>\n\n\n\n<p>El presidente del PRM-NY y vicec\u00f3nsul, Yul\u00edn Mateo, hizo un desayuno la ma\u00f1ana de este domingo en el restaurant 809 en el Alto Manhattan (US$3,085.00 total) Asistieron decenas de compa\u00f1eros, varios seguidores del diputado Cirilo Moronta y de Alejandro -Tont\u00f3n- Rodr\u00edguez, nos inform\u00f3 una fuente perreme\u00edsta. Entre otras cosas Yul\u00edn dijo: \u00abNo estoy lanzando mi candidatura a la reelecci\u00f3n, porque estamos fuera del per\u00edodo establecido por los estatutos del partido. Luego de la fecha permitida har\u00e9 mi anuncio y lanzamiento. Esta actividad es entre amigos, para un conversatorio\u201d, expres\u00f3. Tambi\u00e9n dijo que no favorece acuerdos para seleccionar una directiva sino la elecci\u00f3n por votos directos por los miembros del partido. Diiicen que todo es un ABM\u00a0<strong>=<\/strong>\u00a0Allante, Bulto y Movimiento para que recuerden que \u00e9l sigue esperando su consulado. John S\u00e1nchez, secretario general de la seccional, escribi\u00f3 en el chat del partido: \u00abDe verdad que nosotros no aprendemos de los errores del pasado\u00bb. En las elecciones pasadas hubo un grupo de compa\u00f1eros que montaron una ofensiva de represi\u00f3n, chantajes, amenazas de cancelaciones y acoso, para que los compa\u00f1eros apoyen a un determinado candidato a diputado; eso lleg\u00f3 tan lejos que pusieron en peligro los trabajos para reelegir al presidente. Sin embargo, en esta ocasi\u00f3n no vamos a permitir esas pr\u00e1cticas represivas y dictatoriales que nuevamente quieren implementar esos compa\u00f1eros. \u00a1Ay! Reivindiquemos nuestros errores para que la historia no nos pase sin pena y sin gloria. \u00abLe hago un llamado a la militancia de la seccional que no se dejen chantajear, y que el \u00fanico que quita y pone es el presidente Abinader, y \u00e9l no va a mandar a cancelar\u00bb. \u00a1Uff! Un flechazo del cacique Guacanagarix. \u00a1Bueeeno!<\/p>\n\n\n\n<p><strong>\u25baAmarante Baret en NY:<\/strong>\u00a0<\/p>\n\n\n\n<p>Llega la informaci\u00f3n a\u00a0<strong>Ent\u00e9rate NY<\/strong>\u00a0de que el aguerrido dirigente pol\u00edtico mocano, presidente del movimiento \u00abAVANCEMOS\u00bb, Carlos Amarante Baret, estar\u00e1 en horas de la tarde este s\u00e1bado 4 de octubre en el 3950 de la D\u00e9cima avenida en el Alto Manhattan. Viene a juramentar los nuevos miembros de su movimiento. Baret y Leonel se juntaron en agosto pasado, acordando: Recorrer barrios y campos del pa\u00eds, porque el objetivo es vincularse a los sectores populares de la RD; y \u00abAVANCEMOS\u00bb nace con un prop\u00f3sito, una causa enraizada en un proceso hist\u00f3rico que nos antecede y, apoy\u00e1ndose en \u00e9l, darle un espacio de progreso y avance a la mayor\u00eda del pueblo dominicano, ha planteado Baret. \u00a1Bueeeno!<\/p>\n\n\n\n<p>\u25baEmbajada EUA-RD:\u00a0<\/p>\n\n\n\n<p><strong>Se reitera:<\/strong>\u00a0Si viaja fuera de EUA, deber\u00eda inscribirse en nuestro Programa de Inscripci\u00f3n de Viajeros Inteligentes (STEP)\u00a0<strong>=<\/strong>\u00a0<a href=\"https:\/\/travel.state.gov\/en\/international-travel\/travel-advisories\/smart-traveler-enrollment-program.html\" target=\"_blank\" rel=\"noreferrer noopener\">https:\/\/travel.state.gov\/en\/international-travel\/travel-advisories\/smart-traveler-enrollment-program.html<\/a>\u00a0Inscripci\u00f3n\u00a0<strong>=<\/strong>\u00a0\u00a0<a href=\"https:\/\/mytravel.state.gov\/s\/step\" target=\"_blank\" rel=\"noreferrer noopener\">https:\/\/mytravel.state.gov\/s\/step<\/a>\u00a0Es un servicio gratuito que le env\u00eda actualizaciones y alertas por correo electr\u00f3nico de las embajadas y consulados estadounidenses en el extranjero.<\/p>\n\n\n\n<figure class=\"wp-block-image size-full\"><img loading=\"lazy\" decoding=\"async\" width=\"429\" height=\"514\" src=\"https:\/\/diariodominicano.com\/wp-content\/uploads\/2025\/09\/Parrafo-10.-Un-valor-dominicanooo-1.bmp\" alt=\"\" class=\"wp-image-640755\" srcset=\"https:\/\/diariodominicano.com\/wp-content\/uploads\/2025\/09\/Parrafo-10.-Un-valor-dominicanooo-1.bmp 429w, https:\/\/diariodominicano.com\/wp-content\/uploads\/2025\/09\/Parrafo-10.-Un-valor-dominicanooo-1-250x300.jpg 250w\" sizes=\"auto, (max-width: 429px) 100vw, 429px\" \/><\/figure>\n\n\n\n<p><strong>\u25baUn valor dominicano en NY:<\/strong>\u00a0<\/p>\n\n\n\n<p>Deivy LaSalle, un migrante dominicano con d\u00e9cadas en NYC. Es repartidor en una sucursal de UPS, una de las compa\u00f1\u00edas de log\u00edstica m\u00e1s grandes del mundo. LaSalle trabaja en el barrio de Greenpoint, en Brooklyn, de mayor\u00eda polaca. Sector tranquilo y le permite a LaSalle interactuar con familias del barrio neoyorkino, dici\u00e9ndole que es dominicano, y a los j\u00f3venes aconseja que contin\u00faen sus estudios para que puedan tener un futuro seguro junto a su familia, forma de enaltecer la bandera tricolor. El quisqueyano labora entre 10 y 11 horas al d\u00eda. Si usted lo ve caminar por ah\u00ed, como lo hace de costumbre, d\u00edgale: \u00abDeivy, usted es un valor dominicano en NY\u00bb<\/p>\n\n\n\n<p><strong>\u25ba<\/strong><strong>Cultura General:<\/strong>\u00a0<\/p>\n\n\n\n<p>La poligamia es el tipo de relaci\u00f3n entre una persona casada con varias personas. La poliandria cuando la mujer se casa con varios hombres. Pa\u00edses con mayores poligamias = \u00c1frica. Mal\u00ed. Gambia. Nigeria. Afganist\u00e1n. Pakist\u00e1n. Arabia Saudita. En parte de la India. En EUA y M\u00e9xico; grupos mormones fundamentalistas la practican. En Am\u00e9rica del Sur: Algunas comunidades ind\u00edgenas tienen tradiciones pol\u00edgamas. La poliandria en Nepal, el T\u00edbet, partes de India, pueblos Inuit en Canad\u00e1 y Alaska. Factores que contribuyen a su pr\u00e1ctica: Condiciones econ\u00f3micas: La poliandria a menudo surge en sociedades donde la propiedad no se puede dividir, por lo que tener una esposa en com\u00fan con los hermanos evita que las familias pierdan tierras.<\/p>\n\n\n\n<p>\u25baSalud:<\/p>\n\n\n\n<p>\u00a0En cada rinc\u00f3n de la RD, la sabidur\u00eda popular ha tejido un entramado de conocimientos sobre el uso de hierbas, ra\u00edces y frutos para aliviar dolencias y fortalecer el cuerpo. Estos remedios caseros siguen siendo un pilar fundamental en la cultura dominicana, tanto en zonas rurales como urbanas.\u00a0<strong>1.<\/strong>\u00a0Anam\u00fa guardi\u00e1n del sistema inmunol\u00f3gico\u00a0<strong>2.<\/strong>\u00a0Ruda alivio para el cuerpo y el esp\u00edritu.\u00a0<strong>3.<\/strong>\u00a0S\u00e1bila aliado de la piel y digesti\u00f3n.\u00a0<strong>4.<\/strong>\u00a0Jengibre un toque picante para la salud.\u00a0<strong>5.<\/strong>\u00a0Menta o yerbabuena frescura para el sistema digestivo.\u00a0<strong>6.<\/strong>\u00a0Or\u00e9gano poleo aliado contra la tos.\u00a0<strong>7.<\/strong>\u00a0Apazote remedio ancestral contra par\u00e1sitos.\u00a0<strong>8.<\/strong>\u00a0Flor de amapola un tesoro para el coraz\u00f3n.\u00a0<strong>9.<\/strong>\u00a0Canela con miel para fortalecer las defensas.\u00a0<strong>10.<\/strong>\u00a0Cebolla con az\u00facar morena para la tos. Aunque en algunos casos alivian malestar o mejoran algunos s\u00edntomas no sustituyen la atenci\u00f3n m\u00e9dica profesional.\u00a0<strong>Detalles:<\/strong>\u00a0<a href=\"https:\/\/eldia.com.do\/remedios-caseros-dominicanos-un-legado-ancestral-para-la-salud\/\" target=\"_blank\" rel=\"noreferrer noopener\">https:\/\/eldia.com.do\/remedios-caseros-dominicanos-un-legado-ancestral-para-la-salud\/<\/a>\u00a0<\/p>\n\n\n\n<p>\u25baServicio comunitario:&nbsp;La Direcci\u00f3n General de Informaci\u00f3n y Defensa de los Afiliados a la Seguridad Social (DIDA) identific\u00f3 m\u00e1s de 100 millones de pesos pertenecientes a 10,853 familiares de fallecidos, cuyos fondos se encuentran en Administradoras de Fondos de Pensiones (AFP). Para saber sobre los familiares fallecidos del 2003 al 2025 llamar gratis al 809-472-1900 (24\/7). Visitar: o en l\u00ednea&nbsp;<a href=\"http:\/\/www.dida.gob.do\/\" rel=\"noreferrer noopener\" target=\"_blank\">www.dida.gob.do<\/a>,&nbsp;<a href=\"mailto:info@dida.gob.do\" rel=\"noreferrer noopener\" target=\"_blank\">info@dida.gob.do<\/a>,&nbsp;<a href=\"mailto:ssl@dida.gob.do\" rel=\"noreferrer noopener\" target=\"_blank\">ssl@dida.gob.do<\/a>&nbsp;y redes sociales @Didardo.<\/p>\n\n\n\n<p><strong>\u25baSobre el espa\u00f1ol:<\/strong><\/p>\n\n\n\n<p>\u00a0\u00abSafrisco\u00bb\u00a0<strong>=<\/strong>\u00a0T\u00e9rmino coloquial venezolano que se refiere a una persona entremetida, imprudente o atrevida, que se inmiscuye en asuntos ajenos o se mete donde no la llaman.<\/p>\n\n\n\n<p><strong>\u25baFrase:<\/strong><\/p>\n\n\n\n<p>\u00a0\u00abEl que mucho abarca, poco aprieta\u00bb\u00a0<strong>=<\/strong>\u00a0Significa que quien intenta hacer muchas cosas a la vez o se involucra en demasiadas tareas o asuntos, no podr\u00e1 llevar ninguna de ellas a cabo de forma eficiente o exitosa.<\/p>\n\n\n\n<p><strong>\u25baD\u00f3lar y Euro hasta este domingo 28<\/strong>: <\/p>\n\n\n\n<p>Compra del d\u00f3lar 61.33 y venta 62.81; Compra euro 71.52 y venta 75.50<\/p>\n\n\n\n<p><strong>\u25baCombustibles:<\/strong>\u00a0<\/p>\n\n\n\n<p>Del 27 de septiembre al 3 de octubre: Gasolina Premium a $290.10. Regular a $272.50. Gasoil Optimo $242.10. Regular a $224.80. Gas Licuado a $137.20. Gas Natural $43.97<\/p>\n\n\n\n<p><strong>\u25baPara comunicarse con nosotros:<\/strong>&nbsp;Escribir a&nbsp;<a href=\"mailto:santodomingoaldia@yahoo.com\" rel=\"noreferrer noopener\" target=\"_blank\">santodomingoaldia@yahoo.com<\/a>&nbsp;&nbsp;<\/p>\n","protected":false},"excerpt":{"rendered":"<p>PERIODISMO INFORMATIVO Y CR\u00cdTICO AL SERVICIO DE LA COMUNIDAD Por Ram\u00f3n Mercedes \u25baDeclin\u00f3 Eric Adams:\u00a0 Lamentaciones en diferentes lugares p\u00fablicos del Alto Manhattan, lugar de mayor concentraci\u00f3n de dominicanos en todo el exterior, por la declinaci\u00f3n del alcalde Eric Adams en sus aspiraciones a reelegirse a la Alcald\u00eda, porque fue un alcalde por y para [&hellip;]<\/p>\n","protected":false},"author":2,"featured_media":640744,"comment_status":"closed","ping_status":"closed","sticky":false,"template":"","format":"standard","meta":{"footnotes":""},"categories":[20,16,22],"tags":[],"class_list":["post-640743","post","type-post","status-publish","format-standard","has-post-thumbnail","hentry","category-dominicana-hoy","category-opiniones","category-politica"],"_links":{"self":[{"href":"https:\/\/diariodominicano.com\/index.php?rest_route=\/wp\/v2\/posts\/640743","targetHints":{"allow":["GET"]}}],"collection":[{"href":"https:\/\/diariodominicano.com\/index.php?rest_route=\/wp\/v2\/posts"}],"about":[{"href":"https:\/\/diariodominicano.com\/index.php?rest_route=\/wp\/v2\/types\/post"}],"author":[{"embeddable":true,"href":"https:\/\/diariodominicano.com\/index.php?rest_route=\/wp\/v2\/users\/2"}],"replies":[{"embeddable":true,"href":"https:\/\/diariodominicano.com\/index.php?rest_route=%2Fwp%2Fv2%2Fcomments&post=640743"}],"version-history":[{"count":6,"href":"https:\/\/diariodominicano.com\/index.php?rest_route=\/wp\/v2\/posts\/640743\/revisions"}],"predecessor-version":[{"id":640756,"href":"https:\/\/diariodominicano.com\/index.php?rest_route=\/wp\/v2\/posts\/640743\/revisions\/640756"}],"wp:featuredmedia":[{"embeddable":true,"href":"https:\/\/diariodominicano.com\/index.php?rest_route=\/wp\/v2\/media\/640744"}],"wp:attachment":[{"href":"https:\/\/diariodominicano.com\/index.php?rest_route=%2Fwp%2Fv2%2Fmedia&parent=640743"}],"wp:term":[{"taxonomy":"category","embeddable":true,"href":"https:\/\/diariodominicano.com\/index.php?rest_route=%2Fwp%2Fv2%2Fcategories&post=640743"},{"taxonomy":"post_tag","embeddable":true,"href":"https:\/\/diariodominicano.com\/index.php?rest_route=%2Fwp%2Fv2%2Ftags&post=640743"}],"curies":[{"name":"wp","href":"https:\/\/api.w.org\/{rel}","templated":true}]}}