{"id":640727,"date":"2025-09-29T10:49:52","date_gmt":"2025-09-29T14:49:52","guid":{"rendered":"https:\/\/diariodominicano.com\/?p=640727"},"modified":"2025-09-29T10:49:55","modified_gmt":"2025-09-29T14:49:55","slug":"fedotenis-celebrara-copas-mangulina-y-mangu-j60","status":"publish","type":"post","link":"https:\/\/diariodominicano.com\/?p=640727","title":{"rendered":"Fedotenis\u00a0celebrar\u00e1\u00a0copas Mangulina\u00a0y\u00a0Mang\u00fa J60\u00a0"},"content":{"rendered":"\n<p>Los tenistas dominicanos \u00c1lvaro P\u00e9rez e Isaac Guerrero tomar\u00e1n parte de los eventos internacionales a celebrarse desde este lunes.<\/p>\n\n\n\n<p>&nbsp;Ambos eventos internacionales tendr\u00e1n jugadores de&nbsp;19&nbsp;pa\u00edses.<\/p>\n\n\n\n<p>SANTO DOMINGO.- La Federaci\u00f3n Dominicana de Tenis (Fedotenis), celebrar\u00e1 en el Centro Nacional de Tenis del Parque del Este los torneos&nbsp;Copa&nbsp;Mangulina&nbsp;y&nbsp;Copa&nbsp;Mang\u00fa J60 Santo Domingo, del circuito ITF Junior, que re\u00fane a los mejores tenistas menores de 18 a\u00f1os del mundo.<\/p>\n\n\n\n<p>La&nbsp;Copa&nbsp;Mangulina&nbsp;J60, que este a\u00f1o se celebrar\u00e1 la 10ma versi\u00f3n, se jugar\u00e1 del 29 de septiembre y hasta el 04 de octubre del presente a\u00f1o.<\/p>\n\n\n\n<p>Mientras que la&nbsp;Copa&nbsp;Mang\u00fa J60, ser\u00e1 la edici\u00f3n 17, tiene fecha del&nbsp;06&nbsp;y hasta el 11&nbsp;de octubre.<\/p>\n\n\n\n<p>Los torneos se jugar\u00e1n en las canchas de tenis del Parque del Este en dobles y sencillos en ambas ramas. &nbsp;&nbsp;<\/p>\n\n\n\n<p>A los dos eventos vendr\u00e1n&nbsp;90&nbsp;jugadores de&nbsp;19&nbsp;pa\u00edses de todo el mundo.<\/p>\n\n\n\n<p>Participar\u00e1n&nbsp;los dominicanos \u00c1lvaro P\u00e9rez, Isaac Guerrero, Miguel Baquero.&nbsp;Mientras que en la rama femenina se dar\u00e1n cita las criollas Julianny De La Cruz, Daniela Castillo, Yelena S\u00e1nchez, entre otros.<\/p>\n\n\n\n<p>Los torneos estar\u00e1n bajo la supervisi\u00f3n de&nbsp;Wilson Joya, de&nbsp;por parte de la ITF, asistido por Yamil&nbsp;Jim\u00e9nez. Sergio Tobal, vicepresidente de Fedotenis, estar\u00e1 al frente de la direcci\u00f3n general. &nbsp;<\/p>\n\n\n\n<p>Los partidos de ambas copas se jugar\u00e1n desde las 9 de la ma\u00f1ana totalmente gratis en el Centro Nacional de Tenis del Parque del Este.<\/p>\n\n\n\n<p>El evento otorga 60 puntos para los campeones en sencillos, 36 para los finalistas y 45 para los triunfadores de los dobles.<\/p>\n\n\n\n<p>Los eventos organizados por&nbsp;Fedotenis&nbsp;son gracias al Ministerio de Turismo, Banco de Reservas, Junta de Aviaci\u00f3n Civil (JAC),&nbsp;Banco Central,&nbsp;Ekatex, Creso, El Nuevo Diario y Wilson.<\/p>\n\n\n\n<p>Federacion Dominicana de Tenis Fedotenis<\/p>\n\n\n\n<p><a target=\"_blank\" href=\"mailto:prensafedotenis@gmail.com\" rel=\"noreferrer noopener\">prensafedotenis@gmail.com<\/a><\/p>\n\n\n\n<p>&nbsp;PRENSA FEDOTENIS&nbsp;<\/p>\n","protected":false},"excerpt":{"rendered":"<p>Los tenistas dominicanos \u00c1lvaro P\u00e9rez e Isaac Guerrero tomar\u00e1n parte de los eventos internacionales a celebrarse desde este lunes. &nbsp;Ambos eventos internacionales tendr\u00e1n jugadores de&nbsp;19&nbsp;pa\u00edses. SANTO DOMINGO.- La Federaci\u00f3n Dominicana de Tenis (Fedotenis), celebrar\u00e1 en el Centro Nacional de Tenis del Parque del Este los torneos&nbsp;Copa&nbsp;Mangulina&nbsp;y&nbsp;Copa&nbsp;Mang\u00fa J60 Santo Domingo, del circuito ITF Junior, que re\u00fane [&hellip;]<\/p>\n","protected":false},"author":2,"featured_media":640728,"comment_status":"closed","ping_status":"closed","sticky":false,"template":"","format":"standard","meta":{"footnotes":""},"categories":[17],"tags":[],"class_list":["post-640727","post","type-post","status-publish","format-standard","has-post-thumbnail","hentry","category-deportes"],"_links":{"self":[{"href":"https:\/\/diariodominicano.com\/index.php?rest_route=\/wp\/v2\/posts\/640727","targetHints":{"allow":["GET"]}}],"collection":[{"href":"https:\/\/diariodominicano.com\/index.php?rest_route=\/wp\/v2\/posts"}],"about":[{"href":"https:\/\/diariodominicano.com\/index.php?rest_route=\/wp\/v2\/types\/post"}],"author":[{"embeddable":true,"href":"https:\/\/diariodominicano.com\/index.php?rest_route=\/wp\/v2\/users\/2"}],"replies":[{"embeddable":true,"href":"https:\/\/diariodominicano.com\/index.php?rest_route=%2Fwp%2Fv2%2Fcomments&post=640727"}],"version-history":[{"count":1,"href":"https:\/\/diariodominicano.com\/index.php?rest_route=\/wp\/v2\/posts\/640727\/revisions"}],"predecessor-version":[{"id":640729,"href":"https:\/\/diariodominicano.com\/index.php?rest_route=\/wp\/v2\/posts\/640727\/revisions\/640729"}],"wp:featuredmedia":[{"embeddable":true,"href":"https:\/\/diariodominicano.com\/index.php?rest_route=\/wp\/v2\/media\/640728"}],"wp:attachment":[{"href":"https:\/\/diariodominicano.com\/index.php?rest_route=%2Fwp%2Fv2%2Fmedia&parent=640727"}],"wp:term":[{"taxonomy":"category","embeddable":true,"href":"https:\/\/diariodominicano.com\/index.php?rest_route=%2Fwp%2Fv2%2Fcategories&post=640727"},{"taxonomy":"post_tag","embeddable":true,"href":"https:\/\/diariodominicano.com\/index.php?rest_route=%2Fwp%2Fv2%2Ftags&post=640727"}],"curies":[{"name":"wp","href":"https:\/\/api.w.org\/{rel}","templated":true}]}}