{"id":640720,"date":"2025-09-29T10:43:14","date_gmt":"2025-09-29T14:43:14","guid":{"rendered":"https:\/\/diariodominicano.com\/?p=640720"},"modified":"2025-09-29T10:43:16","modified_gmt":"2025-09-29T14:43:16","slug":"hipolito-y-el-sueno-de-dona-rosa-carolina-presidenta","status":"publish","type":"post","link":"https:\/\/diariodominicano.com\/?p=640720","title":{"rendered":"Hip\u00f3lito y el sue\u00f1o de Do\u00f1a Rosa: \u00a1Carolina presidenta!"},"content":{"rendered":"\n<p><strong><br><\/strong><strong>Por: Roberto Valenzuela<\/strong><\/p>\n\n\n\n<p>Hace unos d\u00edas me top\u00e9 con el expresidente&nbsp;Hip\u00f3lito Mej\u00eda. Sin&nbsp;querer, le abr\u00ed la puerta a la nostalgia: la que le provoca el recuerdo de Do\u00f1a Rosa, su compa\u00f1era de casi 60 a\u00f1os. La conversaci\u00f3n comenz\u00f3 ligera, de esas tan amenas que caracterizan a Hip\u00f3lito, hasta que le pregunt\u00e9 por la casa de sus padres, donde \u00e9l naci\u00f3 en Gurabo.<\/p>\n\n\n\n<p>Le record\u00e9 que, cuando era presidente, un grupo de periodistas lo acompa\u00f1amos a visitar esa casa. Nunca olvidar\u00e9 la expresi\u00f3n de su rostro: los ojos a punto de llorar, abrumado por los recuerdos, aunque entonces llevara sobre sus hombros la primera magistratura de la Naci\u00f3n. La vivienda segu\u00eda igual: una humilde casa campesina, propia de una familia rural de la era Trujillo.<\/p>\n\n\n\n<p>Entre an\u00e9cdotas, bromeaba con que, cuando llov\u00eda, las goteras ca\u00edan sobre su cama y en las ma\u00f1anas se quedaban acurrucados para enga\u00f1ar el fr\u00edo. Pero ya no ha querido volver. Me confes\u00f3 que, desde la muerte de Do\u00f1a Rosa, no tiene fuerzas. Prefiri\u00f3 dejar la casa en manos de uno de sus hijos, para que la cuide y la conserve.<\/p>\n\n\n\n<p>Entend\u00ed entonces que esa casa ya no es solo un recuerdo de infancia, sino un santuario \u00edntimo de su historia con ella. Y regresar ser\u00eda demasiado doloroso.<br>\u2014No volver \u2014me dijo\u2014 es su manera de esquivar el vac\u00edo. All\u00ed todo le habla de ella.<\/p>\n\n\n\n<p>Ambos proven\u00edan de familias cercanas \u2014eran primos segundos\u2014 y crecieron en el mismo vecindario. Se enamoraron siendo adolescentes, a los 14 a\u00f1os, y nunca se separaron hasta la partida de ella, a los 82. Era un a\u00f1o mayor que \u00e9l.<\/p>\n\n\n\n<p>\u2014\u00abEsa mujer nunca molest\u00f3 a nadie, nunca \u00abembrom\u00f3\u00bb con nada. Ese tipo de personas ya no nacen, ya no vienen\u00bb \u2014dijo con la voz quebrada. Tiene raz\u00f3n: todos coinciden en que Do\u00f1a Rosa fue honesta, comedida y discreta. Siendo esposa de un presidente, nunca ostent\u00f3 poder ni busc\u00f3 influencias.<\/p>\n\n\n\n<p>Al final, cuando la tristeza se fue diluyendo, Mej\u00eda nos sorprendi\u00f3 con una frase breve, cargada de intenci\u00f3n. Mir\u00e1ndonos, coment\u00f3:<br>\u2014\u00abRecuerden este nombre: \u00a1Carolina!\u00bb<\/p>\n\n\n\n<p>Era su forma de reafirmar que su mayor empe\u00f1o pol\u00edtico ahora es la candidatura de su hija. Y me qued\u00e9 pensando si su carisma natural podr\u00eda traspasarse a Carolina y el pa\u00eds ser\u00e1 testigo de la primera mujer presidenta de la Rep\u00fablica Dominicana. As\u00ed se cumple el sue\u00f1o de Do\u00f1a Rosa e Hip\u00f3lito.&nbsp;<\/p>\n","protected":false},"excerpt":{"rendered":"<p>Por: Roberto Valenzuela Hace unos d\u00edas me top\u00e9 con el expresidente&nbsp;Hip\u00f3lito Mej\u00eda. Sin&nbsp;querer, le abr\u00ed la puerta a la nostalgia: la que le provoca el recuerdo de Do\u00f1a Rosa, su compa\u00f1era de casi 60 a\u00f1os. La conversaci\u00f3n comenz\u00f3 ligera, de esas tan amenas que caracterizan a Hip\u00f3lito, hasta que le pregunt\u00e9 por la casa de [&hellip;]<\/p>\n","protected":false},"author":2,"featured_media":288454,"comment_status":"closed","ping_status":"closed","sticky":false,"template":"","format":"standard","meta":{"footnotes":""},"categories":[19,16],"tags":[],"class_list":["post-640720","post","type-post","status-publish","format-standard","has-post-thumbnail","hentry","category-mi-voz","category-opiniones"],"_links":{"self":[{"href":"https:\/\/diariodominicano.com\/index.php?rest_route=\/wp\/v2\/posts\/640720","targetHints":{"allow":["GET"]}}],"collection":[{"href":"https:\/\/diariodominicano.com\/index.php?rest_route=\/wp\/v2\/posts"}],"about":[{"href":"https:\/\/diariodominicano.com\/index.php?rest_route=\/wp\/v2\/types\/post"}],"author":[{"embeddable":true,"href":"https:\/\/diariodominicano.com\/index.php?rest_route=\/wp\/v2\/users\/2"}],"replies":[{"embeddable":true,"href":"https:\/\/diariodominicano.com\/index.php?rest_route=%2Fwp%2Fv2%2Fcomments&post=640720"}],"version-history":[{"count":1,"href":"https:\/\/diariodominicano.com\/index.php?rest_route=\/wp\/v2\/posts\/640720\/revisions"}],"predecessor-version":[{"id":640721,"href":"https:\/\/diariodominicano.com\/index.php?rest_route=\/wp\/v2\/posts\/640720\/revisions\/640721"}],"wp:featuredmedia":[{"embeddable":true,"href":"https:\/\/diariodominicano.com\/index.php?rest_route=\/wp\/v2\/media\/288454"}],"wp:attachment":[{"href":"https:\/\/diariodominicano.com\/index.php?rest_route=%2Fwp%2Fv2%2Fmedia&parent=640720"}],"wp:term":[{"taxonomy":"category","embeddable":true,"href":"https:\/\/diariodominicano.com\/index.php?rest_route=%2Fwp%2Fv2%2Fcategories&post=640720"},{"taxonomy":"post_tag","embeddable":true,"href":"https:\/\/diariodominicano.com\/index.php?rest_route=%2Fwp%2Fv2%2Ftags&post=640720"}],"curies":[{"name":"wp","href":"https:\/\/api.w.org\/{rel}","templated":true}]}}