{"id":640665,"date":"2025-09-29T02:03:40","date_gmt":"2025-09-29T06:03:40","guid":{"rendered":"https:\/\/diariodominicano.com\/?p=640665"},"modified":"2025-09-29T02:08:12","modified_gmt":"2025-09-29T06:08:12","slug":"la-caasd-informa-acueductos-ya-operan-con-normalidad-en-gsd-tras-ser-afectados-por-intensas-lluvias","status":"publish","type":"post","link":"https:\/\/diariodominicano.com\/?p=640665","title":{"rendered":"La CAASD informa acueductos ya operan con normalidad en GSD tras ser afectados por intensas lluvias"},"content":{"rendered":"\n<p><strong>Santo Domingo, RD.<\/strong>&nbsp;\u2013 La Corporaci\u00f3n del Acueducto y Alcantarillado de Santo Domingo (CAASD) inform\u00f3 que las lluvias registradas recientemente, producto del paso de una activa onda tropical, provocaron un aumento en los niveles de agua de las principales presas que abastecen al Gran Santo Domingo.<\/p>\n\n\n\n<figure class=\"wp-block-image size-large\"><img loading=\"lazy\" decoding=\"async\" width=\"1024\" height=\"684\" src=\"https:\/\/diariodominicano.com\/wp-content\/uploads\/2025\/09\/FOTO1-1024x684.jpg\" alt=\"\" class=\"wp-image-640668\" srcset=\"https:\/\/diariodominicano.com\/wp-content\/uploads\/2025\/09\/FOTO1-1024x684.jpg 1024w, https:\/\/diariodominicano.com\/wp-content\/uploads\/2025\/09\/FOTO1-300x200.jpg 300w, https:\/\/diariodominicano.com\/wp-content\/uploads\/2025\/09\/FOTO1-768x513.jpg 768w, https:\/\/diariodominicano.com\/wp-content\/uploads\/2025\/09\/FOTO1-816x545.jpg 816w, https:\/\/diariodominicano.com\/wp-content\/uploads\/2025\/09\/FOTO1.jpg 1504w\" sizes=\"auto, (max-width: 1024px) 100vw, 1024px\" \/><\/figure>\n\n\n\n<p>La instituci\u00f3n explic\u00f3 que, aunque las precipitaciones han contribuido a mejorar los niveles de agua en algunos embalses, los incrementos no han sido significativos, debido a los efectos acumulados de una prolongada sequ\u00eda que afecta al pa\u00eds.<\/p>\n\n\n\n<p>En cuanto a las presas, La CAASD detall\u00f3 que Valdesia aument\u00f3 su nivel en 1.10 metros, pasando de 143.80 a 144.92 metros sobre el nivel de mar. En tanto que Jig\u00fcey registr\u00f3 un incremento de 4.44 metros, situ\u00e1ndose en 511.54 metros, mientras que ante estaba en 507.10 metros.<\/p>\n\n\n\n<p>Con relaci\u00f3n a los acueductos Isa Mana y Duey, los cuales estaban m\u00e1s afectados ante el paso de la onda tropical, la corporaci\u00f3n indic\u00f3 que est\u00e1n operando en condiciones normales.<\/p>\n\n\n\n<p>En el caso Duey est\u00e1 operando con un nivel de 70 cent\u00edmetros en su obra de toma, aunque sus niveles descendieron r\u00e1pidamente.<\/p>\n\n\n\n<figure class=\"wp-block-image size-large\"><img loading=\"lazy\" decoding=\"async\" width=\"1024\" height=\"684\" src=\"https:\/\/diariodominicano.com\/wp-content\/uploads\/2025\/09\/FOTO2-1024x684.jpg\" alt=\"\" class=\"wp-image-640670\" srcset=\"https:\/\/diariodominicano.com\/wp-content\/uploads\/2025\/09\/FOTO2-1024x684.jpg 1024w, https:\/\/diariodominicano.com\/wp-content\/uploads\/2025\/09\/FOTO2-300x200.jpg 300w, https:\/\/diariodominicano.com\/wp-content\/uploads\/2025\/09\/FOTO2-768x513.jpg 768w, https:\/\/diariodominicano.com\/wp-content\/uploads\/2025\/09\/FOTO2-816x545.jpg 816w, https:\/\/diariodominicano.com\/wp-content\/uploads\/2025\/09\/FOTO2.jpg 1504w\" sizes=\"auto, (max-width: 1024px) 100vw, 1024px\" \/><\/figure>\n\n\n\n<p>&nbsp;\u201cEso se debi\u00f3 la sequ\u00eda prolongada que contin\u00faa afectando al pa\u00eds, la cual ha impedido una recuperaci\u00f3n sostenida de los niveles de agua\u201d, explic\u00f3 la entidad.<\/p>\n\n\n\n<p>Con relaci\u00f3n a sistema La Isabela y Barrera de Salinidad, la instituci\u00f3n precis\u00f3 que est\u00e1n operando en condiciones similares a las que presentaban ante de las precipitaciones.<\/p>\n\n\n\n<p>Sin embargo, se ha registrado incremento en los niveles de turbidez, situaci\u00f3n que monitoreada por lo t\u00e9cnico de la CAASD para garantizar la calidad del agua servida a la poblaci\u00f3n.<\/p>\n\n\n\n<p>En el caso de los campos de pozos de Santo Domingo Norte y Santo Domingo Este, operan en condiciones normales.<\/p>\n\n\n\n<p>En t\u00e9rminos el\u00e9ctricos, que normalmente ante estos eventos suelen generar complicaciones, la CAASD se\u00f1al\u00f3 que las eventualidades fueron m\u00ednimas.<\/p>\n\n\n\n<p><strong>Llamado al cuidado del agua<\/strong><\/p>\n\n\n\n<p>La instituci\u00f3n reiter\u00f3 su llamado a la poblaci\u00f3n para hacer uso consciente del agua, evitando desperdiciarla en labores innecesarias.<\/p>\n\n\n\n<p>Link con video&nbsp;<\/p>\n\n\n\n<p><a href=\"https:\/\/we.tl\/t-HvA0aSxF4n\">https:\/\/we.tl\/t-HvA0aSxF4n<\/a><\/p>\n\n\n\n<p>Prensa CAASD<\/p>\n\n\n\n<p><a target=\"_blank\" href=\"mailto:prensacaasd@gmail.com\" rel=\"noreferrer noopener\">prensacaasd@gmail.com<\/a><\/p>\n\n\n\n<p><strong>Direcci\u00f3n de comunicaciones<\/strong><\/p>\n\n\n\n<p><strong>28 septiembre 2025<\/strong><\/p>\n\n\n\n<p>#CAASD\u2003\u2003\u2003\u2003\u2003 #agua<\/p>\n","protected":false},"excerpt":{"rendered":"<p>Santo Domingo, RD.&nbsp;\u2013 La Corporaci\u00f3n del Acueducto y Alcantarillado de Santo Domingo (CAASD) inform\u00f3 que las lluvias registradas recientemente, producto del paso de una activa onda tropical, provocaron un aumento en los niveles de agua de las principales presas que abastecen al Gran Santo Domingo. La instituci\u00f3n explic\u00f3 que, aunque las precipitaciones han contribuido a [&hellip;]<\/p>\n","protected":false},"author":2,"featured_media":640666,"comment_status":"closed","ping_status":"closed","sticky":false,"template":"","format":"standard","meta":{"footnotes":""},"categories":[20],"tags":[],"class_list":["post-640665","post","type-post","status-publish","format-standard","has-post-thumbnail","hentry","category-dominicana-hoy"],"_links":{"self":[{"href":"https:\/\/diariodominicano.com\/index.php?rest_route=\/wp\/v2\/posts\/640665","targetHints":{"allow":["GET"]}}],"collection":[{"href":"https:\/\/diariodominicano.com\/index.php?rest_route=\/wp\/v2\/posts"}],"about":[{"href":"https:\/\/diariodominicano.com\/index.php?rest_route=\/wp\/v2\/types\/post"}],"author":[{"embeddable":true,"href":"https:\/\/diariodominicano.com\/index.php?rest_route=\/wp\/v2\/users\/2"}],"replies":[{"embeddable":true,"href":"https:\/\/diariodominicano.com\/index.php?rest_route=%2Fwp%2Fv2%2Fcomments&post=640665"}],"version-history":[{"count":4,"href":"https:\/\/diariodominicano.com\/index.php?rest_route=\/wp\/v2\/posts\/640665\/revisions"}],"predecessor-version":[{"id":640673,"href":"https:\/\/diariodominicano.com\/index.php?rest_route=\/wp\/v2\/posts\/640665\/revisions\/640673"}],"wp:featuredmedia":[{"embeddable":true,"href":"https:\/\/diariodominicano.com\/index.php?rest_route=\/wp\/v2\/media\/640666"}],"wp:attachment":[{"href":"https:\/\/diariodominicano.com\/index.php?rest_route=%2Fwp%2Fv2%2Fmedia&parent=640665"}],"wp:term":[{"taxonomy":"category","embeddable":true,"href":"https:\/\/diariodominicano.com\/index.php?rest_route=%2Fwp%2Fv2%2Fcategories&post=640665"},{"taxonomy":"post_tag","embeddable":true,"href":"https:\/\/diariodominicano.com\/index.php?rest_route=%2Fwp%2Fv2%2Ftags&post=640665"}],"curies":[{"name":"wp","href":"https:\/\/api.w.org\/{rel}","templated":true}]}}