{"id":640651,"date":"2025-09-29T01:49:50","date_gmt":"2025-09-29T05:49:50","guid":{"rendered":"https:\/\/diariodominicano.com\/?p=640651"},"modified":"2025-09-29T01:58:57","modified_gmt":"2025-09-29T05:58:57","slug":"ministro-joel-santos-y-director-del-colegio-interamericano-de-defensa-evaluan-cooperacion-estrategica-en-seguridad-energetica-y-minera","status":"publish","type":"post","link":"https:\/\/diariodominicano.com\/?p=640651","title":{"rendered":"Ministro de Energ\u00eda y Minas Joel Santos y el director del Colegio Interamericano de Defensa eval\u00faan cooperaci\u00f3n estrat\u00e9gica en seguridad energ\u00e9tica y minera"},"content":{"rendered":"\n<p>Ministro Joel Santos y\u2002el director del Colegio Interamericano de Defensa Richard Heitkamp,   abordaron temas energ\u00e9ticos y mineros.<\/p>\n\n\n\n<p>Diario Dominicano<\/p>\n\n\n\n<p>El funcionario destac\u00f3 que el Gobierno reafirma su compromiso con la resiliencia energ\u00e9tica y el desarrollo sostenible del sector minero<\/p>\n\n\n\n<p>Santo Domingo, RD. El ministro de Energ\u00eda y Minas (MEM), Joel Santos, sostuvo este viernes un encuentro con el director del Colegio Interamericano de Defensa de los Estados Unidos (IADC), Richard Heitkamp, con el prop\u00f3sito de delinear una estrategia de colaboraci\u00f3n integral en los sectores energ\u00e9tico y minero, \u00e1reas vitales para el desarrollo y la seguridad de la Rep\u00fablica Dominicana.<\/p>\n\n\n\n<figure class=\"wp-block-image size-large\"><img loading=\"lazy\" decoding=\"async\" width=\"768\" height=\"1024\" src=\"https:\/\/diariodominicano.com\/wp-content\/uploads\/2025\/09\/3-768x1024.jpeg\" alt=\"\" class=\"wp-image-640661\" srcset=\"https:\/\/diariodominicano.com\/wp-content\/uploads\/2025\/09\/3-768x1024.jpeg 768w, https:\/\/diariodominicano.com\/wp-content\/uploads\/2025\/09\/3-225x300.jpeg 225w, https:\/\/diariodominicano.com\/wp-content\/uploads\/2025\/09\/3-1152x1536.jpeg 1152w, https:\/\/diariodominicano.com\/wp-content\/uploads\/2025\/09\/3-1536x2048.jpeg 1536w, https:\/\/diariodominicano.com\/wp-content\/uploads\/2025\/09\/3-816x1088.jpeg 816w, https:\/\/diariodominicano.com\/wp-content\/uploads\/2025\/09\/3-scaled.jpeg 1920w\" sizes=\"auto, (max-width: 768px) 100vw, 768px\" \/><\/figure>\n\n\n\n<p>El director del Colegio Interamericano de Defensa Richard Heitkamp<\/p>\n\n\n\n<p>La reuni\u00f3n se enfoc\u00f3 en la exploraci\u00f3n de oportunidades para la cooperaci\u00f3n internacional. Los temas centrales abordados con el director Heitkamp incluyeron el intercambio de informaci\u00f3n estrat\u00e9gica, como potenciales acuerdos para compartir conocimientos y datos relevantes en materia de seguridad energ\u00e9tica, as\u00ed como la evaluaci\u00f3n de las reservas y el potencial del pa\u00eds en minerales cr\u00edticos, esenciales para las tecnolog\u00edas modernas.<\/p>\n\n\n\n<p>Tanto Santos como Heitkamp discutieron, adem\u00e1s, las oportunidades que tiene Rep\u00fablica Dominicana para consolidar una posici\u00f3n de liderazgo en la regi\u00f3n del Caribe y Centroam\u00e9rica, no solo en el \u00e1mbito econ\u00f3mico, sino tambi\u00e9n en el geopol\u00edtico, capitalizando su estabilidad y recursos estrat\u00e9gicos.<\/p>\n\n\n\n<figure class=\"wp-block-image size-large\"><img loading=\"lazy\" decoding=\"async\" width=\"768\" height=\"1024\" src=\"https:\/\/diariodominicano.com\/wp-content\/uploads\/2025\/09\/Joel-Santos-1-768x1024.jpeg\" alt=\"\" class=\"wp-image-640659\" srcset=\"https:\/\/diariodominicano.com\/wp-content\/uploads\/2025\/09\/Joel-Santos-1-768x1024.jpeg 768w, https:\/\/diariodominicano.com\/wp-content\/uploads\/2025\/09\/Joel-Santos-1-225x300.jpeg 225w, https:\/\/diariodominicano.com\/wp-content\/uploads\/2025\/09\/Joel-Santos-1-1152x1536.jpeg 1152w, https:\/\/diariodominicano.com\/wp-content\/uploads\/2025\/09\/Joel-Santos-1-1536x2048.jpeg 1536w, https:\/\/diariodominicano.com\/wp-content\/uploads\/2025\/09\/Joel-Santos-1-816x1088.jpeg 816w, https:\/\/diariodominicano.com\/wp-content\/uploads\/2025\/09\/Joel-Santos-1-scaled.jpeg 1920w\" sizes=\"auto, (max-width: 768px) 100vw, 768px\" \/><\/figure>\n\n\n\n<p>El ministro Santos, quien estuvo acompa\u00f1ado por el capit\u00e1n de nav\u00edo Elvis Abreu, director de Seguridad F\u00edsica del MEM, calific\u00f3 el encuentro como \u201caltamente positivo\u201d, destacando que representa un \u201cacercamiento estrat\u00e9gico crucial\u201d entre ambas naciones, dada la trayectoria y el peso institucional de la delegaci\u00f3n estadounidense.<\/p>\n\n\n\n<p>Por su parte, el capit\u00e1n de nav\u00edo Elvis Abreu subray\u00f3 la relevancia del director Heitkamp, no solo por su s\u00f3lida formaci\u00f3n y liderazgo en el sistema de altos estudios estrat\u00e9gicos de las Fuerzas Armadas de los Estados Unidos, sino tambi\u00e9n por su experiencia al ocupar el cargo de Deputy Chief of Engineers &amp; Deputy Commanding General del U.S. Army Corps of Engineers (USACE).<\/p>\n\n\n\n<p>Abreu resalt\u00f3 que dicha instituci\u00f3n es reconocida como un brazo operativo clave del Ejecutivo norteamericano y, simult\u00e1neamente, como un componente cient\u00edfico fundamental dentro de sus Fuerzas Armadas, lo que garantiza un enfoque dual de seguridad y desarrollo t\u00e9cnico en la cooperaci\u00f3n.<\/p>\n\n\n\n<p>El director Heitkamp, al agradecer el recibimiento, destac\u00f3 que este encuentro subraya el inter\u00e9s mutuo en fortalecer los lazos de colaboraci\u00f3n y seguridad energ\u00e9tica y minera entre la Rep\u00fablica Dominicana y los Estados Unidos. El director del IADC estuvo acompa\u00f1ado por Kathryn Phillips, de la Oficina de Protocolo.<\/p>\n\n\n\n<p>#Joel Santos\u2003\u2003\u2003\u2003\u2003\u2002#Richard Heitkamp<\/p>\n\n\n\n<p>Arantxa Garcia<\/p>\n\n\n\n<p><a target=\"_blank\" href=\"mailto:arantxa.garcia@newlink-group.com\" rel=\"noreferrer noopener\">arantxa.garcia@newlink-group.com<\/a><\/p>\n\n\n\n<p>Direcci\u00f3n de Comunicaciones<\/p>\n\n\n\n<p>28 de septiembre de 2025<\/p>\n\n\n\n<figure class=\"wp-block-table\"><table><tbody><tr><td><\/td><\/tr><tr><td><\/td><\/tr><\/tbody><\/table><\/figure>\n","protected":false},"excerpt":{"rendered":"<p>Ministro Joel Santos y\u2002el director del Colegio Interamericano de Defensa Richard Heitkamp, abordaron temas energ\u00e9ticos y mineros. Diario Dominicano El funcionario destac\u00f3 que el Gobierno reafirma su compromiso con la resiliencia energ\u00e9tica y el desarrollo sostenible del sector minero Santo Domingo, RD. El ministro de Energ\u00eda y Minas (MEM), Joel Santos, sostuvo este viernes un [&hellip;]<\/p>\n","protected":false},"author":2,"featured_media":640657,"comment_status":"closed","ping_status":"closed","sticky":false,"template":"","format":"standard","meta":{"footnotes":""},"categories":[20,18],"tags":[],"class_list":["post-640651","post","type-post","status-publish","format-standard","has-post-thumbnail","hentry","category-dominicana-hoy","category-economia"],"_links":{"self":[{"href":"https:\/\/diariodominicano.com\/index.php?rest_route=\/wp\/v2\/posts\/640651","targetHints":{"allow":["GET"]}}],"collection":[{"href":"https:\/\/diariodominicano.com\/index.php?rest_route=\/wp\/v2\/posts"}],"about":[{"href":"https:\/\/diariodominicano.com\/index.php?rest_route=\/wp\/v2\/types\/post"}],"author":[{"embeddable":true,"href":"https:\/\/diariodominicano.com\/index.php?rest_route=\/wp\/v2\/users\/2"}],"replies":[{"embeddable":true,"href":"https:\/\/diariodominicano.com\/index.php?rest_route=%2Fwp%2Fv2%2Fcomments&post=640651"}],"version-history":[{"count":3,"href":"https:\/\/diariodominicano.com\/index.php?rest_route=\/wp\/v2\/posts\/640651\/revisions"}],"predecessor-version":[{"id":640664,"href":"https:\/\/diariodominicano.com\/index.php?rest_route=\/wp\/v2\/posts\/640651\/revisions\/640664"}],"wp:featuredmedia":[{"embeddable":true,"href":"https:\/\/diariodominicano.com\/index.php?rest_route=\/wp\/v2\/media\/640657"}],"wp:attachment":[{"href":"https:\/\/diariodominicano.com\/index.php?rest_route=%2Fwp%2Fv2%2Fmedia&parent=640651"}],"wp:term":[{"taxonomy":"category","embeddable":true,"href":"https:\/\/diariodominicano.com\/index.php?rest_route=%2Fwp%2Fv2%2Fcategories&post=640651"},{"taxonomy":"post_tag","embeddable":true,"href":"https:\/\/diariodominicano.com\/index.php?rest_route=%2Fwp%2Fv2%2Ftags&post=640651"}],"curies":[{"name":"wp","href":"https:\/\/api.w.org\/{rel}","templated":true}]}}