{"id":640636,"date":"2025-09-29T01:38:34","date_gmt":"2025-09-29T05:38:34","guid":{"rendered":"https:\/\/diariodominicano.com\/?p=640636"},"modified":"2025-09-29T01:45:24","modified_gmt":"2025-09-29T05:45:24","slug":"estados-unidos-y-puerto-rico-ganan-clasico-punta-cana-de-voleibol-norceca-2","status":"publish","type":"post","link":"https:\/\/diariodominicano.com\/?p=640636","title":{"rendered":"Estados Unidos y Puerto Rico ganan Cl\u00e1sico Punta Cana\u00a0de Voleibol Norceca"},"content":{"rendered":"\n<p>Diario Dominicano<\/p>\n\n\n\n<p>PUNTA CANA, RD.-\u00a0Las duplas de Estados Unidos y Puerto Rico se alzaron este domingo con los m\u00e1ximos honores en la conclusi\u00f3n de la novena edici\u00f3n del Cl\u00e1sico de Voleibol de Voleibol de Playa Punta Cana Norceca.<\/p>\n\n\n\n<figure class=\"wp-block-image size-large\"><img loading=\"lazy\" decoding=\"async\" width=\"1024\" height=\"685\" src=\"https:\/\/diariodominicano.com\/wp-content\/uploads\/2025\/09\/Equipos-ganadores-en-clasico-Punta-Cana-1-1024x685.jpg\" alt=\"\" class=\"wp-image-640639\" srcset=\"https:\/\/diariodominicano.com\/wp-content\/uploads\/2025\/09\/Equipos-ganadores-en-clasico-Punta-Cana-1-1024x685.jpg 1024w, https:\/\/diariodominicano.com\/wp-content\/uploads\/2025\/09\/Equipos-ganadores-en-clasico-Punta-Cana-1-300x201.jpg 300w, https:\/\/diariodominicano.com\/wp-content\/uploads\/2025\/09\/Equipos-ganadores-en-clasico-Punta-Cana-1-768x514.jpg 768w, https:\/\/diariodominicano.com\/wp-content\/uploads\/2025\/09\/Equipos-ganadores-en-clasico-Punta-Cana-1-1536x1027.jpg 1536w, https:\/\/diariodominicano.com\/wp-content\/uploads\/2025\/09\/Equipos-ganadores-en-clasico-Punta-Cana-1-816x546.jpg 816w, https:\/\/diariodominicano.com\/wp-content\/uploads\/2025\/09\/Equipos-ganadores-en-clasico-Punta-Cana-1.jpg 1600w\" sizes=\"auto, (max-width: 1024px) 100vw, 1024px\" \/><\/figure>\n\n\n\n<p>Equipos ganadores.<\/p>\n\n\n\n<p>Los norteamericanos James Drost y Troy Field se impusieron en tres sets (21-19, 17-21, 15-10) a los cubanos Dami\u00e1n G\u00f3mez y Eblis Veranes, en el torneo que se celebr\u00f3 en la playa Los Corales de esta ciudad.<\/p>\n\n\n\n<figure class=\"wp-block-image size-large\"><img loading=\"lazy\" decoding=\"async\" width=\"1024\" height=\"685\" src=\"https:\/\/diariodominicano.com\/wp-content\/uploads\/2025\/09\/Las-boricuas-Allanis-Nanas-y-Maria-Gonzalez-1-1024x685.jpg\" alt=\"\" class=\"wp-image-640644\" srcset=\"https:\/\/diariodominicano.com\/wp-content\/uploads\/2025\/09\/Las-boricuas-Allanis-Nanas-y-Maria-Gonzalez-1-1024x685.jpg 1024w, https:\/\/diariodominicano.com\/wp-content\/uploads\/2025\/09\/Las-boricuas-Allanis-Nanas-y-Maria-Gonzalez-1-300x201.jpg 300w, https:\/\/diariodominicano.com\/wp-content\/uploads\/2025\/09\/Las-boricuas-Allanis-Nanas-y-Maria-Gonzalez-1-768x514.jpg 768w, https:\/\/diariodominicano.com\/wp-content\/uploads\/2025\/09\/Las-boricuas-Allanis-Nanas-y-Maria-Gonzalez-1-1536x1027.jpg 1536w, https:\/\/diariodominicano.com\/wp-content\/uploads\/2025\/09\/Las-boricuas-Allanis-Nanas-y-Maria-Gonzalez-1-816x546.jpg 816w, https:\/\/diariodominicano.com\/wp-content\/uploads\/2025\/09\/Las-boricuas-Allanis-Nanas-y-Maria-Gonzalez-1.jpg 1600w\" sizes=\"auto, (max-width: 1024px) 100vw, 1024px\" \/><\/figure>\n\n\n\n<p>Las boricuas Allanis Nanas y Mar\u00eda Gonz\u00e1lez.<\/p>\n\n\n\n<p>El bronce le correspondi\u00f3 a los mexicanos Carlos Ayala y Antonio Lares, quienes doblegaron a los nicarag\u00fcenses Rub\u00e9n Mora y Dany L\u00f3pez con pizarra dos sets por cero (21-16, 21-18).<\/p>\n\n\n\n<figure class=\"wp-block-image size-large\"><img loading=\"lazy\" decoding=\"async\" width=\"1024\" height=\"685\" src=\"https:\/\/diariodominicano.com\/wp-content\/uploads\/2025\/09\/Accion-partido-por-la-medalla-de-oro-entre-Estados-Unidos-y-Cuba-1-1024x685.jpg\" alt=\"\" class=\"wp-image-640642\" srcset=\"https:\/\/diariodominicano.com\/wp-content\/uploads\/2025\/09\/Accion-partido-por-la-medalla-de-oro-entre-Estados-Unidos-y-Cuba-1-1024x685.jpg 1024w, https:\/\/diariodominicano.com\/wp-content\/uploads\/2025\/09\/Accion-partido-por-la-medalla-de-oro-entre-Estados-Unidos-y-Cuba-1-300x201.jpg 300w, https:\/\/diariodominicano.com\/wp-content\/uploads\/2025\/09\/Accion-partido-por-la-medalla-de-oro-entre-Estados-Unidos-y-Cuba-1-768x514.jpg 768w, https:\/\/diariodominicano.com\/wp-content\/uploads\/2025\/09\/Accion-partido-por-la-medalla-de-oro-entre-Estados-Unidos-y-Cuba-1-1536x1027.jpg 1536w, https:\/\/diariodominicano.com\/wp-content\/uploads\/2025\/09\/Accion-partido-por-la-medalla-de-oro-entre-Estados-Unidos-y-Cuba-1-816x546.jpg 816w, https:\/\/diariodominicano.com\/wp-content\/uploads\/2025\/09\/Accion-partido-por-la-medalla-de-oro-entre-Estados-Unidos-y-Cuba-1.jpg 1600w\" sizes=\"auto, (max-width: 1024px) 100vw, 1024px\" \/><\/figure>\n\n\n\n<p><strong>Rama femenina<\/strong><\/p>\n\n\n\n<p>En la rama femenina las boricuas Allanis Nanas y Mar\u00eda Gonz\u00e1lez se alzaron con su sexto t\u00edtulo en lo que va de a\u00f1o en un evento de voleibol de playa.<\/p>\n\n\n\n<figure class=\"wp-block-image size-large\"><img loading=\"lazy\" decoding=\"async\" width=\"1024\" height=\"685\" src=\"https:\/\/diariodominicano.com\/wp-content\/uploads\/2025\/09\/Fot1-1024x685.jpg\" alt=\"\" class=\"wp-image-640648\" srcset=\"https:\/\/diariodominicano.com\/wp-content\/uploads\/2025\/09\/Fot1-1024x685.jpg 1024w, https:\/\/diariodominicano.com\/wp-content\/uploads\/2025\/09\/Fot1-300x201.jpg 300w, https:\/\/diariodominicano.com\/wp-content\/uploads\/2025\/09\/Fot1-768x514.jpg 768w, https:\/\/diariodominicano.com\/wp-content\/uploads\/2025\/09\/Fot1-1536x1027.jpg 1536w, https:\/\/diariodominicano.com\/wp-content\/uploads\/2025\/09\/Fot1-816x546.jpg 816w, https:\/\/diariodominicano.com\/wp-content\/uploads\/2025\/09\/Fot1.jpg 1600w\" sizes=\"auto, (max-width: 1024px) 100vw, 1024px\" \/><\/figure>\n\n\n\n<p>Navas y Gonz\u00e1lez doblegaron a las norteamericanas Geena Urango y Mariah Whalen en tres sets (19-21, 21-17- 15-10), en el torneo que reuni\u00f3 a 31 equipos de 12 pa\u00edses.<\/p>\n\n\n\n<figure class=\"wp-block-image size-large\"><img loading=\"lazy\" decoding=\"async\" width=\"1024\" height=\"685\" src=\"https:\/\/diariodominicano.com\/wp-content\/uploads\/2025\/09\/PRe1-1024x685.jpg\" alt=\"\" class=\"wp-image-640646\" srcset=\"https:\/\/diariodominicano.com\/wp-content\/uploads\/2025\/09\/PRe1-1024x685.jpg 1024w, https:\/\/diariodominicano.com\/wp-content\/uploads\/2025\/09\/PRe1-300x201.jpg 300w, https:\/\/diariodominicano.com\/wp-content\/uploads\/2025\/09\/PRe1-768x514.jpg 768w, https:\/\/diariodominicano.com\/wp-content\/uploads\/2025\/09\/PRe1-1536x1027.jpg 1536w, https:\/\/diariodominicano.com\/wp-content\/uploads\/2025\/09\/PRe1-816x546.jpg 816w, https:\/\/diariodominicano.com\/wp-content\/uploads\/2025\/09\/PRe1.jpg 1600w\" sizes=\"auto, (max-width: 1024px) 100vw, 1024px\" \/><\/figure>\n\n\n\n<p>La medalla de bronce le correspondi\u00f3 a las canadienses Alison McKay y Darby Dunn con marcador dos sets por cero (21-12, 21-10).<\/p>\n\n\n\n<p>\u00abHemos concluido dos fines de semanas de puro voleibol de playa. Esto es una muestra de que el turismo deportivo sigue creciendo en nuestro pa\u00eds, gracias las hermosas playas con las que contamos, las cuales son id\u00f3neas para montar estos eventos Norceca\u00bb, expres\u00f3 Am\u00f3s Anglada, organizador y vicepresidente de la Federaci\u00f3n Dominicana de Voleibol (Fedovoli).&nbsp;<\/p>\n\n\n\n<p>El tradicional torneo cuenta tuvo la presencia de atletas de&nbsp;Islas Cayman, Costa Rica, Guatemala, M\u00e9xico, Nicaragua, Puerto Rico, Canad\u00e1, Islas V\u00edrgenes, Estados Unidos, el anfitri\u00f3n Rep\u00fablica Dominicana, entre otros.<\/p>\n\n\n\n<p>El evento, que cuenta con el aval de la Fedovoli, estuvo organizado por la Fundaci\u00f3n Dominicana de Turismo Deportivo, Marketing Sport Event, cuenta con el apoyo de la confederaci\u00f3n Norceca, Alcald\u00eda de Ver\u00f3n, ASOLESTE, entre otros.<\/p>\n\n\n\n<p>A la final del torneo se dieron cita Ariel Sainz, vicepresidente ejecutivo de la Norceca; Juan Pablo Deschamps, de la Politur; Heidy Valverde, directora de competencia de la Norceca, entre otros.\u00a0<\/p>\n\n\n\n<p>Bienvenido Carmona P\u00e9rez<\/p>\n\n\n\n<p><a href=\"mailto:bienvenidocarmona@gmail.com\" target=\"_blank\" rel=\"noreferrer noopener\">bienvenidocarmona@gmail.com<\/a><\/p>\n\n\n\n<p>#Norceca\u2003\u2003\u2002#Estados Unidos\u2003\u2003\u2003\u2003\u2003#Puerto Rico\u2003\u2003\u2002<\/p>\n","protected":false},"excerpt":{"rendered":"<p>Diario Dominicano PUNTA CANA, RD.-\u00a0Las duplas de Estados Unidos y Puerto Rico se alzaron este domingo con los m\u00e1ximos honores en la conclusi\u00f3n de la novena edici\u00f3n del Cl\u00e1sico de Voleibol de Voleibol de Playa Punta Cana Norceca. Equipos ganadores. Los norteamericanos James Drost y Troy Field se impusieron en tres sets (21-19, 17-21, 15-10) [&hellip;]<\/p>\n","protected":false},"author":2,"featured_media":640637,"comment_status":"closed","ping_status":"closed","sticky":false,"template":"","format":"standard","meta":{"footnotes":""},"categories":[17,27],"tags":[],"class_list":["post-640636","post","type-post","status-publish","format-standard","has-post-thumbnail","hentry","category-deportes","category-portada"],"_links":{"self":[{"href":"https:\/\/diariodominicano.com\/index.php?rest_route=\/wp\/v2\/posts\/640636","targetHints":{"allow":["GET"]}}],"collection":[{"href":"https:\/\/diariodominicano.com\/index.php?rest_route=\/wp\/v2\/posts"}],"about":[{"href":"https:\/\/diariodominicano.com\/index.php?rest_route=\/wp\/v2\/types\/post"}],"author":[{"embeddable":true,"href":"https:\/\/diariodominicano.com\/index.php?rest_route=\/wp\/v2\/users\/2"}],"replies":[{"embeddable":true,"href":"https:\/\/diariodominicano.com\/index.php?rest_route=%2Fwp%2Fv2%2Fcomments&post=640636"}],"version-history":[{"count":6,"href":"https:\/\/diariodominicano.com\/index.php?rest_route=\/wp\/v2\/posts\/640636\/revisions"}],"predecessor-version":[{"id":640650,"href":"https:\/\/diariodominicano.com\/index.php?rest_route=\/wp\/v2\/posts\/640636\/revisions\/640650"}],"wp:featuredmedia":[{"embeddable":true,"href":"https:\/\/diariodominicano.com\/index.php?rest_route=\/wp\/v2\/media\/640637"}],"wp:attachment":[{"href":"https:\/\/diariodominicano.com\/index.php?rest_route=%2Fwp%2Fv2%2Fmedia&parent=640636"}],"wp:term":[{"taxonomy":"category","embeddable":true,"href":"https:\/\/diariodominicano.com\/index.php?rest_route=%2Fwp%2Fv2%2Fcategories&post=640636"},{"taxonomy":"post_tag","embeddable":true,"href":"https:\/\/diariodominicano.com\/index.php?rest_route=%2Fwp%2Fv2%2Ftags&post=640636"}],"curies":[{"name":"wp","href":"https:\/\/api.w.org\/{rel}","templated":true}]}}