{"id":640576,"date":"2025-09-28T22:08:11","date_gmt":"2025-09-29T02:08:11","guid":{"rendered":"https:\/\/diariodominicano.com\/?p=640576"},"modified":"2025-12-29T02:54:18","modified_gmt":"2025-12-29T06:54:18","slug":"procuradora-general-recibe-una-comision-de-participacion-ciudadana","status":"publish","type":"post","link":"https:\/\/diariodominicano.com\/?p=640576","title":{"rendered":"Procuradora general recibe una comisi\u00f3n de Participaci\u00f3n Ciudadana"},"content":{"rendered":"\n<p><em><u>Explica el Plan Operativo de su gesti\u00f3n en diversas \u00e1reas, los avances y desaf\u00edos en materia de lucha contra la corrupci\u00f3n administrativa y la necesidad de que la poblaci\u00f3n se mantenga vigilante por la transparencia y una cultura de cero impunidad<\/u><\/em><\/p>\n\n\n\n<p><strong>SANTO DOMINGO (Rep\u00fablica Dominicana).-<\/strong>&nbsp;La procuradora general de la Rep\u00fablica, Yeni Berenice Reynoso, sostuvo un encuentro con una comisi\u00f3n del movimiento c\u00edvico Participaci\u00f3n Ciudadana (PC) en el que habl\u00f3 del&nbsp; plan operativo de su gesti\u00f3n en diversas \u00e1reas, los avances en materia de lucha contra la corrupci\u00f3n administrativa y la necesidad de que la poblaci\u00f3n se mantenga vigilante para tener siempre mayor transparencia y una cultura de cero impunidad.<\/p>\n\n\n\n<p>Adem\u00e1s de Reynoso, en la reuni\u00f3n con la comisi\u00f3n encabezada por la coordinadora general de PC, Leidy Blanco Garc\u00eda, estuvo presente el procurador adjunto Wilson Camacho, titular de la Direcci\u00f3n General de Persecuci\u00f3n del Ministerio P\u00fablico.<\/p>\n\n\n\n<p>Los integrantes de Participaci\u00f3n Ciudadana valoraron el trabajo que viene realizando el Ministerio P\u00fablico en favor de la transparencia y se mostraron dispuestos a seguir promoviendo \u201cinstituciones m\u00e1s s\u00f3lidas y un sistema de justicia independiente y eficaz, pilares fundamentales para el fortalecimiento de la democracia dominicana\u201d, dijo Blanco Garc\u00eda.<\/p>\n\n\n\n<p>La procuradora general, de su lado, ponder\u00f3 los logros alcanzados por el Ministerio P\u00fablico en materia de decomisos en dinero en efectivo que van siempre, como establece el marco jur\u00eddico, a la Cuenta del Tesoro, o de bienes que pasar\u00e1n al Instituto Nacional de Custodia y Administraci\u00f3n de Bienes Incautados, Decomisados y en Extinci\u00f3n de Dominio (Incabide), donde, agotado los procesos jur\u00eddicos, deber\u00e1n ser puesto en p\u00fablica subasta.<\/p>\n\n\n\n<p>\u201cEstamos en el proceso ahora de la transferencia de los bienes, que es una preocupaci\u00f3n porque ah\u00ed hay bienes muy costosos, cuando decimos que tenemos una villa que cuesta m\u00e1s de 300 millones\u2026. son bienes que son costosos\u201d, dijo Reynoso.<\/p>\n\n\n\n<p>Record\u00f3 que las peticiones de decomisos en los procesos tienen una proporcionalidad relacionada con los montos espec\u00edficos envueltos en el delito cometido.<\/p>\n\n\n\n<p>Resalt\u00f3 el hecho de que, una vez demuestra con pruebas que un funcionario o particular desfalc\u00f3 al Estado, el Ministerio P\u00fablico puede pedir el decomiso de un bien equivalente a ese monto, aunque su origen en poder del procesado sea legal.<\/p>\n\n\n\n<p>\u201cNosotros s\u00ed quisi\u00e9ramos que los casos fueran mucho m\u00e1s r\u00e1pidos; se debe agilizar el paso en qu\u00e9 van los casos, pero ah\u00ed no hay un aplazamiento que sea motivado por el Ministerio P\u00fablico. Uno solo no lo hay; porque nosotros tenemos el lema \u00a1Listos siempre!, y ni hay que preguntarnos, \u00b4\u00bfc\u00f3mo est\u00e1 el Ministerio P\u00fablico?\u00b4 La respuesta es: \u00a1Listo!\u201d, dijo.<\/p>\n\n\n\n<p>Explic\u00f3 que el Ministerio P\u00fablico procura condenas para los funcionarios porque su rol como servidores, precisamente, debe ser salvaguardar los bienes p\u00fablicos de todos los contribuyentes.<\/p>\n\n\n\n<p>\u201cEn la mayor\u00eda de los pa\u00edses desarrollados esa es la pol\u00edtica que asume con relaci\u00f3n a esto y es que hay un criterio a nivel internacional que la responsabilidad mayor es del funcionario\u201d, indic\u00f3 Reynoso.<\/p>\n\n\n\n<p><strong>Direcci\u00f3n General de Comunicaci\u00f3n, Prensa y RRPP<\/strong><\/p>\n\n\n\n<p><strong>Ministerio P\u00fablico RD<\/strong><\/p>\n\n\n\n<p>Comunicaciones PGR <a href=\"mailto:comunicaciones@pgr.gob.do\">comunicaciones@pgr.gob.do<\/a><\/p>\n","protected":false},"excerpt":{"rendered":"<p>Explica el Plan Operativo de su gesti\u00f3n en diversas \u00e1reas, los avances y desaf\u00edos en materia de lucha contra la corrupci\u00f3n administrativa y la necesidad de que la poblaci\u00f3n se mantenga vigilante por la transparencia y una cultura de cero impunidad SANTO DOMINGO (Rep\u00fablica Dominicana).-&nbsp;La procuradora general de la Rep\u00fablica, Yeni Berenice Reynoso, sostuvo un [&hellip;]<\/p>\n","protected":false},"author":7,"featured_media":640602,"comment_status":"closed","ping_status":"closed","sticky":false,"template":"","format":"standard","meta":{"footnotes":""},"categories":[24],"tags":[171,908,3882,3224],"class_list":["post-640576","post","type-post","status-publish","format-standard","has-post-thumbnail","hentry","category-justicia-y-derecho","tag-ministerio-publico","tag-participacion-ciudadana","tag-procuradora-general","tag-procuradora-general-de-la-republica"],"_links":{"self":[{"href":"https:\/\/diariodominicano.com\/index.php?rest_route=\/wp\/v2\/posts\/640576","targetHints":{"allow":["GET"]}}],"collection":[{"href":"https:\/\/diariodominicano.com\/index.php?rest_route=\/wp\/v2\/posts"}],"about":[{"href":"https:\/\/diariodominicano.com\/index.php?rest_route=\/wp\/v2\/types\/post"}],"author":[{"embeddable":true,"href":"https:\/\/diariodominicano.com\/index.php?rest_route=\/wp\/v2\/users\/7"}],"replies":[{"embeddable":true,"href":"https:\/\/diariodominicano.com\/index.php?rest_route=%2Fwp%2Fv2%2Fcomments&post=640576"}],"version-history":[{"count":1,"href":"https:\/\/diariodominicano.com\/index.php?rest_route=\/wp\/v2\/posts\/640576\/revisions"}],"predecessor-version":[{"id":640603,"href":"https:\/\/diariodominicano.com\/index.php?rest_route=\/wp\/v2\/posts\/640576\/revisions\/640603"}],"wp:featuredmedia":[{"embeddable":true,"href":"https:\/\/diariodominicano.com\/index.php?rest_route=\/wp\/v2\/media\/640602"}],"wp:attachment":[{"href":"https:\/\/diariodominicano.com\/index.php?rest_route=%2Fwp%2Fv2%2Fmedia&parent=640576"}],"wp:term":[{"taxonomy":"category","embeddable":true,"href":"https:\/\/diariodominicano.com\/index.php?rest_route=%2Fwp%2Fv2%2Fcategories&post=640576"},{"taxonomy":"post_tag","embeddable":true,"href":"https:\/\/diariodominicano.com\/index.php?rest_route=%2Fwp%2Fv2%2Ftags&post=640576"}],"curies":[{"name":"wp","href":"https:\/\/api.w.org\/{rel}","templated":true}]}}