{"id":640573,"date":"2025-09-28T21:38:09","date_gmt":"2025-09-29T01:38:09","guid":{"rendered":"https:\/\/diariodominicano.com\/?p=640573"},"modified":"2025-09-28T21:38:44","modified_gmt":"2025-09-29T01:38:44","slug":"estados-unidos-y-puerto-rico-ganan-clasico-punta-cana-de-voleibol-norceca","status":"publish","type":"post","link":"https:\/\/diariodominicano.com\/?p=640573","title":{"rendered":"Estados Unidos y Puerto Rico ganan Cl\u00e1sico Punta Cana\u00a0de Voleibol Norceca"},"content":{"rendered":"\n<p>PUNTA CANA.-&nbsp;Las duplas de Estados Unidos y Puerto Rico se alzaron este domingo con los m\u00e1ximos honores en la conclusi\u00f3n de la novena edici\u00f3n del Cl\u00e1sico de Voleibol de Voleibol de Playa Punta Cana Norceca.<\/p>\n\n\n\n<p>Los norteamericanos James Drost y Troy Field se impusieron en tres sets (21-19, 17-21, 15-10) a los cubanos Dami\u00e1n G\u00f3mez y Eblis Veranes, en el torneo que se celebr\u00f3 en la playa Los Corales de esta ciudad.<\/p>\n\n\n\n<figure class=\"wp-block-gallery has-nested-images columns-default is-cropped wp-block-gallery-1 is-layout-flex wp-block-gallery-is-layout-flex\">\n<figure class=\"wp-block-image size-large\"><img loading=\"lazy\" decoding=\"async\" width=\"1024\" height=\"686\" data-id=\"640593\" src=\"https:\/\/diariodominicano.com\/wp-content\/uploads\/2025\/09\/Equipos-ganadores-en-clasico-Punta-Cana-1024x686.jpg\" alt=\"\" class=\"wp-image-640593\" srcset=\"https:\/\/diariodominicano.com\/wp-content\/uploads\/2025\/09\/Equipos-ganadores-en-clasico-Punta-Cana-1024x686.jpg 1024w, https:\/\/diariodominicano.com\/wp-content\/uploads\/2025\/09\/Equipos-ganadores-en-clasico-Punta-Cana-300x201.jpg 300w, https:\/\/diariodominicano.com\/wp-content\/uploads\/2025\/09\/Equipos-ganadores-en-clasico-Punta-Cana-768x514.jpg 768w, https:\/\/diariodominicano.com\/wp-content\/uploads\/2025\/09\/Equipos-ganadores-en-clasico-Punta-Cana-816x546.jpg 816w, https:\/\/diariodominicano.com\/wp-content\/uploads\/2025\/09\/Equipos-ganadores-en-clasico-Punta-Cana.jpg 1056w\" sizes=\"auto, (max-width: 1024px) 100vw, 1024px\" \/><figcaption class=\"wp-element-caption\">Equipos ganadores en clasico Punta Cana <\/figcaption><\/figure>\n<\/figure>\n\n\n\n<p>El bronce le correspondi\u00f3 a los mexicanos Carlos Ayala y Antonio Lares, quienes doblegaron a los nicarag\u00fcenses Rub\u00e9n Mora y Dany L\u00f3pez con pizarra dos sets por cero (21-16, 21-18).<\/p>\n\n\n\n<figure class=\"wp-block-gallery has-nested-images columns-default is-cropped wp-block-gallery-2 is-layout-flex wp-block-gallery-is-layout-flex\">\n<figure class=\"wp-block-image size-large\"><img loading=\"lazy\" decoding=\"async\" width=\"1024\" height=\"686\" data-id=\"640590\" src=\"https:\/\/diariodominicano.com\/wp-content\/uploads\/2025\/09\/Las-boricuas-Allanis-Nanas-y-Maria-Gonzalez-1024x686.jpg\" alt=\"\" class=\"wp-image-640590\" srcset=\"https:\/\/diariodominicano.com\/wp-content\/uploads\/2025\/09\/Las-boricuas-Allanis-Nanas-y-Maria-Gonzalez-1024x686.jpg 1024w, https:\/\/diariodominicano.com\/wp-content\/uploads\/2025\/09\/Las-boricuas-Allanis-Nanas-y-Maria-Gonzalez-300x201.jpg 300w, https:\/\/diariodominicano.com\/wp-content\/uploads\/2025\/09\/Las-boricuas-Allanis-Nanas-y-Maria-Gonzalez-768x514.jpg 768w, https:\/\/diariodominicano.com\/wp-content\/uploads\/2025\/09\/Las-boricuas-Allanis-Nanas-y-Maria-Gonzalez-816x546.jpg 816w, https:\/\/diariodominicano.com\/wp-content\/uploads\/2025\/09\/Las-boricuas-Allanis-Nanas-y-Maria-Gonzalez.jpg 1056w\" sizes=\"auto, (max-width: 1024px) 100vw, 1024px\" \/><figcaption class=\"wp-element-caption\">Las boricuas Allanis Nanas y Mar\u00eda Gonz\u00e1lez <\/figcaption><\/figure>\n<\/figure>\n\n\n\n<p>Rama femenina<\/p>\n\n\n\n<p>En la rama femenina las boricuas Allanis Nanas y Mar\u00eda Gonz\u00e1lez se alzaron con su sexto t\u00edtulo en lo que va de a\u00f1o en un evento de voleibol de playa.<\/p>\n\n\n\n<p>Navas y Gonz\u00e1lez doblegaron a las norteamericanas Geena Urango y Mariah Whalen en tres sets (19-21, 21-17- 15-10), en el torneo que reuni\u00f3 a 31 equipos de 12 pa\u00edses.<\/p>\n\n\n\n<figure class=\"wp-block-gallery has-nested-images columns-default is-cropped wp-block-gallery-3 is-layout-flex wp-block-gallery-is-layout-flex\">\n<figure class=\"wp-block-image size-large\"><img loading=\"lazy\" decoding=\"async\" width=\"1024\" height=\"686\" data-id=\"640591\" src=\"https:\/\/diariodominicano.com\/wp-content\/uploads\/2025\/09\/Los-norteamericanos-James-Drost-y-Troy-Field-1024x686.jpg\" alt=\"\" class=\"wp-image-640591\" srcset=\"https:\/\/diariodominicano.com\/wp-content\/uploads\/2025\/09\/Los-norteamericanos-James-Drost-y-Troy-Field-1024x686.jpg 1024w, https:\/\/diariodominicano.com\/wp-content\/uploads\/2025\/09\/Los-norteamericanos-James-Drost-y-Troy-Field-300x201.jpg 300w, https:\/\/diariodominicano.com\/wp-content\/uploads\/2025\/09\/Los-norteamericanos-James-Drost-y-Troy-Field-768x514.jpg 768w, https:\/\/diariodominicano.com\/wp-content\/uploads\/2025\/09\/Los-norteamericanos-James-Drost-y-Troy-Field-816x546.jpg 816w, https:\/\/diariodominicano.com\/wp-content\/uploads\/2025\/09\/Los-norteamericanos-James-Drost-y-Troy-Field.jpg 1056w\" sizes=\"auto, (max-width: 1024px) 100vw, 1024px\" \/><figcaption class=\"wp-element-caption\">Los norteamericanos James Drost y Troy Field <\/figcaption><\/figure>\n<\/figure>\n\n\n\n<p>La medalla de bronce le correspondi\u00f3 a las canadienses Alison McKay y Darby Dunn con marcador dos sets por cero (21-12, 21-10).<\/p>\n\n\n\n<p>\u00abHemos concluido dos fines de semanas de puro voleibol de playa. Esto es una muestra de que el turismo deportivo sigue creciendo en nuestro pa\u00eds, gracias las hermosas playas con las que contamos, las cuales son id\u00f3neas para montar estos eventos Norceca\u00bb, expres\u00f3 Am\u00f3s Anglada, organizador y vicepresidente de la Federaci\u00f3n Dominicana de Voleibol (Fedovoli).&nbsp;<\/p>\n\n\n\n<figure class=\"wp-block-gallery has-nested-images columns-default is-cropped wp-block-gallery-4 is-layout-flex wp-block-gallery-is-layout-flex\">\n<figure class=\"wp-block-image size-large\"><img loading=\"lazy\" decoding=\"async\" width=\"1024\" height=\"686\" data-id=\"640589\" src=\"https:\/\/diariodominicano.com\/wp-content\/uploads\/2025\/09\/Accion-partido-por-la-medalla-de-oro-entre-Estados-Unidos-y-Cuba-1024x686.jpg\" alt=\"\" class=\"wp-image-640589\" srcset=\"https:\/\/diariodominicano.com\/wp-content\/uploads\/2025\/09\/Accion-partido-por-la-medalla-de-oro-entre-Estados-Unidos-y-Cuba-1024x686.jpg 1024w, https:\/\/diariodominicano.com\/wp-content\/uploads\/2025\/09\/Accion-partido-por-la-medalla-de-oro-entre-Estados-Unidos-y-Cuba-300x201.jpg 300w, https:\/\/diariodominicano.com\/wp-content\/uploads\/2025\/09\/Accion-partido-por-la-medalla-de-oro-entre-Estados-Unidos-y-Cuba-768x514.jpg 768w, https:\/\/diariodominicano.com\/wp-content\/uploads\/2025\/09\/Accion-partido-por-la-medalla-de-oro-entre-Estados-Unidos-y-Cuba-816x546.jpg 816w, https:\/\/diariodominicano.com\/wp-content\/uploads\/2025\/09\/Accion-partido-por-la-medalla-de-oro-entre-Estados-Unidos-y-Cuba.jpg 1056w\" sizes=\"auto, (max-width: 1024px) 100vw, 1024px\" \/><figcaption class=\"wp-element-caption\">Accion partido por la medalla de oro entre Estados Unidos y Cuba <\/figcaption><\/figure>\n<\/figure>\n\n\n\n<p>El tradicional torneo cuenta tuvo la presencia de atletas de&nbsp;Islas Cayman, Costa Rica, Guatemala, M\u00e9xico, Nicaragua, Puerto Rico, Canad\u00e1, Islas V\u00edrgenes, Estados Unidos, el anfitri\u00f3n Rep\u00fablica Dominicana, entre otros.<\/p>\n\n\n\n<p>El evento, que cuenta con el aval de la Fedovoli, estuvo organizado por la Fundaci\u00f3n Dominicana de Turismo Deportivo, Marketing Sport Event, cuenta con el apoyo de la confederaci\u00f3n Norceca, Alcald\u00eda de Ver\u00f3n, ASOLESTE, entre otros.<\/p>\n\n\n\n<p>A la final del torneo se dieron cita Ariel Sainz, vicepresidente ejecutivo de la Norceca; Juan Pablo Deschamps, de la Politur; Heidy Valverde, directora de competencia de la Norceca, entre otros.&nbsp;<\/p>\n\n\n\n<figure class=\"wp-block-embed is-type-video is-provider-youtube wp-block-embed-youtube wp-embed-aspect-16-9 wp-has-aspect-ratio\"><div class=\"wp-block-embed__wrapper\">\n<iframe loading=\"lazy\" title=\"SEMIFINALES Y FINALES IX clasico Voleibol de Playa , Punta Cana 2025\" width=\"616\" height=\"347\" src=\"https:\/\/www.youtube.com\/embed\/viR6SkA0OVI?feature=oembed\" frameborder=\"0\" allow=\"accelerometer; autoplay; clipboard-write; encrypted-media; gyroscope; picture-in-picture; web-share\" referrerpolicy=\"strict-origin-when-cross-origin\" allowfullscreen><\/iframe>\n<\/div><\/figure>\n\n\n\n<p>Bienvenido Carmona P\u00e9rez&nbsp;<a href=\"mailto:bienvenidocarmona@gmail.com\">bienvenidocarmona@gmail.com<\/a><\/p>\n","protected":false},"excerpt":{"rendered":"<p>PUNTA CANA.-&nbsp;Las duplas de Estados Unidos y Puerto Rico se alzaron este domingo con los m\u00e1ximos honores en la conclusi\u00f3n de la novena edici\u00f3n del Cl\u00e1sico de Voleibol de Voleibol de Playa Punta Cana Norceca. Los norteamericanos James Drost y Troy Field se impusieron en tres sets (21-19, 17-21, 15-10) a los cubanos Dami\u00e1n G\u00f3mez [&hellip;]<\/p>\n","protected":false},"author":7,"featured_media":640592,"comment_status":"closed","ping_status":"closed","sticky":false,"template":"","format":"standard","meta":{"footnotes":""},"categories":[20],"tags":[3250,3241],"class_list":["post-640573","post","type-post","status-publish","format-standard","has-post-thumbnail","hentry","category-dominicana-hoy","tag-clasico-punta-cana","tag-voleibol-norceca"],"_links":{"self":[{"href":"https:\/\/diariodominicano.com\/index.php?rest_route=\/wp\/v2\/posts\/640573","targetHints":{"allow":["GET"]}}],"collection":[{"href":"https:\/\/diariodominicano.com\/index.php?rest_route=\/wp\/v2\/posts"}],"about":[{"href":"https:\/\/diariodominicano.com\/index.php?rest_route=\/wp\/v2\/types\/post"}],"author":[{"embeddable":true,"href":"https:\/\/diariodominicano.com\/index.php?rest_route=\/wp\/v2\/users\/7"}],"replies":[{"embeddable":true,"href":"https:\/\/diariodominicano.com\/index.php?rest_route=%2Fwp%2Fv2%2Fcomments&post=640573"}],"version-history":[{"count":1,"href":"https:\/\/diariodominicano.com\/index.php?rest_route=\/wp\/v2\/posts\/640573\/revisions"}],"predecessor-version":[{"id":640598,"href":"https:\/\/diariodominicano.com\/index.php?rest_route=\/wp\/v2\/posts\/640573\/revisions\/640598"}],"wp:featuredmedia":[{"embeddable":true,"href":"https:\/\/diariodominicano.com\/index.php?rest_route=\/wp\/v2\/media\/640592"}],"wp:attachment":[{"href":"https:\/\/diariodominicano.com\/index.php?rest_route=%2Fwp%2Fv2%2Fmedia&parent=640573"}],"wp:term":[{"taxonomy":"category","embeddable":true,"href":"https:\/\/diariodominicano.com\/index.php?rest_route=%2Fwp%2Fv2%2Fcategories&post=640573"},{"taxonomy":"post_tag","embeddable":true,"href":"https:\/\/diariodominicano.com\/index.php?rest_route=%2Fwp%2Fv2%2Ftags&post=640573"}],"curies":[{"name":"wp","href":"https:\/\/api.w.org\/{rel}","templated":true}]}}