{"id":640531,"date":"2025-09-28T04:46:36","date_gmt":"2025-09-28T08:46:36","guid":{"rendered":"https:\/\/diariodominicano.com\/?p=640531"},"modified":"2025-09-28T04:46:43","modified_gmt":"2025-09-28T08:46:43","slug":"presidente-abinader-pasa-balance-con-autoridades-de-santo-domingo-norte-con-el-objetivo-de-dar-seguimiento-a-los-problemas-y-necesidades-de-cada-comunidad","status":"publish","type":"post","link":"https:\/\/diariodominicano.com\/?p=640531","title":{"rendered":"Presidente Abinader pasa balance con autoridades de Santo Domingo Norte  con el objetivo de dar seguimiento a los\u00a0problemas y necesidades\u00a0de cada comunidad"},"content":{"rendered":"\n<h3 class=\"wp-block-heading\">Encabeza mesa de trabajo en Santo Domingo Norte para fortalecer el desarrollo local.<\/h3>\n\n\n\n<p>27 de Septiembre 2025 | 16:20<\/p>\n\n\n\n<figure class=\"wp-block-image\"><img decoding=\"async\" src=\"https:\/\/platform-cdn.sharethis.com\/img\/facebook.svg\" alt=\"facebook sharing button\"\/><\/figure>\n\n\n\n<figure class=\"wp-block-image\"><img decoding=\"async\" src=\"https:\/\/platform-cdn.sharethis.com\/img\/sharethis.svg\" alt=\"sharethis sharing button\"\/><\/figure>\n\n\n\n<p>Santo Domingo Norte, RD.\u2013\u00a0<strong>El presidente Luis Abinader<\/strong>\u00a0encabez\u00f3 el s\u00e1bado una\u00a0<strong>mesa de trabajo\u00a0<\/strong>con las principales\u00a0<strong>autoridades del municipio Santo Domingo Norte<\/strong>, con el objetivo de dar seguimiento a los\u00a0<strong>problemas y necesidades<\/strong>\u00a0de cada comunidad, evaluar el avance de las\u00a0<strong>obras en curso<\/strong>\u00a0y determinar\u00a0<strong>cu\u00e1les proyectos deben iniciarse<\/strong>\u00a0en el pr\u00f3ximo presupuesto del a\u00f1o 2026.<\/p>\n\n\n\n<p>El mandatario inform\u00f3 que ha estado trabajando en conjunto con&nbsp;<strong>l\u00edderes comunitarios y mun\u00edcipes<\/strong>&nbsp;de diferentes sectores, incluyendo&nbsp;<strong>Los Guaricanos, Villa Mella Sur y Norte, Sabana Perdida Sur y Norte, as\u00ed como el municipio de La Victoria.<\/strong><\/p>\n\n\n\n<p>Este encuentro estuvo enfocado en continuar impulsando el&nbsp;<strong>desarrollo comunitario<\/strong>&nbsp;y abordar&nbsp;<strong>desaf\u00edos urbanos clave.<\/strong><\/p>\n\n\n\n<p><em>\u00abEsta iniciativa forma parte de una estrategia m\u00e1s amplia del Gobierno para mejorar la eficiencia y efectividad de sus programas y proyectos en todo el pa\u00eds. En municipios como Santo Domingo Norte, se han logrado avances significativos gracias a la colaboraci\u00f3n entre instituciones y l\u00edderes comunitarios\u00bb<\/em>, expres\u00f3 el mandatario.<\/p>\n\n\n\n<p>En ese mismo sentido, el jefe de Estado destac\u00f3 la importancia de&nbsp;<strong>trabajar conjuntamente con las comunidades<\/strong>&nbsp;para entender sus&nbsp;<strong>necesidades<\/strong>&nbsp;y encontrar&nbsp;<strong>soluciones efectivas.<\/strong><\/p>\n\n\n\n<p>Durante esta reuni\u00f3n, el gobernante&nbsp;<strong>agradeci\u00f3&nbsp;<\/strong>la colaboraci\u00f3n de los<strong>&nbsp;l\u00edderes comunitarios y alcaldes involucrados<\/strong>, y adelant\u00f3 que continuar\u00e1 con&nbsp;<strong>esta labor en otras partes del pa\u00eds<\/strong>, incluyendo&nbsp;<strong>Santiago<\/strong>, donde tiene previsto un encuentro pr\u00f3ximamente.<\/p>\n\n\n\n<p>La actividad, que tuvo una duraci\u00f3n de dos horas, se desarroll\u00f3 en el sal\u00f3n del Polideportivo de la Nueva Barquita.<\/p>\n\n\n\n<p>La reuni\u00f3n forma parte de una serie de&nbsp;<strong>iniciativas presidenciales<\/strong>&nbsp;que buscan una mayor coordinaci\u00f3n entre el Gobierno central y las alcald\u00edas para ejecutar&nbsp;<strong>proyectos de impacto directo en las comunidades.<\/strong><\/p>\n\n\n\n<p>La visita a Santo Domingo Norte resalta el compromiso del Gobierno con el&nbsp;<strong>di\u00e1logo directo<\/strong>&nbsp;en los barrios para traducirlo en&nbsp;<strong>inversiones inmediatas<\/strong>.<\/p>\n\n\n\n<p><strong>Gobierno Contigo<\/strong><\/p>\n\n\n\n<figure class=\"wp-block-image\"><img decoding=\"async\" src=\"https:\/\/www.presidencia.gob.do\/sites\/default\/files\/inline-images\/1000787397.jpg\" alt=\"\"\/><\/figure>\n\n\n\n<p>El presidente Abinader viene realizando contactos con los diferentes sectores comunitarios del pa\u00eds a trav\u00e9s del&nbsp;<strong>programa Gobierno Contigo<\/strong>, con el prop\u00f3sito de conocer de primera mano los problemas de los dominicanos y buscarles soluci\u00f3n.<\/p>\n\n\n\n<p>Aqu\u00ed est\u00e1n&nbsp;<strong>algunas de las comunidades o municipios&nbsp;<\/strong>en donde se ha realizado Gobierno Contigo:<\/p>\n\n\n\n<p><strong>Barrio Nuevo, en Sabana Perdida, Santo Domingo Norte<\/strong>. Esto incluye barrios como Lotes y Servicios, Barrio Nuevo Sur y Norte, Altos de Chav\u00f3n, Las Colinas, Villa Esperanza 1 y 2, Libertad, Brisas del Este, Hong Kong, Brisas del Para\u00edso, La Mina, entre otros.<\/p>\n\n\n\n<p>De igual modo,&nbsp;<strong>La Ure\u00f1a en Santo Domingo Este y el municipio de Pedro Brand<\/strong>. Tambi\u00e9n, en el municipio de&nbsp;<strong>San Antonio de Guerra<\/strong>&nbsp;y en la provincia de&nbsp;<strong>San Crist\u00f3bal.<\/strong><\/p>\n\n\n\n<p>Durante la reuni\u00f3n se cont\u00f3 con la presencia del ministro de Obras P\u00fablicas,&nbsp;<strong>Eduardo Estrella<\/strong>; de Deportes,&nbsp;<strong>Kelvin Cruz<\/strong>; la directora del Plan Social de la Presidencia,&nbsp;<strong>Yadira Henr\u00edquez<\/strong>, y del Servicio Nacional de Salud (SNS),&nbsp;<strong>Mario Lama<\/strong>; la alcaldesa&nbsp;<strong>Betty Ger\u00f3nimo<\/strong>, y el director de la Comisi\u00f3n Presidencial de Apoyo al Desarrollo Barrial,&nbsp;<strong>Rolfi Rojas<\/strong>.<\/p>\n\n\n\n<p>Asimismo, el director del Indrhi,\u00a0<strong>Olmedo Caba;<\/strong>\u00a0de Centros Tecnol\u00f3gicos Comunitarios,\u00a0<strong>Isidro Torres<\/strong>, y de Propeep,\u00a0<strong>Robert Polanco<\/strong>; la gobernadora\u00a0<strong>Lucrecia Leyva<\/strong>; de la Comisi\u00f3n Presidencial de Apoyo al Desarrollo Provincial,\u00a0<strong>\u00c1ngel de la Cruz<\/strong>; de los Comedores Econ\u00f3micos,\u00a0<strong>\u00c9dgar F\u00e9lix<\/strong>; de Desarrollo de la Comunidad,\u00a0<strong>Modesto Guzm\u00e1n<\/strong>, y el director del CEA,\u00a0<strong>Rafael Burgos G\u00f3mez.<\/strong><\/p>\n\n\n\n<p>Con informaci\u00f3n de la Presidencia de la Rep\u00fablica.<\/p>\n","protected":false},"excerpt":{"rendered":"<p>Encabeza mesa de trabajo en Santo Domingo Norte para fortalecer el desarrollo local. 27 de Septiembre 2025 | 16:20 Santo Domingo Norte, RD.\u2013\u00a0El presidente Luis Abinader\u00a0encabez\u00f3 el s\u00e1bado una\u00a0mesa de trabajo\u00a0con las principales\u00a0autoridades del municipio Santo Domingo Norte, con el objetivo de dar seguimiento a los\u00a0problemas y necesidades\u00a0de cada comunidad, evaluar el avance de las\u00a0obras [&hellip;]<\/p>\n","protected":false},"author":2,"featured_media":640532,"comment_status":"closed","ping_status":"closed","sticky":false,"template":"","format":"standard","meta":{"footnotes":""},"categories":[20,27],"tags":[],"class_list":["post-640531","post","type-post","status-publish","format-standard","has-post-thumbnail","hentry","category-dominicana-hoy","category-portada"],"_links":{"self":[{"href":"https:\/\/diariodominicano.com\/index.php?rest_route=\/wp\/v2\/posts\/640531","targetHints":{"allow":["GET"]}}],"collection":[{"href":"https:\/\/diariodominicano.com\/index.php?rest_route=\/wp\/v2\/posts"}],"about":[{"href":"https:\/\/diariodominicano.com\/index.php?rest_route=\/wp\/v2\/types\/post"}],"author":[{"embeddable":true,"href":"https:\/\/diariodominicano.com\/index.php?rest_route=\/wp\/v2\/users\/2"}],"replies":[{"embeddable":true,"href":"https:\/\/diariodominicano.com\/index.php?rest_route=%2Fwp%2Fv2%2Fcomments&post=640531"}],"version-history":[{"count":1,"href":"https:\/\/diariodominicano.com\/index.php?rest_route=\/wp\/v2\/posts\/640531\/revisions"}],"predecessor-version":[{"id":640533,"href":"https:\/\/diariodominicano.com\/index.php?rest_route=\/wp\/v2\/posts\/640531\/revisions\/640533"}],"wp:featuredmedia":[{"embeddable":true,"href":"https:\/\/diariodominicano.com\/index.php?rest_route=\/wp\/v2\/media\/640532"}],"wp:attachment":[{"href":"https:\/\/diariodominicano.com\/index.php?rest_route=%2Fwp%2Fv2%2Fmedia&parent=640531"}],"wp:term":[{"taxonomy":"category","embeddable":true,"href":"https:\/\/diariodominicano.com\/index.php?rest_route=%2Fwp%2Fv2%2Fcategories&post=640531"},{"taxonomy":"post_tag","embeddable":true,"href":"https:\/\/diariodominicano.com\/index.php?rest_route=%2Fwp%2Fv2%2Ftags&post=640531"}],"curies":[{"name":"wp","href":"https:\/\/api.w.org\/{rel}","templated":true}]}}