{"id":640412,"date":"2025-09-27T18:09:59","date_gmt":"2025-09-27T22:09:59","guid":{"rendered":"https:\/\/diariodominicano.com\/?p=640412"},"modified":"2025-09-27T18:10:38","modified_gmt":"2025-09-27T22:10:38","slug":"el-coe-mantiene-10-provincias-y-al-distrito-nacional-en-alerta-amarilla-y-14-en-verde","status":"publish","type":"post","link":"https:\/\/diariodominicano.com\/?p=640412","title":{"rendered":"El COE mantiene 10 provincias y al Distrito Nacional en alerta amarilla y 14 en verde"},"content":{"rendered":"\n<p>El COE mantiene 10 provincias y al Distrito Nacional en alerta amarilla y 14 en verde, debido a que el Informe del INDOMET, establece que por el gran contenido de humedad en nuestra masa de aire y la inestabilidad asociada a los efectos indirectos del potencial cicl\u00f3n tropical #9 que continua alej\u00e1ndose del pa\u00eds, se observan algunos nublados que generan chubascos dispersos en poblados de la costa sur, norte y noroeste.<\/p>\n\n\n\n<p>Asimismo, se espera que despu\u00e9s del mediod\u00eda, el calor asociado al ciclo diurno tambi\u00e9n favorecer\u00e1<\/p>\n\n\n\n<p>incrementos de la nubosidad, acompa\u00f1ados de aguaceros que podr\u00edan ser fuertes en puntos aislados, tormentas el\u00e9ctricas y posibles r\u00e1fagas de viento.<\/p>\n\n\n\n<p><strong>Las provincias en alerta amarilla\u00a0 son:<\/strong><\/p>\n\n\n\n<p>Santo Domingo<\/p>\n\n\n\n<p>Distrito Nacional<\/p>\n\n\n\n<p>San Crist\u00f3bal<\/p>\n\n\n\n<p>San Jos\u00e9 de Ocoa<\/p>\n\n\n\n<p>Az\u00faa<\/p>\n\n\n\n<p>Mar\u00eda Trinidad S\u00e1nchez<\/p>\n\n\n\n<p>San Juan<\/p>\n\n\n\n<p>Monte Plata<\/p>\n\n\n\n<p>Pedernales<\/p>\n\n\n\n<p>Peravia<\/p>\n\n\n\n<p>Barahona<\/p>\n\n\n\n<p><strong>En alerta verde\u00a0 est\u00e1n :<\/strong><\/p>\n\n\n\n<p>El\u00edas Pi\u00f1a<\/p>\n\n\n\n<p>La Vega<\/p>\n\n\n\n<p>Monse\u00f1or Nouel<\/p>\n\n\n\n<p>Dajab\u00f3n<\/p>\n\n\n\n<p>San Pedro de Macor\u00eds<\/p>\n\n\n\n<p>Independencia<\/p>\n\n\n\n<p>Saman\u00e1<\/p>\n\n\n\n<p>Santiago<\/p>\n\n\n\n<p>Bahoruco<\/p>\n\n\n\n<p>Duarte<\/p>\n\n\n\n<p>El Seibo<\/p>\n\n\n\n<p>La Romana<\/p>\n\n\n\n<p>La Altagracia<\/p>\n\n\n\n<p>Hato Mayor<\/p>\n\n\n\n<p>En ese sentido, se recomienda a las personas abstenerse de cruzar, r\u00edos, arroyos y ca\u00f1adas que presenten altos vol\u00famenes de agua en la provincia bajo alerta.<\/p>\n\n\n\n<p>De igual forma, se recomienda a los operadores de embarcaciones, tomar la debida precauci\u00f3n ante la visibilidad reducida por la actividad lluviosa que se presentar\u00e1 hacia el litoral caribe\u00f1o y noreste del pa\u00eds.<\/p>\n","protected":false},"excerpt":{"rendered":"<p>El COE mantiene 10 provincias y al Distrito Nacional en alerta amarilla y 14 en verde, debido a que el Informe del INDOMET, establece que por el gran contenido de humedad en nuestra masa de aire y la inestabilidad asociada a los efectos indirectos del potencial cicl\u00f3n tropical #9 que continua alej\u00e1ndose del pa\u00eds, se [&hellip;]<\/p>\n","protected":false},"author":7,"featured_media":640416,"comment_status":"closed","ping_status":"closed","sticky":false,"template":"","format":"standard","meta":{"footnotes":""},"categories":[20,27],"tags":[1658],"class_list":["post-640412","post","type-post","status-publish","format-standard","has-post-thumbnail","hentry","category-dominicana-hoy","category-portada","tag-coe"],"_links":{"self":[{"href":"https:\/\/diariodominicano.com\/index.php?rest_route=\/wp\/v2\/posts\/640412","targetHints":{"allow":["GET"]}}],"collection":[{"href":"https:\/\/diariodominicano.com\/index.php?rest_route=\/wp\/v2\/posts"}],"about":[{"href":"https:\/\/diariodominicano.com\/index.php?rest_route=\/wp\/v2\/types\/post"}],"author":[{"embeddable":true,"href":"https:\/\/diariodominicano.com\/index.php?rest_route=\/wp\/v2\/users\/7"}],"replies":[{"embeddable":true,"href":"https:\/\/diariodominicano.com\/index.php?rest_route=%2Fwp%2Fv2%2Fcomments&post=640412"}],"version-history":[{"count":1,"href":"https:\/\/diariodominicano.com\/index.php?rest_route=\/wp\/v2\/posts\/640412\/revisions"}],"predecessor-version":[{"id":640417,"href":"https:\/\/diariodominicano.com\/index.php?rest_route=\/wp\/v2\/posts\/640412\/revisions\/640417"}],"wp:featuredmedia":[{"embeddable":true,"href":"https:\/\/diariodominicano.com\/index.php?rest_route=\/wp\/v2\/media\/640416"}],"wp:attachment":[{"href":"https:\/\/diariodominicano.com\/index.php?rest_route=%2Fwp%2Fv2%2Fmedia&parent=640412"}],"wp:term":[{"taxonomy":"category","embeddable":true,"href":"https:\/\/diariodominicano.com\/index.php?rest_route=%2Fwp%2Fv2%2Fcategories&post=640412"},{"taxonomy":"post_tag","embeddable":true,"href":"https:\/\/diariodominicano.com\/index.php?rest_route=%2Fwp%2Fv2%2Ftags&post=640412"}],"curies":[{"name":"wp","href":"https:\/\/api.w.org\/{rel}","templated":true}]}}