{"id":640378,"date":"2025-09-27T09:23:37","date_gmt":"2025-09-27T13:23:37","guid":{"rendered":"https:\/\/diariodominicano.com\/?p=640378"},"modified":"2025-09-27T09:23:40","modified_gmt":"2025-09-27T13:23:40","slug":"la-internacional-reaccionaria-2","status":"publish","type":"post","link":"https:\/\/diariodominicano.com\/?p=640378","title":{"rendered":"La Internacional Reaccionaria"},"content":{"rendered":"\n<p><strong>Por: Luis Fern\u00e1ndez<\/strong><\/p>\n\n\n\n<p><img loading=\"lazy\" decoding=\"async\" width=\"195\" height=\"217\" src=\"\" alt=\"La cara de un hombre con lentes y traje\n\nDescripci\u00f3n generada autom\u00e1ticamente con confianza media\">La internacional reaccionaria que se ha venido articulando a nivel mundial, a trav\u00e9s de partidos y movimientos de ultraderecha y gobiernos conservadores, ha venido ganando poder electoral e influencia pol\u00edtica medi\u00e1tica, lo que la est\u00e1 convirtiendo en un bloque pol\u00edtico ideol\u00f3gico global, cuya expansi\u00f3n amenaza la democracia y sus instituciones, el Estado de derecho y los asuntos mundiales.<\/p>\n\n\n\n<p>Esta red internacional se ha venido consolidando en los \u00faltimos a\u00f1os en Am\u00e9rica Latina, Europa y los Estados Unidos, gobernando e influyendo en pa\u00edses del norte y del sur global e impactando en organismos internacionales como, la Uni\u00f3n Europea, la OEA y Las Naciones Unidas, lo que est\u00e1 contribuyendo de manera paulatina a la desintegraci\u00f3n del orden pol\u00edtico internacional<\/p>\n\n\n\n<p>Este avance de la Internacional reaccionaria ha sido facilitado por la crisis econ\u00f3mica mundial, los altos niveles de desigualdad y pobreza de los pueblos, la desconfianza en el sistema democr\u00e1tico tradicional, el uso indiscriminado de los recursos del Estado de manera corrupta de parte de funcionarios p\u00fablicos, empresas privadas y grupos de poder adem\u00e1s de la debilidad de los partidos pol\u00edticos.<\/p>\n\n\n\n<p>Esta red transnacional rechaza las reformas sociales progresistas, los derechos civiles, ambientalismo, feminismo y los movimientos populares que luchan por la justicia social, apelando al ultranacionalismo, la desinformaci\u00f3n digital y a la pol\u00edtica del miedo mediante la utilizaci\u00f3n de amenazas exageradas, con el fin de que la poblaci\u00f3n acepte sus pol\u00edticas, de control de la sociedad.<\/p>\n\n\n\n<p>La Internacional reaccionaria busca conservar y restaurar estructuras tradicionales excluyentes y autoritarias, para restringir derechos y espacios democr\u00e1ticos, para imponer su poder desp\u00f3tico y una autoridad que no respeta el Estado de derecho ni la separaci\u00f3n de poderes, tratando de aprovechar cualquier oportunidad o coyuntura para afianzar la presencia de la ultraderecha.<\/p>\n\n\n\n<p>En este contexto de avance reaccionario, se requiere la movilizaci\u00f3n activa y participativa de la ciudadan\u00eda y de los pueblos, en defensa de la verdadera democracia respetuosa del derecho, para que no languidezca o desaparezca, luchando de manera firme frente a las m\u00faltiples amenazas que buscan frenar los cambios democr\u00e1ticos y progresistas de las sociedades.<\/p>\n\n\n\n<p>La Internacional Reaccionaria y los sectores de ultraderecha y conservadores que se mueven a su alrededor enfrentan a las minor\u00edas y a los migrantes de manera injusta, con discursos nacionalistas, xen\u00f3fobos, de odio y discriminaci\u00f3n, criminalizando y persiguiendo a los migrantes, a los movimientos sociales y a los opositores, provocando graves retrocesos en los derechos humanos.<\/p>\n\n\n\n<p>Esta red impulsa la concentraci\u00f3n del poder en lideres personalistas de la derecha, que apliquen pol\u00edticas neoliberales radicales que profundizan las desigualdades y la pobreza, privatizaci\u00f3n de los bienes p\u00fablicos estrat\u00e9gicos, medidas restrictivas que violen los derechos internacionales de los migrantes y pol\u00edticas agresivas militaristas o nacionalistas y fragmentaci\u00f3n del orden internacional.<\/p>\n\n\n\n<p>Uno de los mayores peligros de la internacional reaccionaria es que mediante la utilizaci\u00f3n de m\u00e9todos democr\u00e1ticos se instala en el poder, para gradualmente socavar el aparato institucional del sistema democr\u00e1tico desde su interior, imponiendo su visi\u00f3n reaccionaria como pol\u00edtica de estado, legitimando proyectos excluyentes y provocando un retroceso en pol\u00edticas ambientales.<\/p>\n\n\n\n<p>Los pueblos y las fuerzas progresistas del mundo tienen ante s\u00ed un gran desaf\u00edo al enfrentar a este bloque global con ideolog\u00eda, redes digitales, poder cultural y recursos econ\u00f3micos, hay que ser cr\u00edticos con los errores cometidos por las diferentes fuerzas pol\u00edticas que han hecho posible la expansi\u00f3n de esta internacional reaccionaria, abriendo una oportunidad para fortalecer la democracia y los derechos humanos.<\/p>\n\n\n\n<p>Hay que enterrar la vieja pol\u00edtica y levantar con fuerza la confianza y la esperanza de los pueblos de que un mundo mejor es posible, hay que poner fin a la visi\u00f3n de hacer promesas a la poblaci\u00f3n que nunca se cumplen, lo que solo ha provocado decepci\u00f3n y frustraci\u00f3n en la gente, que ve a los pol\u00edticos como simples administradores p\u00fablicos y no como visionarios capaces de producir enormes avances sociales.<\/p>\n\n\n\n<p>El avance de la Internacional Reaccionaria es una realidad y las alianzas pol\u00edticas que se vienen forjando transnacionalmente entre actores y fuerzas distintas contin\u00faan creciendo en medio de sociedades fracturadas y descontentas y de Estados extenuados y fr\u00e1giles, hay que dar un paso al frente y combatir las ideas reaccionarias, construyendo alternativas cre\u00edbles en favor de la vida y el bien com\u00fan.<\/p>\n\n\n\n<p><strong>Luis Fern\u00e1ndez, politico, escritor y comunicador<\/strong><strong><\/strong><\/p>\n\n\n\n<p><strong>Santo Domingo R.D.<\/strong><strong><\/strong><\/p>\n\n\n\n<p><strong>26\/9\/25<\/strong><strong><\/strong><\/p>\n","protected":false},"excerpt":{"rendered":"<p>Por: Luis Fern\u00e1ndez La internacional reaccionaria que se ha venido articulando a nivel mundial, a trav\u00e9s de partidos y movimientos de ultraderecha y gobiernos conservadores, ha venido ganando poder electoral e influencia pol\u00edtica medi\u00e1tica, lo que la est\u00e1 convirtiendo en un bloque pol\u00edtico ideol\u00f3gico global, cuya expansi\u00f3n amenaza la democracia y sus instituciones, el Estado [&hellip;]<\/p>\n","protected":false},"author":2,"featured_media":502389,"comment_status":"closed","ping_status":"closed","sticky":false,"template":"","format":"standard","meta":{"footnotes":""},"categories":[19,16],"tags":[],"class_list":["post-640378","post","type-post","status-publish","format-standard","has-post-thumbnail","hentry","category-mi-voz","category-opiniones"],"_links":{"self":[{"href":"https:\/\/diariodominicano.com\/index.php?rest_route=\/wp\/v2\/posts\/640378","targetHints":{"allow":["GET"]}}],"collection":[{"href":"https:\/\/diariodominicano.com\/index.php?rest_route=\/wp\/v2\/posts"}],"about":[{"href":"https:\/\/diariodominicano.com\/index.php?rest_route=\/wp\/v2\/types\/post"}],"author":[{"embeddable":true,"href":"https:\/\/diariodominicano.com\/index.php?rest_route=\/wp\/v2\/users\/2"}],"replies":[{"embeddable":true,"href":"https:\/\/diariodominicano.com\/index.php?rest_route=%2Fwp%2Fv2%2Fcomments&post=640378"}],"version-history":[{"count":1,"href":"https:\/\/diariodominicano.com\/index.php?rest_route=\/wp\/v2\/posts\/640378\/revisions"}],"predecessor-version":[{"id":640379,"href":"https:\/\/diariodominicano.com\/index.php?rest_route=\/wp\/v2\/posts\/640378\/revisions\/640379"}],"wp:featuredmedia":[{"embeddable":true,"href":"https:\/\/diariodominicano.com\/index.php?rest_route=\/wp\/v2\/media\/502389"}],"wp:attachment":[{"href":"https:\/\/diariodominicano.com\/index.php?rest_route=%2Fwp%2Fv2%2Fmedia&parent=640378"}],"wp:term":[{"taxonomy":"category","embeddable":true,"href":"https:\/\/diariodominicano.com\/index.php?rest_route=%2Fwp%2Fv2%2Fcategories&post=640378"},{"taxonomy":"post_tag","embeddable":true,"href":"https:\/\/diariodominicano.com\/index.php?rest_route=%2Fwp%2Fv2%2Ftags&post=640378"}],"curies":[{"name":"wp","href":"https:\/\/api.w.org\/{rel}","templated":true}]}}