{"id":640373,"date":"2025-09-27T03:23:54","date_gmt":"2025-09-27T07:23:54","guid":{"rendered":"https:\/\/diariodominicano.com\/?p=640373"},"modified":"2025-09-27T03:26:00","modified_gmt":"2025-09-27T07:26:00","slug":"la-vicepresidenta-raquel-pena-encabezara-reunion-virtual-del-consejo-nacional-de-la-magistratura","status":"publish","type":"post","link":"https:\/\/diariodominicano.com\/?p=640373","title":{"rendered":"La Vicepresidenta Raquel Pe\u00f1a encabezar\u00e1 reuni\u00f3n virtual del Consejo Nacional de la Magistratura"},"content":{"rendered":"\n<h3 class=\"wp-block-heading\">Se convocar\u00e1 para el 2 de octubre a los tres jueces de la SCJ que les corresponde evaluaci\u00f3n de desempe\u00f1o.<\/h3>\n\n\n\n<p>26 de Septiembre 2025 <\/p>\n\n\n\n<figure class=\"wp-block-image\"><img decoding=\"async\" src=\"https:\/\/platform-cdn.sharethis.com\/img\/facebook.svg\" alt=\"facebook sharing button\"\/><\/figure>\n\n\n\n<p>Santo Domingo, RD.-\u00a0<strong>La vicepresidenta Raquel Pe\u00f1a<\/strong>\u00a0encabez\u00f3 este viernes una\u00a0<strong>reuni\u00f3n virtual del Consejo Nacional de la Magistratura<\/strong>, en la que se decidi\u00f3 proceder con la\u00a0<strong>convocatoria<\/strong>\u00a0para la evaluaci\u00f3n de desempe\u00f1o de los jueces de la Suprema Corte de Justicia\u00a0<strong>Pilar Jim\u00e9nez Ortiz, Manuel Alexis Read Ortiz y Mois\u00e9s Ferrer Landr\u00f3n,<\/strong>\u00a0tras haber transcurrido 7 a\u00f1os desde sus designaciones, de conformidad con lo dispuesto en el\u00a0<strong>art\u00edculo 181 de la Constituci\u00f3n de la Rep\u00fablica.<\/strong><\/p>\n\n\n\n<p><strong>Las entrevistas<\/strong>&nbsp;tendr\u00e1n lugar el pr\u00f3ximo jueves 2 de octubre, a partir de las 5:00 de la tarde, en el Palacio Nacional y ser\u00e1n&nbsp;<strong>de car\u00e1cter p\u00fablico.<\/strong><\/p>\n\n\n\n<p>Estas declaraciones fueron ofrecidas por el consultor jur\u00eddico del Poder Ejecutivo, Dr.&nbsp;<strong>Antoliano Peralta Romero<\/strong>.<\/p>\n\n\n\n<p><strong>Reciente modificaci\u00f3n al Reglamento para la evaluaci\u00f3n del desempe\u00f1o de los jueces de la Suprema Corte de Justicia<\/strong><\/p>\n\n\n\n<p>Se recuerda que, tras la&nbsp;<strong>reciente modificaci\u00f3n al Reglamento<\/strong>&nbsp;para la&nbsp;<strong>evaluaci\u00f3n de desempe\u00f1o<\/strong>&nbsp;de los jueces de la Suprema Corte de Justicia, qued\u00f3 habilitada la&nbsp;<strong>posibilidad<\/strong>&nbsp;de que el Consejo Nacional de la Magistratura decida en cada convocatoria si&nbsp;<strong>las entrevistas ser\u00e1n p\u00fablicas o no<\/strong>, con excepci\u00f3n de la entrevista del&nbsp;<strong>presidente de la Suprema Corte de Justicia, la cual siempre deber\u00e1 ser p\u00fablica<\/strong>, de conformidad con el&nbsp;<strong>p\u00e1rrafo I del art\u00edculo 4 del Reglamento n\u00fam. 2-25<\/strong>, para la evaluaci\u00f3n del desempe\u00f1o de los jueces de la Suprema Corte de Justicia, del 15 de septiembre de 2025.<\/p>\n\n\n\n<p><strong>No se presentaron objeciones en contra de los magistrados de la Suprema Corte de Justicia<\/strong><\/p>\n\n\n\n<p><strong>El pasado 23 de septiembre cerr\u00f3 el plazo<\/strong>&nbsp;para que los interesados presentaran sus&nbsp;<strong>objeciones<\/strong>&nbsp;a partir de la publicaci\u00f3n de los informes de desempe\u00f1o de los jueces de la Suprema Corte de Justicia a ser evaluados. Sin embargo,&nbsp;<strong>no fue presentada objeci\u00f3n alguna&nbsp;<\/strong>en esta ocasi\u00f3n ante la Secretar\u00eda del Consejo Nacional de la Magistratura.<\/p>\n\n\n\n<p><strong>Caso del magistrado Blas Rafael Fern\u00e1ndez G\u00f3mez<\/strong><\/p>\n\n\n\n<p>Aunque tambi\u00e9n transcurrieron 7 a\u00f1os desde la designaci\u00f3n del magistrado de la Suprema Corte de Justicia\u00a0<strong>Blas Rafael Fern\u00e1ndez G\u00f3mez<\/strong>, el mismo\u00a0<strong>no ser\u00e1 evaluado<\/strong>, tras este haber comunicado al Consejo Nacional de la Magistratura\u00a0<strong>su decisi\u00f3n de no optar por un nuevo per\u00edodo en la alta corte<\/strong>, de conformidad con lo establecido en el\u00a0<strong>art\u00edculo 5 del Reglamento n\u00fam. 2-25<\/strong>, para la evaluaci\u00f3n del desempe\u00f1o de los jueces de la Suprema Corte de Justicia.<\/p>\n\n\n\n<p>Con informaci\u00f3n de la Presidencia de la Rep\u00fablica.<\/p>\n\n\n\n<p>#Raquel Pe\u00f1a <\/p>\n","protected":false},"excerpt":{"rendered":"<p>Se convocar\u00e1 para el 2 de octubre a los tres jueces de la SCJ que les corresponde evaluaci\u00f3n de desempe\u00f1o. 26 de Septiembre 2025 Santo Domingo, RD.-\u00a0La vicepresidenta Raquel Pe\u00f1a\u00a0encabez\u00f3 este viernes una\u00a0reuni\u00f3n virtual del Consejo Nacional de la Magistratura, en la que se decidi\u00f3 proceder con la\u00a0convocatoria\u00a0para la evaluaci\u00f3n de desempe\u00f1o de los jueces [&hellip;]<\/p>\n","protected":false},"author":2,"featured_media":640374,"comment_status":"closed","ping_status":"closed","sticky":false,"template":"","format":"standard","meta":{"footnotes":""},"categories":[20,24],"tags":[],"class_list":["post-640373","post","type-post","status-publish","format-standard","has-post-thumbnail","hentry","category-dominicana-hoy","category-justicia-y-derecho"],"_links":{"self":[{"href":"https:\/\/diariodominicano.com\/index.php?rest_route=\/wp\/v2\/posts\/640373","targetHints":{"allow":["GET"]}}],"collection":[{"href":"https:\/\/diariodominicano.com\/index.php?rest_route=\/wp\/v2\/posts"}],"about":[{"href":"https:\/\/diariodominicano.com\/index.php?rest_route=\/wp\/v2\/types\/post"}],"author":[{"embeddable":true,"href":"https:\/\/diariodominicano.com\/index.php?rest_route=\/wp\/v2\/users\/2"}],"replies":[{"embeddable":true,"href":"https:\/\/diariodominicano.com\/index.php?rest_route=%2Fwp%2Fv2%2Fcomments&post=640373"}],"version-history":[{"count":2,"href":"https:\/\/diariodominicano.com\/index.php?rest_route=\/wp\/v2\/posts\/640373\/revisions"}],"predecessor-version":[{"id":640377,"href":"https:\/\/diariodominicano.com\/index.php?rest_route=\/wp\/v2\/posts\/640373\/revisions\/640377"}],"wp:featuredmedia":[{"embeddable":true,"href":"https:\/\/diariodominicano.com\/index.php?rest_route=\/wp\/v2\/media\/640374"}],"wp:attachment":[{"href":"https:\/\/diariodominicano.com\/index.php?rest_route=%2Fwp%2Fv2%2Fmedia&parent=640373"}],"wp:term":[{"taxonomy":"category","embeddable":true,"href":"https:\/\/diariodominicano.com\/index.php?rest_route=%2Fwp%2Fv2%2Fcategories&post=640373"},{"taxonomy":"post_tag","embeddable":true,"href":"https:\/\/diariodominicano.com\/index.php?rest_route=%2Fwp%2Fv2%2Ftags&post=640373"}],"curies":[{"name":"wp","href":"https:\/\/api.w.org\/{rel}","templated":true}]}}