{"id":640369,"date":"2025-09-27T03:15:33","date_gmt":"2025-09-27T07:15:33","guid":{"rendered":"https:\/\/diariodominicano.com\/?p=640369"},"modified":"2025-09-27T03:16:16","modified_gmt":"2025-09-27T07:16:16","slug":"obras-publicas-cierra-de-manera-preventiva-el-tunel-de-las-americas-por-efecto-de-vaguada","status":"publish","type":"post","link":"https:\/\/diariodominicano.com\/?p=640369","title":{"rendered":"Obras p\u00fablicas anuncia cierra de manera preventiva el t\u00fanel de Las Am\u00e9ricas por efecto de vaguada"},"content":{"rendered":"\n<h3 class=\"wp-block-heading\">Esta decisi\u00f3n tiene como prop\u00f3sito resguardar la seguridad de los conductores y peatones.<\/h3>\n\n\n\n<p>26 de Septiembre 2025 | 13:21<\/p>\n\n\n\n<p>Santo Domingo, RD.\u2013\u00a0<strong>El Ministerio de Obras P\u00fablicas y Comunicaciones (MOPC)\u00a0<\/strong>informa a la ciudadan\u00eda que, como\u00a0<strong>medida preventiva<\/strong>\u00a0se ha dispuesto el\u00a0<strong>cierre provisional del t\u00fanel de la avenida Las Am\u00e9ricas<\/strong>\u00a0debido a las intensas\u00a0<strong>precipitaciones<\/strong>\u00a0que afectan al\u00a0<strong>Gran Santo Domingo<\/strong>, provincia declarada en\u00a0<strong>alerta roja<\/strong>\u00a0por el Centro de Operaciones de Emergencia\u00a0<strong>(COE)<\/strong>\u00a0a consecuencia de una vaguada.<\/p>\n\n\n\n<p>Esta decisi\u00f3n tiene como prop\u00f3sito resguardar la&nbsp;<strong>seguridad de los conductores y peatones<\/strong>, evitando incidentes derivados de la acumulaci\u00f3n de agua en la infraestructura.<\/p>\n\n\n\n<p>El MOPC, en coordinaci\u00f3n con la Direcci\u00f3n General de Seguridad de Tr\u00e1nsito y Transporte Terrestre&nbsp;<strong>(Digesett)<\/strong>, ha dispuesto&nbsp;<strong>rutas alternas y desv\u00edos<\/strong>&nbsp;en la zona para garantizar la movilidad y minimizar los contratiempos en la circulaci\u00f3n.<\/p>\n\n\n\n<p>El t\u00fanel ser\u00e1 reabierto tan pronto las condiciones clim\u00e1ticas permitan una operaci\u00f3n segura. Mientras tanto,&nbsp;<strong>el Ministerio se mantiene en monitoreo permanente con brigadas en el terreno.<\/strong><\/p>\n\n\n\n<p>El MOPC exhorta a los conductores a circular con\u00a0<strong>prudencia<\/strong>, atender las\u00a0<strong>se\u00f1ales de tr\u00e1nsito<\/strong>\u00a0y seguir las\u00a0<strong>indicaciones<\/strong>\u00a0de las autoridades.<\/p>\n\n\n\n<p>Con informaci\u00f3n de la Presidencia de la Rep\u00fablica.<\/p>\n","protected":false},"excerpt":{"rendered":"<p>Esta decisi\u00f3n tiene como prop\u00f3sito resguardar la seguridad de los conductores y peatones. 26 de Septiembre 2025 | 13:21 Santo Domingo, RD.\u2013\u00a0El Ministerio de Obras P\u00fablicas y Comunicaciones (MOPC)\u00a0informa a la ciudadan\u00eda que, como\u00a0medida preventiva\u00a0se ha dispuesto el\u00a0cierre provisional del t\u00fanel de la avenida Las Am\u00e9ricas\u00a0debido a las intensas\u00a0precipitaciones\u00a0que afectan al\u00a0Gran Santo Domingo, provincia declarada [&hellip;]<\/p>\n","protected":false},"author":2,"featured_media":640370,"comment_status":"closed","ping_status":"closed","sticky":false,"template":"","format":"standard","meta":{"footnotes":""},"categories":[20],"tags":[],"class_list":["post-640369","post","type-post","status-publish","format-standard","has-post-thumbnail","hentry","category-dominicana-hoy"],"_links":{"self":[{"href":"https:\/\/diariodominicano.com\/index.php?rest_route=\/wp\/v2\/posts\/640369","targetHints":{"allow":["GET"]}}],"collection":[{"href":"https:\/\/diariodominicano.com\/index.php?rest_route=\/wp\/v2\/posts"}],"about":[{"href":"https:\/\/diariodominicano.com\/index.php?rest_route=\/wp\/v2\/types\/post"}],"author":[{"embeddable":true,"href":"https:\/\/diariodominicano.com\/index.php?rest_route=\/wp\/v2\/users\/2"}],"replies":[{"embeddable":true,"href":"https:\/\/diariodominicano.com\/index.php?rest_route=%2Fwp%2Fv2%2Fcomments&post=640369"}],"version-history":[{"count":2,"href":"https:\/\/diariodominicano.com\/index.php?rest_route=\/wp\/v2\/posts\/640369\/revisions"}],"predecessor-version":[{"id":640372,"href":"https:\/\/diariodominicano.com\/index.php?rest_route=\/wp\/v2\/posts\/640369\/revisions\/640372"}],"wp:featuredmedia":[{"embeddable":true,"href":"https:\/\/diariodominicano.com\/index.php?rest_route=\/wp\/v2\/media\/640370"}],"wp:attachment":[{"href":"https:\/\/diariodominicano.com\/index.php?rest_route=%2Fwp%2Fv2%2Fmedia&parent=640369"}],"wp:term":[{"taxonomy":"category","embeddable":true,"href":"https:\/\/diariodominicano.com\/index.php?rest_route=%2Fwp%2Fv2%2Fcategories&post=640369"},{"taxonomy":"post_tag","embeddable":true,"href":"https:\/\/diariodominicano.com\/index.php?rest_route=%2Fwp%2Fv2%2Ftags&post=640369"}],"curies":[{"name":"wp","href":"https:\/\/api.w.org\/{rel}","templated":true}]}}