{"id":640239,"date":"2025-09-27T01:20:30","date_gmt":"2025-09-27T05:20:30","guid":{"rendered":"https:\/\/diariodominicano.com\/?p=640239"},"modified":"2025-09-27T01:20:33","modified_gmt":"2025-09-27T05:20:33","slug":"sistema-penitenciario-mantiene-activo-su-plan-de-contingencia-ante-intensas-lluvias","status":"publish","type":"post","link":"https:\/\/diariodominicano.com\/?p=640239","title":{"rendered":"Sistema penitenciario mantiene activo su plan de contingencia ante intensas lluvias"},"content":{"rendered":"\n<p>SANTO DOMINGO (Rep\u00fablica Dominicana).-&nbsp; La Direcci\u00f3n General de Servicios Penitenciarios y Correccionales (DGSPC) mantiene activado su plan de contingencia ante posibles emergencias relacionadas con las intensas lluvias que afectan al territorio nacional.<\/p>\n\n\n\n<p>Siguiendo los protocolos para proteger la vida de los privados de libertad y de los servidores de la DGSPC, as\u00ed como de las infraestructuras del sistema penitenciario en todo el pa\u00eds, este viernes se llev\u00f3 a cabo una reuni\u00f3n del Comit\u00e9 de Emergencia Institucional de la DGSPC.<\/p>\n\n\n\n<p>El comit\u00e9 se mantiene en sesi\u00f3n permanente&nbsp; a&nbsp; fin&nbsp; de&nbsp; atender posibles emergencias que pudieran&nbsp; ocurrir&nbsp; en&nbsp; algunos de&nbsp; los&nbsp; centros&nbsp; ubicados&nbsp; en las provincias&nbsp; que en estos&nbsp; mementos se encuentran bajo alerta&nbsp; roja.<\/p>\n\n\n\n<p>Durante la reuni\u00f3n, encabezada por el titular de la&nbsp; DGSPC,&nbsp; Roberto&nbsp; Hern\u00e1ndez&nbsp; Basilio, se revisaron los protocolos de contingencia vigentes,&nbsp; las medidas preventivas y correctivas aplicadas hasta el momento, as\u00ed como la situaci\u00f3n general de los centros penitenciarios y correccionales a nivel nacional.<\/p>\n\n\n\n<p>En su informe correspondiente a la 1:00 de la tarde de este viernes, el Instituto Dominicano de Meteorolog\u00eda (Indomet) mantiene alertas y avisos meteorol\u00f3gicos por riesgo de inundaciones serveras, crecidas de r\u00edos, arroyos y ca\u00f1adas. \u201cEl amplio campo nuboso asociado a la activa onda tropical, que actualmente ubica su eje sobre la parte oriental de Cuba, se mantiene sobre el pa\u00eds\u201d, indica.<\/p>\n\n\n\n<p>\u201cEsta actividad, apoyada por la incidencia de una vaguada en varios niveles de la troposfera, contin\u00faa generando aguaceros moderados a fuertes, tormentas el\u00e9ctricas y r\u00e1fagas de viento hacia Santo Domingo, Monte Plata, Hato Mayor, Saman\u00e1, Mar\u00eda Trinidad S\u00e1nchez, Duarte, San Crist\u00f3bal, Peravia, San Jos\u00e9 de Ocoa, Santiago Rodr\u00edguez y Santiago, entre otras provincias cercanas\u201d.<\/p>\n\n\n\n<p>El Indomet prev\u00e9 que para las pr\u00f3ximas horas las precipitaciones contin\u00faen y se extiendan hacia provincias como La Romana, La Altagracia, S\u00e1nchez Ram\u00edrez, Duarte, entre otras aleda\u00f1as, aunque tambi\u00e9n hacia el Cibao.<\/p>\n\n\n\n<p>Direcci\u00f3n General de Comunicaci\u00f3n, Prensa y RRPP<\/p>\n\n\n\n<p>Ministerio P\u00fablico RD<\/p>\n\n\n\n<p>Comunicaciones PGR <a href=\"mailto:comunicaciones@pgr.gob.do\">comunicaciones@pgr.gob.do<\/a><\/p>\n","protected":false},"excerpt":{"rendered":"<p>SANTO DOMINGO (Rep\u00fablica Dominicana).-&nbsp; La Direcci\u00f3n General de Servicios Penitenciarios y Correccionales (DGSPC) mantiene activado su plan de contingencia ante posibles emergencias relacionadas con las intensas lluvias que afectan al territorio nacional. Siguiendo los protocolos para proteger la vida de los privados de libertad y de los servidores de la DGSPC, as\u00ed como de las [&hellip;]<\/p>\n","protected":false},"author":7,"featured_media":456880,"comment_status":"closed","ping_status":"closed","sticky":false,"template":"","format":"standard","meta":{"footnotes":""},"categories":[24],"tags":[171],"class_list":["post-640239","post","type-post","status-publish","format-standard","has-post-thumbnail","hentry","category-justicia-y-derecho","tag-ministerio-publico"],"_links":{"self":[{"href":"https:\/\/diariodominicano.com\/index.php?rest_route=\/wp\/v2\/posts\/640239","targetHints":{"allow":["GET"]}}],"collection":[{"href":"https:\/\/diariodominicano.com\/index.php?rest_route=\/wp\/v2\/posts"}],"about":[{"href":"https:\/\/diariodominicano.com\/index.php?rest_route=\/wp\/v2\/types\/post"}],"author":[{"embeddable":true,"href":"https:\/\/diariodominicano.com\/index.php?rest_route=\/wp\/v2\/users\/7"}],"replies":[{"embeddable":true,"href":"https:\/\/diariodominicano.com\/index.php?rest_route=%2Fwp%2Fv2%2Fcomments&post=640239"}],"version-history":[{"count":1,"href":"https:\/\/diariodominicano.com\/index.php?rest_route=\/wp\/v2\/posts\/640239\/revisions"}],"predecessor-version":[{"id":640248,"href":"https:\/\/diariodominicano.com\/index.php?rest_route=\/wp\/v2\/posts\/640239\/revisions\/640248"}],"wp:featuredmedia":[{"embeddable":true,"href":"https:\/\/diariodominicano.com\/index.php?rest_route=\/wp\/v2\/media\/456880"}],"wp:attachment":[{"href":"https:\/\/diariodominicano.com\/index.php?rest_route=%2Fwp%2Fv2%2Fmedia&parent=640239"}],"wp:term":[{"taxonomy":"category","embeddable":true,"href":"https:\/\/diariodominicano.com\/index.php?rest_route=%2Fwp%2Fv2%2Fcategories&post=640239"},{"taxonomy":"post_tag","embeddable":true,"href":"https:\/\/diariodominicano.com\/index.php?rest_route=%2Fwp%2Fv2%2Ftags&post=640239"}],"curies":[{"name":"wp","href":"https:\/\/api.w.org\/{rel}","templated":true}]}}