{"id":640167,"date":"2025-09-26T16:48:43","date_gmt":"2025-09-26T20:48:43","guid":{"rendered":"https:\/\/diariodominicano.com\/?p=640167"},"modified":"2025-09-26T17:19:57","modified_gmt":"2025-09-26T21:19:57","slug":"vicealcaldesa-any-marte-convoca-comite-de-emergencia-en-sdo-ante-paso-de-tormenta","status":"publish","type":"post","link":"https:\/\/diariodominicano.com\/?p=640167","title":{"rendered":"Vicealcaldesa Any Marte convoca Comit\u00e9 de Emergencia en SDO ante paso de tormenta"},"content":{"rendered":"\n<p>Santo Domingo Oeste. La vicealcaldesa Any Marte, en su calidad de encargada de Mitigaci\u00f3n y Desastres del municipio Santo Domingo Oeste, convoc\u00f3 este viernes al Comit\u00e9 de Emergencia con el prop\u00f3sito de coordinar y trazar los trabajos de prevenci\u00f3n y respuesta inmediata frente a la situaci\u00f3n de emergencia que atraviesa el municipio, producto de la tormenta que actualmente incide en gran parte del territorio nacional.<\/p>\n\n\n\n<p>En el encuentro participaron la intendente municipal Tania Ferreira, representantes de la Cruz Roja Dominicana, la Polic\u00eda Nacional, la DIGESETT, la Defensa Civil, Edesur y el \u00c1rea VII de Salud, adem\u00e1s del Cuerpo de Bomberos y dirigentes comunitarios, con el objetivo de unificar esfuerzos para proteger a los mun\u00edcipes y minimizar riesgos.<\/p>\n\n\n\n<p>Durante la reuni\u00f3n, Marte destac\u00f3 la importancia de la articulaci\u00f3n interinstitucional para responder de manera r\u00e1pida y eficaz ante cualquier eventualidad. \u201cEl compromiso es salvaguardar vidas y propiedades. Desde la Alcald\u00eda y junto a los organismos de emergencia estamos dando los pasos necesarios para garantizar la seguridad de nuestra gente\u201d, expres\u00f3 la vicealcaldesa.<\/p>\n\n\n\n<p>Asimismo, exhort\u00f3 a la poblaci\u00f3n a mantenerse atenta a las informaciones oficiales y a tomar las medidas de precauci\u00f3n necesarias, evitando salir de sus hogares salvo en casos estrictamente necesarios.<\/p>\n\n\n\n<p>El Comit\u00e9 de Emergencia se declar\u00f3 en sesi\u00f3n permanente para dar seguimiento a la evoluci\u00f3n del fen\u00f3meno atmosf\u00e9rico y responder de manera oportuna a las necesidades de la ciudadan\u00eda. <\/p>\n","protected":false},"excerpt":{"rendered":"<p>Santo Domingo Oeste. La vicealcaldesa Any Marte, en su calidad de encargada de Mitigaci\u00f3n y Desastres del municipio Santo Domingo Oeste, convoc\u00f3 este viernes al Comit\u00e9 de Emergencia con el prop\u00f3sito de coordinar y trazar los trabajos de prevenci\u00f3n y respuesta inmediata frente a la situaci\u00f3n de emergencia que atraviesa el municipio, producto de la [&hellip;]<\/p>\n","protected":false},"author":7,"featured_media":640201,"comment_status":"closed","ping_status":"closed","sticky":false,"template":"","format":"standard","meta":{"footnotes":""},"categories":[20],"tags":[3246],"class_list":["post-640167","post","type-post","status-publish","format-standard","has-post-thumbnail","hentry","category-dominicana-hoy","tag-comite-de-emergencia-en-sdo"],"_links":{"self":[{"href":"https:\/\/diariodominicano.com\/index.php?rest_route=\/wp\/v2\/posts\/640167","targetHints":{"allow":["GET"]}}],"collection":[{"href":"https:\/\/diariodominicano.com\/index.php?rest_route=\/wp\/v2\/posts"}],"about":[{"href":"https:\/\/diariodominicano.com\/index.php?rest_route=\/wp\/v2\/types\/post"}],"author":[{"embeddable":true,"href":"https:\/\/diariodominicano.com\/index.php?rest_route=\/wp\/v2\/users\/7"}],"replies":[{"embeddable":true,"href":"https:\/\/diariodominicano.com\/index.php?rest_route=%2Fwp%2Fv2%2Fcomments&post=640167"}],"version-history":[{"count":2,"href":"https:\/\/diariodominicano.com\/index.php?rest_route=\/wp\/v2\/posts\/640167\/revisions"}],"predecessor-version":[{"id":640206,"href":"https:\/\/diariodominicano.com\/index.php?rest_route=\/wp\/v2\/posts\/640167\/revisions\/640206"}],"wp:featuredmedia":[{"embeddable":true,"href":"https:\/\/diariodominicano.com\/index.php?rest_route=\/wp\/v2\/media\/640201"}],"wp:attachment":[{"href":"https:\/\/diariodominicano.com\/index.php?rest_route=%2Fwp%2Fv2%2Fmedia&parent=640167"}],"wp:term":[{"taxonomy":"category","embeddable":true,"href":"https:\/\/diariodominicano.com\/index.php?rest_route=%2Fwp%2Fv2%2Fcategories&post=640167"},{"taxonomy":"post_tag","embeddable":true,"href":"https:\/\/diariodominicano.com\/index.php?rest_route=%2Fwp%2Fv2%2Ftags&post=640167"}],"curies":[{"name":"wp","href":"https:\/\/api.w.org\/{rel}","templated":true}]}}