{"id":640162,"date":"2025-09-26T15:32:53","date_gmt":"2025-09-26T19:32:53","guid":{"rendered":"https:\/\/diariodominicano.com\/?p=640162"},"modified":"2025-09-26T15:32:55","modified_gmt":"2025-09-26T19:32:55","slug":"pena-maxima-para-hombre-que-cometio-asesinato-y-tentativa-de-homicidio-en-san-francisco-de-macoris","status":"publish","type":"post","link":"https:\/\/diariodominicano.com\/?p=640162","title":{"rendered":"Pena m\u00e1xima para hombre que cometi\u00f3 asesinato y tentativa de homicidio en San Francisco de Macor\u00eds"},"content":{"rendered":"\n<p>El Ministerio P\u00fablico y la Polic\u00eda Nacional mantuvieron una activa persecuci\u00f3n hasta capturar a Edwar Antonio Garc\u00eda Rodr\u00edguez (el Purry), quien permaneci\u00f3 pr\u00f3fugo durante cinco a\u00f1os<\/p>\n\n\n\n<p>SANTO DOMINGO (Rep\u00fablica Dominicana).-&nbsp;En un caso emblem\u00e1tico de justicia y perseverancia en la lucha contra la impunidad y tras acoger la solicitud del Ministerio P\u00fablico, un tribunal de la provincia Duarte conden\u00f3 a la pena m\u00e1xima de 30 a\u00f1os de prisi\u00f3n a un hombre procesado por asesinato y tentativa de homicidio.<\/p>\n\n\n\n<p>Edwar Antonio Garc\u00eda Rodr\u00edguez (el Purry) fue condenado por incurrir en asociaci\u00f3n de malhechores para asesinar a Eliezer Cepeda Brito y por el intento de homicidio de Jimairy Garc\u00eda Paulino.<\/p>\n\n\n\n<p>Los hechos ocurrieron en el sector San Mart\u00edn, de San Francisco de Macor\u00eds, el 29 de febrero de 2020. Garc\u00eda Rodr\u00edguez y Henderson Lizardo P\u00e9rez (Moreno), este \u00faltimo fallecido, llegaron armados a la residencia de las v\u00edctimas y la emprendieron a tiros contra Eliezer Cepeda Brito, caus\u00e1ndole una herida mortal en el abdomen. En el hecho result\u00f3 herido gravemente Jimaury Garc\u00eda Paulino.<\/p>\n\n\n\n<p>El ataque, seg\u00fan la investigaci\u00f3n, estuvo motivado por conflictos personales y se ejecut\u00f3 con premeditaci\u00f3n y uso de armas de fuego ilegales, estableci\u00e9ndose la gravedad de los delitos cometidos.<\/p>\n\n\n\n<p>Garc\u00eda Rodr\u00edguez deber\u00e1 cumplir la sentencia en el Centro de Correcci\u00f3n y Rehabilitaci\u00f3n (CCR) Vista al Valle, de San Francisco de Macor\u00eds.<\/p>\n\n\n\n<p>Cinco a\u00f1os de fuga en b\u00fasqueda incansable de justicia<\/p>\n\n\n\n<p>Tras el crimen, Edwar Antonio Garc\u00eda Rodr\u00edguez evadi\u00f3 a las autoridades durante cinco a\u00f1os, convirti\u00e9ndose en uno de los pr\u00f3fugos m\u00e1s buscados de la provincia Duarte. Su captura, finalmente, se concret\u00f3 el 17 de diciembre de 2024 en Santo Domingo, gracias a un operativo de inteligencia coordinado por la Fiscal\u00eda de Duarte y la Polic\u00eda Nacional.<\/p>\n\n\n\n<p>Este operativo fue el resultado de un trabajo meticuloso de investigaci\u00f3n, que incluy\u00f3 la recolecci\u00f3n de testimonios, an\u00e1lisis forense y seguimiento de pistas que permitieron localizar y detener al condenado.<\/p>\n\n\n\n<p>La investigaci\u00f3n del caso estuvo bajo la direcci\u00f3n de Pedro William Concepci\u00f3n, fiscal del Distrito Judicial de Duarte, quien lider\u00f3 la recolecci\u00f3n de pruebas claves, tales como: testimonios de testigos presenciales, quienes declararon sobre los eventos ocurridos la noche del crimen y el acta de levantamiento de cad\u00e1ver, que confirm\u00f3 las circunstancias de la muerte de Cepeda Brito.<\/p>\n\n\n\n<p>Tambi\u00e9n, fueron aportados certificados m\u00e9dico-legales que detallan las heridas sufridas por las v\u00edctimas y elementos materiales, incluyendo un casquillo 9 mm encontrado en la escena del crimen, que vincul\u00f3 directamente a los acusados con el hecho.<\/p>\n\n\n\n<p>El fiscal litigante Kelvin Pimentel represent\u00f3 al Ministerio P\u00fablico ante el Primer Tribunal Colegiado del Distrito Judicial de Duarte, integrado por los jueces Nilsa Marte, Carminia Caminero y Manuel Hern\u00e1ndez, quienes dictaron la sentencia condenatoria.<\/p>\n\n\n\n<p>\u201cEl proceso judicial culmin\u00f3 con la presentaci\u00f3n de una acusaci\u00f3n s\u00f3lida y bien fundamentada, que permiti\u00f3 al tribunal emitir una condena ejemplar\u201d, destac\u00f3 la fiscal titular del Distrito Judicial de Duarte, Smaily Rodr\u00edguez.<\/p>\n\n\n\n<p>Destac\u00f3&nbsp; que \u201cesta sentencia reafirma el compromiso de la Fiscal\u00eda de Duarte con la justicia y la protecci\u00f3n de los derechos de las v\u00edctimas\u201d.<\/p>\n\n\n\n<p>Dijo que la sentencia adem\u00e1s env\u00eda un mensaje claro a la sociedad \u201cde que quienes cometan actos de violencia y busquen eludir la justicia, ser\u00e1n perseguidos, capturados y llevados ante los tribunales\u201d.<\/p>\n\n\n\n<p>Manifest\u00f3 \u201cque la Fiscal\u00eda de Duarte reconoce y agradece la colaboraci\u00f3n de la Polic\u00eda Nacional, el Instituto Nacional de Ciencias Forenses (Inacif), as\u00ed como a todos los actores que contribuyeron a la resoluci\u00f3n de este caso, demostrando que la coordinaci\u00f3n interinstitucional es clave en la lucha contra la impunidad\u201d.<\/p>\n\n\n\n<p>Direcci\u00f3n General de Comunicaci\u00f3n, Prensa y RRPP<\/p>\n\n\n\n<p>Ministerio P\u00fablico RD<\/p>\n\n\n\n<p>Comunicaciones PGR <a href=\"mailto:comunicaciones@pgr.gob.do\">comunicaciones@pgr.gob.do<\/a><\/p>\n","protected":false},"excerpt":{"rendered":"<p>El Ministerio P\u00fablico y la Polic\u00eda Nacional mantuvieron una activa persecuci\u00f3n hasta capturar a Edwar Antonio Garc\u00eda Rodr\u00edguez (el Purry), quien permaneci\u00f3 pr\u00f3fugo durante cinco a\u00f1os SANTO DOMINGO (Rep\u00fablica Dominicana).-&nbsp;En un caso emblem\u00e1tico de justicia y perseverancia en la lucha contra la impunidad y tras acoger la solicitud del Ministerio P\u00fablico, un tribunal de la [&hellip;]<\/p>\n","protected":false},"author":7,"featured_media":640182,"comment_status":"closed","ping_status":"closed","sticky":false,"template":"","format":"standard","meta":{"footnotes":""},"categories":[24],"tags":[171],"class_list":["post-640162","post","type-post","status-publish","format-standard","has-post-thumbnail","hentry","category-justicia-y-derecho","tag-ministerio-publico"],"_links":{"self":[{"href":"https:\/\/diariodominicano.com\/index.php?rest_route=\/wp\/v2\/posts\/640162","targetHints":{"allow":["GET"]}}],"collection":[{"href":"https:\/\/diariodominicano.com\/index.php?rest_route=\/wp\/v2\/posts"}],"about":[{"href":"https:\/\/diariodominicano.com\/index.php?rest_route=\/wp\/v2\/types\/post"}],"author":[{"embeddable":true,"href":"https:\/\/diariodominicano.com\/index.php?rest_route=\/wp\/v2\/users\/7"}],"replies":[{"embeddable":true,"href":"https:\/\/diariodominicano.com\/index.php?rest_route=%2Fwp%2Fv2%2Fcomments&post=640162"}],"version-history":[{"count":1,"href":"https:\/\/diariodominicano.com\/index.php?rest_route=\/wp\/v2\/posts\/640162\/revisions"}],"predecessor-version":[{"id":640183,"href":"https:\/\/diariodominicano.com\/index.php?rest_route=\/wp\/v2\/posts\/640162\/revisions\/640183"}],"wp:featuredmedia":[{"embeddable":true,"href":"https:\/\/diariodominicano.com\/index.php?rest_route=\/wp\/v2\/media\/640182"}],"wp:attachment":[{"href":"https:\/\/diariodominicano.com\/index.php?rest_route=%2Fwp%2Fv2%2Fmedia&parent=640162"}],"wp:term":[{"taxonomy":"category","embeddable":true,"href":"https:\/\/diariodominicano.com\/index.php?rest_route=%2Fwp%2Fv2%2Fcategories&post=640162"},{"taxonomy":"post_tag","embeddable":true,"href":"https:\/\/diariodominicano.com\/index.php?rest_route=%2Fwp%2Fv2%2Ftags&post=640162"}],"curies":[{"name":"wp","href":"https:\/\/api.w.org\/{rel}","templated":true}]}}