{"id":640153,"date":"2025-09-26T11:17:19","date_gmt":"2025-09-26T15:17:19","guid":{"rendered":"https:\/\/diariodominicano.com\/?p=640153"},"modified":"2025-09-26T11:22:36","modified_gmt":"2025-09-26T15:22:36","slug":"presidente-abinader-declara-duelo-oficial-este-26-de-septiembre-por-fallecimiento-de-guillermo-caram-herrera-exgobernador-del-banco-central","status":"publish","type":"post","link":"https:\/\/diariodominicano.com\/?p=640153","title":{"rendered":"Presidente Abinader declara duelo oficial este 26 de septiembre por fallecimiento de Guillermo Caram Herrera, exgobernador del Banco Central"},"content":{"rendered":"\n<p>ARCHIVO: Guillermo Caram entre los cargos que desempe\u00f1\u00f3 se cuentan gobernador del Banco Central de RD y secretario t\u00e9cnico de la Presidencia. En la carrera pol\u00edtica fue uno de los l\u00edderes del antiguo Partido Revolucionario Social Cristiano.<\/p>\n\n\n\n<p>25 de Septiembre 2025 <\/p>\n\n\n\n<p>Santo Domingo, RD.-\u00a0<strong>El presidente Luis Abinader<\/strong>\u00a0declar\u00f3 de\u00a0<strong>duelo oficial este viernes 26 de septiembre<\/strong>\u00a0a ra\u00edz del fallecimiento de\u00a0<strong>Guillermo Caram Herrera,<\/strong>\u00a0destacado economista y pol\u00edtico dominicano que desempe\u00f1\u00f3\u00a0<strong>importantes funciones p\u00fablicas<\/strong>\u00a0en el Estado dominicano y asumi\u00f3 altas responsabilidades en el sistema de partidos de la naci\u00f3n.<\/p>\n\n\n\n<p>La decisi\u00f3n est\u00e1 contenida en el&nbsp;<a href=\"https:\/\/presidencia.gob.do\/decretos\/559-25\"><strong>Decreto 559-25<\/strong><\/a>, que instruye adem\u00e1s al Ministerio de Defensa para rendir&nbsp;los honores militares correspondientes.<\/p>\n\n\n\n<p>Caram Herrera, quien falleci\u00f3 este jueves 25 de septiembre, se desempe\u00f1\u00f3 como\u00a0<strong>gobernador del Banco Central de la Rep\u00fablica Dominicana<\/strong>\u00a0entre septiembre de 1989 y 1990. Previamente, en 1986 fue designado\u00a0por el presidente Joaqu\u00edn Balaguer <strong>secretario t\u00e9cnico de la Presidencia<\/strong>\u00a0y en 1989 fue designado\u00a0<strong>Secretario de Estado de Finanzas<\/strong>.<\/p>\n\n\n\n<p>En 1968 fue elegido regidor del Ayuntamiento del Distrito Nacional y como tal, designado presidente de la Comisi\u00f3n de Obras P\u00fablicas y Planificaci\u00f3n.<\/p>\n\n\n\n<p>Con informaci\u00f3n de la Presidencia de la Rep\u00fablica Dominicana.<\/p>\n","protected":false},"excerpt":{"rendered":"<p>ARCHIVO: Guillermo Caram entre los cargos que desempe\u00f1\u00f3 se cuentan gobernador del Banco Central de RD y secretario t\u00e9cnico de la Presidencia. En la carrera pol\u00edtica fue uno de los l\u00edderes del antiguo Partido Revolucionario Social Cristiano. 25 de Septiembre 2025 Santo Domingo, RD.-\u00a0El presidente Luis Abinader\u00a0declar\u00f3 de\u00a0duelo oficial este viernes 26 de septiembre\u00a0a ra\u00edz [&hellip;]<\/p>\n","protected":false},"author":2,"featured_media":411094,"comment_status":"closed","ping_status":"closed","sticky":false,"template":"","format":"standard","meta":{"footnotes":""},"categories":[20,26,25,27],"tags":[],"class_list":["post-640153","post","type-post","status-publish","format-standard","has-post-thumbnail","hentry","category-dominicana-hoy","category-efemerides","category-gente","category-portada"],"_links":{"self":[{"href":"https:\/\/diariodominicano.com\/index.php?rest_route=\/wp\/v2\/posts\/640153","targetHints":{"allow":["GET"]}}],"collection":[{"href":"https:\/\/diariodominicano.com\/index.php?rest_route=\/wp\/v2\/posts"}],"about":[{"href":"https:\/\/diariodominicano.com\/index.php?rest_route=\/wp\/v2\/types\/post"}],"author":[{"embeddable":true,"href":"https:\/\/diariodominicano.com\/index.php?rest_route=\/wp\/v2\/users\/2"}],"replies":[{"embeddable":true,"href":"https:\/\/diariodominicano.com\/index.php?rest_route=%2Fwp%2Fv2%2Fcomments&post=640153"}],"version-history":[{"count":4,"href":"https:\/\/diariodominicano.com\/index.php?rest_route=\/wp\/v2\/posts\/640153\/revisions"}],"predecessor-version":[{"id":640159,"href":"https:\/\/diariodominicano.com\/index.php?rest_route=\/wp\/v2\/posts\/640153\/revisions\/640159"}],"wp:featuredmedia":[{"embeddable":true,"href":"https:\/\/diariodominicano.com\/index.php?rest_route=\/wp\/v2\/media\/411094"}],"wp:attachment":[{"href":"https:\/\/diariodominicano.com\/index.php?rest_route=%2Fwp%2Fv2%2Fmedia&parent=640153"}],"wp:term":[{"taxonomy":"category","embeddable":true,"href":"https:\/\/diariodominicano.com\/index.php?rest_route=%2Fwp%2Fv2%2Fcategories&post=640153"},{"taxonomy":"post_tag","embeddable":true,"href":"https:\/\/diariodominicano.com\/index.php?rest_route=%2Fwp%2Fv2%2Ftags&post=640153"}],"curies":[{"name":"wp","href":"https:\/\/api.w.org\/{rel}","templated":true}]}}