{"id":640124,"date":"2025-09-26T10:38:14","date_gmt":"2025-09-26T14:38:14","guid":{"rendered":"https:\/\/diariodominicano.com\/?p=640124"},"modified":"2025-09-26T10:38:24","modified_gmt":"2025-09-26T14:38:24","slug":"afirma-discurso-abinader-ante-onu-fue-nacionalista-patriotico-y-visionario","status":"publish","type":"post","link":"https:\/\/diariodominicano.com\/?p=640124","title":{"rendered":"Afirma discurso Abinader ante ONU fue nacionalista, patri\u00f3tico y visionario"},"content":{"rendered":"\n<p><strong>Por Ram\u00f3n Mercedes<\/strong><\/p>\n\n\n\n<p><strong>NUEVA YORK.-<\/strong>&nbsp;El valorado y reconocido empresario, l\u00edder comunitario, deportista y ejecutor de m\u00faltiples obras filantr\u00f3picas, tanto en esta ciudad como en la Rep\u00fablica Dominicana, Roberto Rojas, afirm\u00f3 que el discurso del presidente Luis Abinader ante las Naciones Unidas fue nacionalista, patri\u00f3tico y visionario.<\/p>\n\n\n\n<p>\u00abNacionalista porque el presidente Abinader durante su intervenci\u00f3n ante los estados miembros de la ONU defendi\u00f3 el derecho de RD a proteger sus fronteras, y ning\u00fan Estado puede ser reprochado por defender sus fronteras ni por garantizar la seguridad de sus ciudadanos\u00bb.<\/p>\n\n\n\n<p>\u00abReiterando que la situaci\u00f3n de Hait\u00ed constituye una amenaza para la regi\u00f3n, sobre todo para RD, pero insisti\u00f3 en que el pa\u00eds no puede ni debe cargar solo con la crisis que desborda cualquier capacidad nacional\u00bb, dijo.<\/p>\n\n\n\n<p>Rojas especific\u00f3 que \u00ablos dominicanos debemos estar preparados ante cualquier situaci\u00f3n que desborde la capacidad de obediencia en el vecino pa\u00eds y se quiera trasladar al territorio nacional\u00bb.<\/p>\n\n\n\n<p>Asimismo, el Presidente fij\u00f3 posici\u00f3n patri\u00f3tica al respaldar firmemente el proyecto de resoluci\u00f3n presentado por Panam\u00e1 y Estados Unidos ante el Consejo de Seguridad, sobre la GSF que \u00abestablece una presencia m\u00e1s robusta, con mayor coordinaci\u00f3n, supervisi\u00f3n y est\u00e1ndares de rendici\u00f3n de cuentas, tanto en derechos humanos como en desempe\u00f1o operativo para enfrentar por la fuerza a las pandillas\u00bb.<\/p>\n\n\n\n<p>Adem\u00e1s, el presidente destac\u00f3 la \u00abofensiva diplom\u00e1tica\u00bb que ha asumido el Gobierno dominicano con el objetivo de lograr \u00abuna respuesta internacional efectiva\u00bb que enfrente la violencia extrema, el colapso institucional y el control territorial de numerosas bandas criminales que afectan al vecino pa\u00eds.<\/p>\n\n\n\n<p>Fue visionario, se\u00f1ala Rojas, porque el mandatario especific\u00f3 ante empresarios iberoamericanos del Consejo Empresarial Alianza por Iberoam\u00e9rica (CEAPI) y del Adam Smith Center for Economic Freedom, el rol crucial que juegan los sectores p\u00fablico y privado en la transformaci\u00f3n social y econ\u00f3mica de la regi\u00f3n.<\/p>\n\n\n\n<p>Invit\u00f3 a la comunidad internacional a la Cumbre de las Am\u00e9ricas 2025, que se celebrar\u00e1 en diciembre en Punta Cana. Este foro ser\u00e1 clave para reactivar la agenda econ\u00f3mica de Iberoam\u00e9rica y fortalecer la cooperaci\u00f3n entre gobiernos, empresarios y sociedad civil\u201d, indic\u00f3 el mandatario, record\u00f3 Rojas<\/p>\n\n\n\n<p>Expres\u00f3 que la RD vive un momento hist\u00f3rico para aprovechar las oportunidades derivadas de la reconfiguraci\u00f3n de las cadenas de valor, la transici\u00f3n energ\u00e9tica y la digitalizaci\u00f3n, posicionando al pa\u00eds en el centro de un nuevo mapa econ\u00f3mico global.<\/p>\n\n\n\n<p>Asimismo, el presidente puntualiz\u00f3 que la naci\u00f3n caribe\u00f1a ha impulsado proyectos de gran impacto en sectores clave como infraestructura, energ\u00eda renovable, turismo y educaci\u00f3n, con una inversi\u00f3n superior a los 800 mil millones de pesos y RD&nbsp;es un ejemplo vivo de la importancia de la colaboraci\u00f3n entre el gobierno y el sector privado.<\/p>\n\n\n\n<p>Rojas hizo un llamado a los sectores representativos del pa\u00eds caribe\u00f1o apoyar sin reservas las ejecutorias del mandatario, porque como dijera nuestro patricio \u00abTrabajemos por y para la patria, que es trabajar para nuestros hijos y para nosotros mismos\u00bb, concluy\u00f3.<\/p>\n","protected":false},"excerpt":{"rendered":"<p>Por Ram\u00f3n Mercedes NUEVA YORK.-&nbsp;El valorado y reconocido empresario, l\u00edder comunitario, deportista y ejecutor de m\u00faltiples obras filantr\u00f3picas, tanto en esta ciudad como en la Rep\u00fablica Dominicana, Roberto Rojas, afirm\u00f3 que el discurso del presidente Luis Abinader ante las Naciones Unidas fue nacionalista, patri\u00f3tico y visionario. \u00abNacionalista porque el presidente Abinader durante su intervenci\u00f3n ante [&hellip;]<\/p>\n","protected":false},"author":2,"featured_media":640125,"comment_status":"closed","ping_status":"closed","sticky":false,"template":"","format":"standard","meta":{"footnotes":""},"categories":[20,22,27],"tags":[],"class_list":["post-640124","post","type-post","status-publish","format-standard","has-post-thumbnail","hentry","category-dominicana-hoy","category-politica","category-portada"],"_links":{"self":[{"href":"https:\/\/diariodominicano.com\/index.php?rest_route=\/wp\/v2\/posts\/640124","targetHints":{"allow":["GET"]}}],"collection":[{"href":"https:\/\/diariodominicano.com\/index.php?rest_route=\/wp\/v2\/posts"}],"about":[{"href":"https:\/\/diariodominicano.com\/index.php?rest_route=\/wp\/v2\/types\/post"}],"author":[{"embeddable":true,"href":"https:\/\/diariodominicano.com\/index.php?rest_route=\/wp\/v2\/users\/2"}],"replies":[{"embeddable":true,"href":"https:\/\/diariodominicano.com\/index.php?rest_route=%2Fwp%2Fv2%2Fcomments&post=640124"}],"version-history":[{"count":1,"href":"https:\/\/diariodominicano.com\/index.php?rest_route=\/wp\/v2\/posts\/640124\/revisions"}],"predecessor-version":[{"id":640126,"href":"https:\/\/diariodominicano.com\/index.php?rest_route=\/wp\/v2\/posts\/640124\/revisions\/640126"}],"wp:featuredmedia":[{"embeddable":true,"href":"https:\/\/diariodominicano.com\/index.php?rest_route=\/wp\/v2\/media\/640125"}],"wp:attachment":[{"href":"https:\/\/diariodominicano.com\/index.php?rest_route=%2Fwp%2Fv2%2Fmedia&parent=640124"}],"wp:term":[{"taxonomy":"category","embeddable":true,"href":"https:\/\/diariodominicano.com\/index.php?rest_route=%2Fwp%2Fv2%2Fcategories&post=640124"},{"taxonomy":"post_tag","embeddable":true,"href":"https:\/\/diariodominicano.com\/index.php?rest_route=%2Fwp%2Fv2%2Ftags&post=640124"}],"curies":[{"name":"wp","href":"https:\/\/api.w.org\/{rel}","templated":true}]}}