{"id":639964,"date":"2025-09-25T10:13:14","date_gmt":"2025-09-25T14:13:14","guid":{"rendered":"https:\/\/diariodominicano.com\/?p=639964"},"modified":"2025-09-25T10:13:24","modified_gmt":"2025-09-25T14:13:24","slug":"vocera-grupos-populares-nyc-llama-asistir-este-viernes-protesta-frente-consulado-rd","status":"publish","type":"post","link":"https:\/\/diariodominicano.com\/?p=639964","title":{"rendered":"Vocera grupos populares NYC llama asistir este viernes protesta frente consulado RD"},"content":{"rendered":"\n<p><strong>Video:<\/strong>&nbsp;<a href=\"https:\/\/www.youtube.com\/watch?v=Q3fQuUJjAcE\" rel=\"noreferrer noopener\" target=\"_blank\">https:\/\/www.youtube.com\/watch?v=Q3fQuUJjAcE<\/a>&nbsp;<strong>&nbsp;&nbsp;<\/strong><\/p>\n\n\n\n<p><strong>Por Ram\u00f3n Mercedes<\/strong><\/p>\n\n\n\n<p><strong>NUEVA YORK.-<\/strong>&nbsp;La vocera de las organizaciones populares que se proponen efectuar un piquete a las 11:00 a.m. de este viernes, frente al consulado dominicano en esta ciudad, solicita a la comunidad a decir presente.<\/p>\n\n\n\n<p>Dayanara Borb\u00f3n, hablando a nombre de \u00abAcci\u00f3n R\u00e1pida-NY\u00bb, \u00abLoma Miranda-NY\u00bb, \u00abSomos Pueblo USA\u00bb, y \u00abEstamos Hartos\u00bb hizo el llamado este martes desde El Bronx \u00abporque los dominicanos estamos cansados de ver como el pa\u00eds se lo comen y lo van a dejar en cuatro blocks\u00bb.<\/p>\n\n\n\n<p>En declaraciones al canal de TV-69 de la RD, la dirigente comunitaria sostuvo que van a protestar en contra del presidente Luis Abinader \u00abporque es m\u00e1s de lo mismo\u00bb, \u00abel cambio que nos vendieron no es ning\u00fan cambio, solamente cambiamos de color y de ladrones\u00bb, precis\u00f3.<\/p>\n\n\n\n<p>Especific\u00f3 que \u00abal desorden migratorio que hay en RD hay que ponerle un pare\u00bb; \u00abel caso SeNaSa da verg\u00fcenza, es un crimen, y el mandatario debe meter mano, porque tenemos problemas de m\u00e1s\u00bb.<\/p>\n\n\n\n<p>\u00ab\u00c9l no tuvo tiempo para reunirse con la comunidad dominicana en USA, pero para venir a hablar no verdades y dejarse manipular en la ONU, para eso s\u00ed tuvo tiempo, por eso vuelvo y le digo a la comunidad dominicana, despierten se\u00f1ores que nos van a robar el pa\u00eds, lo poquito que dejaron los morados y los verdes, esta gente lo van a acabar\u00bb, expres\u00f3.<\/p>\n\n\n\n<p>\u00abLa comunidad dominicana somos v\u00edctimas de las estafas inmobiliarias y de much\u00edsimas situaciones\u00bb. \u00abNosotros nada m\u00e1s somos remesa y voto, pero no se nos da nada a cambio\u00bb.<\/p>\n\n\n\n<p>En ese consulado, el c\u00f3nsul Ch\u00fa V\u00e1squez&nbsp;tiene un&nbsp;desorden, a nosotros nos ofrecieron que iban a bajar los precios de los documentos consulares; de los pasajes a\u00e9reos, quitar los 10 d\u00f3lares, el mismo presidente se reuni\u00f3 hace dos a\u00f1os con nosotros en la sede consular y no hizo nada, todo fue promesa.<\/p>\n\n\n\n<p>\u00abEl consulado dominicano es la representaci\u00f3n de nuestro pa\u00eds; est\u00e9 o no el presidente en NY, vamos hacer el piquete frente a la sede, para que sepan que no somos bobos\u00bb, puntualiz\u00f3 Borb\u00f3n.<\/p>\n","protected":false},"excerpt":{"rendered":"<p>Video:&nbsp;https:\/\/www.youtube.com\/watch?v=Q3fQuUJjAcE&nbsp;&nbsp;&nbsp; Por Ram\u00f3n Mercedes NUEVA YORK.-&nbsp;La vocera de las organizaciones populares que se proponen efectuar un piquete a las 11:00 a.m. de este viernes, frente al consulado dominicano en esta ciudad, solicita a la comunidad a decir presente. Dayanara Borb\u00f3n, hablando a nombre de \u00abAcci\u00f3n R\u00e1pida-NY\u00bb, \u00abLoma Miranda-NY\u00bb, \u00abSomos Pueblo USA\u00bb, y \u00abEstamos Hartos\u00bb hizo [&hellip;]<\/p>\n","protected":false},"author":2,"featured_media":639965,"comment_status":"closed","ping_status":"closed","sticky":false,"template":"","format":"standard","meta":{"footnotes":""},"categories":[20,22,27],"tags":[],"class_list":["post-639964","post","type-post","status-publish","format-standard","has-post-thumbnail","hentry","category-dominicana-hoy","category-politica","category-portada"],"_links":{"self":[{"href":"https:\/\/diariodominicano.com\/index.php?rest_route=\/wp\/v2\/posts\/639964","targetHints":{"allow":["GET"]}}],"collection":[{"href":"https:\/\/diariodominicano.com\/index.php?rest_route=\/wp\/v2\/posts"}],"about":[{"href":"https:\/\/diariodominicano.com\/index.php?rest_route=\/wp\/v2\/types\/post"}],"author":[{"embeddable":true,"href":"https:\/\/diariodominicano.com\/index.php?rest_route=\/wp\/v2\/users\/2"}],"replies":[{"embeddable":true,"href":"https:\/\/diariodominicano.com\/index.php?rest_route=%2Fwp%2Fv2%2Fcomments&post=639964"}],"version-history":[{"count":1,"href":"https:\/\/diariodominicano.com\/index.php?rest_route=\/wp\/v2\/posts\/639964\/revisions"}],"predecessor-version":[{"id":639966,"href":"https:\/\/diariodominicano.com\/index.php?rest_route=\/wp\/v2\/posts\/639964\/revisions\/639966"}],"wp:featuredmedia":[{"embeddable":true,"href":"https:\/\/diariodominicano.com\/index.php?rest_route=\/wp\/v2\/media\/639965"}],"wp:attachment":[{"href":"https:\/\/diariodominicano.com\/index.php?rest_route=%2Fwp%2Fv2%2Fmedia&parent=639964"}],"wp:term":[{"taxonomy":"category","embeddable":true,"href":"https:\/\/diariodominicano.com\/index.php?rest_route=%2Fwp%2Fv2%2Fcategories&post=639964"},{"taxonomy":"post_tag","embeddable":true,"href":"https:\/\/diariodominicano.com\/index.php?rest_route=%2Fwp%2Fv2%2Ftags&post=639964"}],"curies":[{"name":"wp","href":"https:\/\/api.w.org\/{rel}","templated":true}]}}