{"id":639958,"date":"2025-09-25T09:56:29","date_gmt":"2025-09-25T13:56:29","guid":{"rendered":"https:\/\/diariodominicano.com\/?p=639958"},"modified":"2025-09-25T09:56:32","modified_gmt":"2025-09-25T13:56:32","slug":"rd-campeona-de-la-competencia-final-itf-cotecc-u12-por-equipos-2025","status":"publish","type":"post","link":"https:\/\/diariodominicano.com\/?p=639958","title":{"rendered":"RD, campeona de la\u00a0Competencia Final ITF-Cotecc U12 Por Equipos 2025\u00a0"},"content":{"rendered":"\n<p>El equipo de hembras de Rep\u00fablica Dominicana que gan\u00f3 el evento en su rama: Kyara Khayyat, Ana Paula Vega y Elaine Mart\u00ednez, junto al capit\u00e1n Danneury Javier. \u00a0<\/p>\n\n\n\n<p>SANTO DOMINGO, RD.-\u00a0El equipo de hembras de Rep\u00fablica Dominicana gan\u00f3 su serie por 3-0 sobre Honduras este mi\u00e9rcoles, para coronarse campeonas de la\u00a0Competencia Final ITF-Cotecc U12 Por Equipos 2025,\u00a0que se jug\u00f3\u00a0del 22\u00a0al 24 del presente mes, en el Centro Nacional de Tenis del Parque del Este. \u00a0<\/p>\n\n\n\n<p>Kyara Khayyat, Ana Paula Vega y Elaine Mart\u00ednez, junto al capit\u00e1n Danneury Javier, terminaron invictas en el evento con 8 sets, ganando sus tres encuentros; 2-0 sobre M\u00e9xico, ante Trinidad y Tobago 3-0, al igual que Honduras. &nbsp;&nbsp;<\/p>\n\n\n\n<p>Este mi\u00e9rcoles ante Honduras&nbsp;Kyara Khayyat dio cuentas de Fernanda Romero, con 6-2 y 6-0. Ana Paula Vega&nbsp;sobre Samira Abdalah por 6-2 y 6-1.&nbsp;En dobles, Vega y Elaine Mart\u00ednez dieron cuentas de la dupla de Abdalah y Camila Carrasco, por doble 6-1. &nbsp;<\/p>\n\n\n\n<p>Las criollas clasificaron a la gran final a celebrarse en Am\u00e9rica, contra equipos del \u00e1rea Cosat (Confederaci\u00f3n Sudamericana de Tenis) y los de Canad\u00e1 y Estados Unidos. &nbsp;&nbsp;<\/p>\n\n\n\n<p>Por su parte, el equipo de varones termin\u00f3 con foja de 1-2 en el torneo, tras vencer este mi\u00e9rcoles por 2-1 ante su similar de Barbados.&nbsp;Michael Almeida cay\u00f3 en el primer duelo de Liam Cave por 2-6 y 0-6, mientras que Eliezer Santos venci\u00f3 a Cruz Thornton por 6-1 y 6-2, en dobles los criollos Santos y El\u00edas Santana dieron cuentas de Cavey Thornton, por 6-2 y 7-6(2). &nbsp;<\/p>\n\n\n\n<p>Al final, los equipos femenino de Dominicana y Costa Rica en masculino, se llevaron los m\u00e1ximos honores.<\/p>\n\n\n\n<p>Los eventos organizados por&nbsp;Fedotenis&nbsp;son gracias al Ministerio de Turismo, Banco de Reservas, Junta de Aviaci\u00f3n Civil (JAC),&nbsp;Banco Central,&nbsp;Ekatex, Creso, El Nuevo Diario y Wilson. &nbsp;<\/p>\n\n\n\n<p>El equipo de hembras de Rep\u00fablica Dominicana que gan\u00f3 el evento en su rama: Kyara Khayyat, Ana Paula Vega y Elaine Mart\u00ednez, junto al capit\u00e1n Danneury Javier.<\/p>\n\n\n\n<p>Federacion Dominicana de Tenis Fedotenis<\/p>\n\n\n\n<p><a target=\"_blank\" href=\"mailto:prensafedotenis@gmail.com\" rel=\"noreferrer noopener\">prensafedotenis@gmail.com<\/a><\/p>\n\n\n\n<p>\u00a0#RD\u2003\u2003\u2003\u2003\u2003#Costa Rica\u2003\u2003\u2003\u2003<\/p>\n","protected":false},"excerpt":{"rendered":"<p>El equipo de hembras de Rep\u00fablica Dominicana que gan\u00f3 el evento en su rama: Kyara Khayyat, Ana Paula Vega y Elaine Mart\u00ednez, junto al capit\u00e1n Danneury Javier. \u00a0 SANTO DOMINGO, RD.-\u00a0El equipo de hembras de Rep\u00fablica Dominicana gan\u00f3 su serie por 3-0 sobre Honduras este mi\u00e9rcoles, para coronarse campeonas de la\u00a0Competencia Final ITF-Cotecc U12 Por [&hellip;]<\/p>\n","protected":false},"author":2,"featured_media":639959,"comment_status":"closed","ping_status":"closed","sticky":false,"template":"","format":"standard","meta":{"footnotes":""},"categories":[17],"tags":[],"class_list":["post-639958","post","type-post","status-publish","format-standard","has-post-thumbnail","hentry","category-deportes"],"_links":{"self":[{"href":"https:\/\/diariodominicano.com\/index.php?rest_route=\/wp\/v2\/posts\/639958","targetHints":{"allow":["GET"]}}],"collection":[{"href":"https:\/\/diariodominicano.com\/index.php?rest_route=\/wp\/v2\/posts"}],"about":[{"href":"https:\/\/diariodominicano.com\/index.php?rest_route=\/wp\/v2\/types\/post"}],"author":[{"embeddable":true,"href":"https:\/\/diariodominicano.com\/index.php?rest_route=\/wp\/v2\/users\/2"}],"replies":[{"embeddable":true,"href":"https:\/\/diariodominicano.com\/index.php?rest_route=%2Fwp%2Fv2%2Fcomments&post=639958"}],"version-history":[{"count":1,"href":"https:\/\/diariodominicano.com\/index.php?rest_route=\/wp\/v2\/posts\/639958\/revisions"}],"predecessor-version":[{"id":639960,"href":"https:\/\/diariodominicano.com\/index.php?rest_route=\/wp\/v2\/posts\/639958\/revisions\/639960"}],"wp:featuredmedia":[{"embeddable":true,"href":"https:\/\/diariodominicano.com\/index.php?rest_route=\/wp\/v2\/media\/639959"}],"wp:attachment":[{"href":"https:\/\/diariodominicano.com\/index.php?rest_route=%2Fwp%2Fv2%2Fmedia&parent=639958"}],"wp:term":[{"taxonomy":"category","embeddable":true,"href":"https:\/\/diariodominicano.com\/index.php?rest_route=%2Fwp%2Fv2%2Fcategories&post=639958"},{"taxonomy":"post_tag","embeddable":true,"href":"https:\/\/diariodominicano.com\/index.php?rest_route=%2Fwp%2Fv2%2Ftags&post=639958"}],"curies":[{"name":"wp","href":"https:\/\/api.w.org\/{rel}","templated":true}]}}