{"id":639933,"date":"2025-09-25T04:33:44","date_gmt":"2025-09-25T08:33:44","guid":{"rendered":"https:\/\/diariodominicano.com\/?p=639933"},"modified":"2025-09-25T04:34:46","modified_gmt":"2025-09-25T08:34:46","slug":"vicepresidenta-raquel-pena-participa-en-eucaristia-por-el-dia-de-la-virgen-de-las-mercedes","status":"publish","type":"post","link":"https:\/\/diariodominicano.com\/?p=639933","title":{"rendered":"La Vicepresidenta Raquel Pe\u00f1a en  eucarist\u00eda por el D\u00eda de la Virgen de las Mercedes"},"content":{"rendered":"\n<h3 class=\"wp-block-heading\">Resalt\u00f3 la devoci\u00f3n mariana como expresi\u00f3n de unidad nacional y fortaleza espiritual del pueblo dominicano.<\/h3>\n\n\n\n<p>24 de Septiembre 2025 | <\/p>\n\n\n\n<figure class=\"wp-block-image\"><img decoding=\"async\" src=\"https:\/\/platform-cdn.sharethis.com\/img\/facebook.svg\" alt=\"facebook sharing button\"\/><\/figure>\n\n\n\n<figure class=\"wp-block-image\"><img decoding=\"async\" src=\"https:\/\/platform-cdn.sharethis.com\/img\/sharethis.svg\" alt=\"sharethis sharing button\"\/><\/figure>\n\n\n\n<p>La Vega, RD.\u2013 Con motivo de la festividad de la\u00a0<strong>Virgen de las Mercedes<\/strong>, la vicepresidenta de la Rep\u00fablica,\u00a0<strong>Raquel Pe\u00f1a,\u00a0<\/strong>se uni\u00f3 a la multitud de creyentes que abarrot\u00f3 el\u00a0<strong>Santo Cerro, en La Vega<\/strong>, para participar en la\u00a0<strong>solemne misa<\/strong>\u00a0en honor a la\u00a0<strong>patrona del pueblo dominicano<\/strong>.<\/p>\n\n\n\n<p>El recorrido de la vicemandataria inici\u00f3 con el&nbsp;<strong>encendido de un vel\u00f3n<\/strong>&nbsp;en s\u00faplica para que la Virgen contin\u00fae iluminando y protegiendo al pueblo dominicano.<\/p>\n\n\n\n<p><em>\u201cCada d\u00eda se manifiesta m\u00e1s nuestra devoci\u00f3n por la Virgen de las Mercedes, que intercede por nosotros ante Dios para que las bendiciones lleguen a nuestra naci\u00f3n. Esta expresi\u00f3n de fe del pueblo dominicano refleja la alegr\u00eda de celebrar a nuestra intercesora\u201d,<\/em>&nbsp;expres\u00f3 Pe\u00f1a.<\/p>\n\n\n\n<p>La vicepresidenta tambi\u00e9n particip\u00f3 de la&nbsp;<strong>eucarist\u00eda de acci\u00f3n de gracias<\/strong>&nbsp;por el D\u00eda de Nuestra Se\u00f1ora de las Mercedes, oficiada por el administrador apost\u00f3lico y obispo auxiliar de la Arquidi\u00f3cesis Metropolitana, monse\u00f1or&nbsp;<strong>Carlos Tom\u00e1s Morel Dipl\u00e1n<\/strong>.<\/p>\n\n\n\n<p>Durante la liturgia, Pe\u00f1a tuvo a su cargo la&nbsp;<strong>primera lectura,<\/strong>&nbsp;proclamando un&nbsp;<strong>pasaje del libro de Jerem\u00edas&nbsp;<\/strong>que resalta la esperanza y la liberaci\u00f3n del pueblo bajo la protecci\u00f3n del Se\u00f1or.<\/p>\n\n\n\n<p>En su homil\u00eda, monse\u00f1or Morel Dipl\u00e1n inst\u00f3 a&nbsp;<strong>fortalecer la familia y confiar en Cristo<\/strong>&nbsp;como fuente de&nbsp;<strong>esperanza<\/strong>&nbsp;en medio de las dificultades.<em>&nbsp;\u201cLa esperanza cristiana nos mantiene firmes cuando la vida se vuelve dif\u00edcil y nos impide alejarnos de Cristo. Es una invitaci\u00f3n a regresar a la esperanza que \u00c9l nos ofrece\u201d,<\/em>&nbsp;sostuvo.<\/p>\n\n\n\n<p>Al concluir la ceremonia, la vicepresidenta manifest\u00f3 que&nbsp;<em>\u201cla fe de nuestra gente, expresada hoy en el Santo Cerro, es un signo de unidad y de fortaleza para toda la naci\u00f3n. Es tambi\u00e9n un compromiso para seguir construyendo juntos un pa\u00eds en paz y con esperanza en el futuro\u201d.<\/em><\/p>\n\n\n\n<p>Raquel Pe\u00f1a estuvo acompa\u00f1ada por la gobernadora provincial,\u00a0<strong>Luisa Jim\u00e9nez<\/strong>; el senador de La Vega,\u00a0<strong>Ram\u00f3n Rogelio Genao<\/strong>; el ministro de Agricultura,\u00a0<strong>Limber Cruz<\/strong>; el ministro de Deportes,\u00a0<strong>Kelvin Cruz<\/strong>; el director del Instituto Nacional de Bienestar Estudiantil,\u00a0<strong>Adolfo P\u00e9rez<\/strong>; y el alcalde de Santiago,\u00a0<strong>Ulises Rodr\u00edguez<\/strong>, entre otras autoridades.<\/p>\n\n\n\n<p>Con informaci\u00f3n de la Presidencia de la Rep\u00fablica Dominicana.<\/p>\n","protected":false},"excerpt":{"rendered":"<p>Resalt\u00f3 la devoci\u00f3n mariana como expresi\u00f3n de unidad nacional y fortaleza espiritual del pueblo dominicano. 24 de Septiembre 2025 | La Vega, RD.\u2013 Con motivo de la festividad de la\u00a0Virgen de las Mercedes, la vicepresidenta de la Rep\u00fablica,\u00a0Raquel Pe\u00f1a,\u00a0se uni\u00f3 a la multitud de creyentes que abarrot\u00f3 el\u00a0Santo Cerro, en La Vega, para participar en [&hellip;]<\/p>\n","protected":false},"author":2,"featured_media":639934,"comment_status":"closed","ping_status":"closed","sticky":false,"template":"","format":"standard","meta":{"footnotes":""},"categories":[20,27],"tags":[],"class_list":["post-639933","post","type-post","status-publish","format-standard","has-post-thumbnail","hentry","category-dominicana-hoy","category-portada"],"_links":{"self":[{"href":"https:\/\/diariodominicano.com\/index.php?rest_route=\/wp\/v2\/posts\/639933","targetHints":{"allow":["GET"]}}],"collection":[{"href":"https:\/\/diariodominicano.com\/index.php?rest_route=\/wp\/v2\/posts"}],"about":[{"href":"https:\/\/diariodominicano.com\/index.php?rest_route=\/wp\/v2\/types\/post"}],"author":[{"embeddable":true,"href":"https:\/\/diariodominicano.com\/index.php?rest_route=\/wp\/v2\/users\/2"}],"replies":[{"embeddable":true,"href":"https:\/\/diariodominicano.com\/index.php?rest_route=%2Fwp%2Fv2%2Fcomments&post=639933"}],"version-history":[{"count":2,"href":"https:\/\/diariodominicano.com\/index.php?rest_route=\/wp\/v2\/posts\/639933\/revisions"}],"predecessor-version":[{"id":639937,"href":"https:\/\/diariodominicano.com\/index.php?rest_route=\/wp\/v2\/posts\/639933\/revisions\/639937"}],"wp:featuredmedia":[{"embeddable":true,"href":"https:\/\/diariodominicano.com\/index.php?rest_route=\/wp\/v2\/media\/639934"}],"wp:attachment":[{"href":"https:\/\/diariodominicano.com\/index.php?rest_route=%2Fwp%2Fv2%2Fmedia&parent=639933"}],"wp:term":[{"taxonomy":"category","embeddable":true,"href":"https:\/\/diariodominicano.com\/index.php?rest_route=%2Fwp%2Fv2%2Fcategories&post=639933"},{"taxonomy":"post_tag","embeddable":true,"href":"https:\/\/diariodominicano.com\/index.php?rest_route=%2Fwp%2Fv2%2Ftags&post=639933"}],"curies":[{"name":"wp","href":"https:\/\/api.w.org\/{rel}","templated":true}]}}