{"id":639888,"date":"2025-09-25T03:37:00","date_gmt":"2025-09-25T07:37:00","guid":{"rendered":"https:\/\/diariodominicano.com\/?p=639888"},"modified":"2025-09-25T03:37:48","modified_gmt":"2025-09-25T07:37:48","slug":"luis-el-gallo-respalda-a-presidente-abinader-al-pedir-comunidad-internacional-acuda-en-auxilio-de-haiti","status":"publish","type":"post","link":"https:\/\/diariodominicano.com\/?p=639888","title":{"rendered":"Luis \u201cEl Gallo\u201d\u00a0\u00a0respalda a presidente Abinader, al pedir comunidad internacional acuda en auxilio de Hait\u00ed"},"content":{"rendered":"\n<p>ARCHIVO: <\/p>\n\n\n\n<p>El presidente de la Uni\u00f3n Dem\u00f3crata Cristiana \u2013UDC-, Luis Acosta Moreta, Luis \u201cEl Gallo\u201d salud\u00f3 y apoy\u00f3 hoy los pronunciamientos hechos por el presidente Luis Abinader de que una fuerza multinacional es la que debe buscar la paz y la soluci\u00f3n de los problemas haitianos.<\/p>\n\n\n\n<p>Tambi\u00e9n se\u00f1al\u00f3 como trascendente la opini\u00f3n del presidente Abinader en torno&nbsp;&nbsp;a la lucha en el pa\u00eds para acabar con la miseria extrema, dentro de un marco de institucionalidad y b\u00fasqueda del desarrollo<\/p>\n\n\n\n<p>Comparti\u00f3 con el presidente Abinader que&nbsp;&nbsp;su gran logro es combinar crecimiento econ\u00f3mico con justicia social e instituciones democr\u00e1ticas s\u00f3lidas. Ese equilibrio&nbsp;&nbsp;ha dado estabilidad y paz social al pa\u00eds.<\/p>\n\n\n\n<p>Agreg\u00f3 que Hait\u00ed en solitario no podr\u00e1 salir de la ola de violencia que lo embarga, por lo que se hace necesaria la ayuda internacional para acabar con las pandillas.<\/p>\n\n\n\n<p>A su juicio, son las Naciones Unidas, lideradas por los Estados Unidos que deben llevar sobre sus hombros el establecimiento de un ambiente de gobernabilidad en Hait\u00ed, poniendo fin a las pandillas.<\/p>\n\n\n\n<p>Destac\u00f3 que el presidente Abinader plante\u00f3 una ruta de emergencia para rescatar a Hait\u00ed de sus problemas actuales, que no pueden ser solucionados ni enfrentados por los dominicanos de modo individual, sino por la comunidad internacional y las grandes potencias.<\/p>\n\n\n\n<p>Luis \u201cEl Gallo\u201d se\u00f1al\u00f3 que es hora de que se despierte el deseo solidario y de encontrar soluciones a la crisis del vecino pa\u00eds en los Estados Unidos, Francia y Canad\u00e1, que son los que por designios hist\u00f3ricos est\u00e1n m\u00e1s cercanos de los haitianos.<\/p>\n\n\n\n<p>A su juicio, los dominicanos pueden ser solidarios, pero no se pueden involucrar en la b\u00fasqueda de soluciones en la guerra civil de baja intensidad que sufre Hait\u00ed.<\/p>\n\n\n\n<p>Respald\u00f3 los pronunciamientos que hizo en los Estados Unidos, sobre la crisis haitiana, el presidente Abinader, tanto en&nbsp;&nbsp;las Naciones Unidas, como en distintos foros y mesas de discusi\u00f3n a que fue invitado.<\/p>\n\n\n\n<p>Asimismo, Luis \u201cEl Gallo\u201d&nbsp;&nbsp;destac\u00f3 los trabajos que en el marco de reducir la pobreza extrema ejecuta el gobierno del presidente Abinader.<\/p>\n\n\n\n<p>Consider\u00f3 ese esfuerzo como muy positivo y que es respaldado por el pueblo consciente de que hay que seguir trabajando en la institucionalidad y el desarrollo nacional.<\/p>\n\n\n\n<p>Dijo que el presidente Abinader tiene en sus manos soluciones al iniciar programas de asistencia social que van directamente\u00a0\u00a0a reducir los cuadros de miseria y exclusi\u00f3n que tiene la Rep\u00fablica Dominicana.<\/p>\n\n\n\n<p>luis \u00abEl Gallo\u00bb informa&#8230;<\/p>\n\n\n\n<p><a target=\"_blank\" href=\"mailto:notixias2000-luiselgalloinforma@yahoo.com\" rel=\"noreferrer noopener\">notixias2000-luiselgalloinfor<\/a><\/p>\n","protected":false},"excerpt":{"rendered":"<p>ARCHIVO: El presidente de la Uni\u00f3n Dem\u00f3crata Cristiana \u2013UDC-, Luis Acosta Moreta, Luis \u201cEl Gallo\u201d salud\u00f3 y apoy\u00f3 hoy los pronunciamientos hechos por el presidente Luis Abinader de que una fuerza multinacional es la que debe buscar la paz y la soluci\u00f3n de los problemas haitianos. Tambi\u00e9n se\u00f1al\u00f3 como trascendente la opini\u00f3n del presidente Abinader [&hellip;]<\/p>\n","protected":false},"author":2,"featured_media":461058,"comment_status":"closed","ping_status":"closed","sticky":false,"template":"","format":"standard","meta":{"footnotes":""},"categories":[20,22],"tags":[],"class_list":["post-639888","post","type-post","status-publish","format-standard","has-post-thumbnail","hentry","category-dominicana-hoy","category-politica"],"_links":{"self":[{"href":"https:\/\/diariodominicano.com\/index.php?rest_route=\/wp\/v2\/posts\/639888","targetHints":{"allow":["GET"]}}],"collection":[{"href":"https:\/\/diariodominicano.com\/index.php?rest_route=\/wp\/v2\/posts"}],"about":[{"href":"https:\/\/diariodominicano.com\/index.php?rest_route=\/wp\/v2\/types\/post"}],"author":[{"embeddable":true,"href":"https:\/\/diariodominicano.com\/index.php?rest_route=\/wp\/v2\/users\/2"}],"replies":[{"embeddable":true,"href":"https:\/\/diariodominicano.com\/index.php?rest_route=%2Fwp%2Fv2%2Fcomments&post=639888"}],"version-history":[{"count":2,"href":"https:\/\/diariodominicano.com\/index.php?rest_route=\/wp\/v2\/posts\/639888\/revisions"}],"predecessor-version":[{"id":639890,"href":"https:\/\/diariodominicano.com\/index.php?rest_route=\/wp\/v2\/posts\/639888\/revisions\/639890"}],"wp:featuredmedia":[{"embeddable":true,"href":"https:\/\/diariodominicano.com\/index.php?rest_route=\/wp\/v2\/media\/461058"}],"wp:attachment":[{"href":"https:\/\/diariodominicano.com\/index.php?rest_route=%2Fwp%2Fv2%2Fmedia&parent=639888"}],"wp:term":[{"taxonomy":"category","embeddable":true,"href":"https:\/\/diariodominicano.com\/index.php?rest_route=%2Fwp%2Fv2%2Fcategories&post=639888"},{"taxonomy":"post_tag","embeddable":true,"href":"https:\/\/diariodominicano.com\/index.php?rest_route=%2Fwp%2Fv2%2Ftags&post=639888"}],"curies":[{"name":"wp","href":"https:\/\/api.w.org\/{rel}","templated":true}]}}