{"id":639853,"date":"2025-09-25T02:32:44","date_gmt":"2025-09-25T06:32:44","guid":{"rendered":"https:\/\/diariodominicano.com\/?p=639853"},"modified":"2025-09-25T02:33:01","modified_gmt":"2025-09-25T06:33:01","slug":"inefi-e-inapa-promueven-uso-responsable-del-agua-en-los-xi-juegos-escolares-san-francisco-2025","status":"publish","type":"post","link":"https:\/\/diariodominicano.com\/?p=639853","title":{"rendered":"INEFI e INAPA promueven uso responsable del agua en los XI Juegos Escolares San Francisco 2025"},"content":{"rendered":"\n<p>SANTO DOMINGO, R.D.- El Instituto Nacional de Educaci\u00f3n F\u00edsica (INEFI) y el Instituto Nacional de Aguas Potables y Alcantarillados (INAPA) firmaron un acuerdo de colaboraci\u00f3n que tendr\u00e1 como primera gran acci\u00f3n la implementaci\u00f3n de charlas educativas sobre el uso responsable del agua durante los XI Juegos Escolares Deportivos Nacionales San Francisco 2025.<\/p>\n\n\n\n<p>El convenio fue rubricado en la sede de INAPA por sus directores, Alberto Rodr\u00edguez Mella (INEFI) y Wellington Arnaud Bison\u00f3 (INAPA), con el objetivo de promover la conciencia sobre el cuidado de uno de los recursos naturales m\u00e1s valiosos, a la vez que se fortalecen iniciativas conjuntas en materia de deporte escolar.<\/p>\n\n\n\n<p>\u201cLa primera gran acci\u00f3n ser\u00e1 en los XI Juegos Escolares, donde el INAPA impartir\u00e1 charlas a nuestros atletas sobre la importancia de cuidar este recurso vital. Queremos que los estudiantes no solo compitan y disfruten del deporte, sino que tambi\u00e9n adquieran aprendizajes que impacten en su vida y en sus comunidades\u201d, destac\u00f3 Rodr\u00edguez Mella.<\/p>\n\n\n\n<p>El acuerdo contempla, adem\u00e1s, que el INEFI contin\u00fae facilitando canchas y espacios deportivos para la pr\u00e1ctica de estudiantes y comunitarios,<\/p>\n\n\n\n<p>Asimismo, ambas instituciones coordinar\u00e1n iniciativas conjuntas para fomentar la educaci\u00f3n y el deporte como herramientas de transformaci\u00f3n social, incluyendo el respaldo a personal t\u00e9cnico, \u00e1rbitros y entrenadores, as\u00ed como la organizaci\u00f3n de cl\u00ednicas deportivas y actividades formativas en las comunidades.<\/p>\n\n\n\n<p>\u201cPara nosotros este es un acuerdo muy importante\u201d, dijo el director del INAPA, Wellington Arnaud. \u201cReconocemos que el deporte es un elemento fundamental para todos, al igual que sembrar conciencia en nuestros j\u00f3venes sobre el uso adecuado del agua\u201d.<\/p>\n\n\n\n<p>Con este acuerdo, el INEFI y el INAPA reafirman su compromiso de trabajar unidos para formar atletas integrales, conscientes de que el deporte, la educaci\u00f3n y el cuidado del agua son pilares fundamentales para el desarrollo sostenible de la Rep\u00fablica Dominicana.<\/p>\n\n\n\n<p>Prensa INEFI <a href=\"mailto:prensainefi@gmail.com\">prensainefi@gmail.com<\/a><\/p>\n","protected":false},"excerpt":{"rendered":"<p>SANTO DOMINGO, R.D.- El Instituto Nacional de Educaci\u00f3n F\u00edsica (INEFI) y el Instituto Nacional de Aguas Potables y Alcantarillados (INAPA) firmaron un acuerdo de colaboraci\u00f3n que tendr\u00e1 como primera gran acci\u00f3n la implementaci\u00f3n de charlas educativas sobre el uso responsable del agua durante los XI Juegos Escolares Deportivos Nacionales San Francisco 2025. El convenio fue [&hellip;]<\/p>\n","protected":false},"author":7,"featured_media":639859,"comment_status":"closed","ping_status":"closed","sticky":false,"template":"","format":"standard","meta":{"footnotes":""},"categories":[17],"tags":[482,491],"class_list":["post-639853","post","type-post","status-publish","format-standard","has-post-thumbnail","hentry","category-deportes","tag-inapa","tag-inefi"],"_links":{"self":[{"href":"https:\/\/diariodominicano.com\/index.php?rest_route=\/wp\/v2\/posts\/639853","targetHints":{"allow":["GET"]}}],"collection":[{"href":"https:\/\/diariodominicano.com\/index.php?rest_route=\/wp\/v2\/posts"}],"about":[{"href":"https:\/\/diariodominicano.com\/index.php?rest_route=\/wp\/v2\/types\/post"}],"author":[{"embeddable":true,"href":"https:\/\/diariodominicano.com\/index.php?rest_route=\/wp\/v2\/users\/7"}],"replies":[{"embeddable":true,"href":"https:\/\/diariodominicano.com\/index.php?rest_route=%2Fwp%2Fv2%2Fcomments&post=639853"}],"version-history":[{"count":1,"href":"https:\/\/diariodominicano.com\/index.php?rest_route=\/wp\/v2\/posts\/639853\/revisions"}],"predecessor-version":[{"id":639860,"href":"https:\/\/diariodominicano.com\/index.php?rest_route=\/wp\/v2\/posts\/639853\/revisions\/639860"}],"wp:featuredmedia":[{"embeddable":true,"href":"https:\/\/diariodominicano.com\/index.php?rest_route=\/wp\/v2\/media\/639859"}],"wp:attachment":[{"href":"https:\/\/diariodominicano.com\/index.php?rest_route=%2Fwp%2Fv2%2Fmedia&parent=639853"}],"wp:term":[{"taxonomy":"category","embeddable":true,"href":"https:\/\/diariodominicano.com\/index.php?rest_route=%2Fwp%2Fv2%2Fcategories&post=639853"},{"taxonomy":"post_tag","embeddable":true,"href":"https:\/\/diariodominicano.com\/index.php?rest_route=%2Fwp%2Fv2%2Ftags&post=639853"}],"curies":[{"name":"wp","href":"https:\/\/api.w.org\/{rel}","templated":true}]}}