{"id":639837,"date":"2025-09-25T01:43:56","date_gmt":"2025-09-25T05:43:56","guid":{"rendered":"https:\/\/diariodominicano.com\/?p=639837"},"modified":"2025-09-25T01:48:29","modified_gmt":"2025-09-25T05:48:29","slug":"republica-dominicana-refuerza-su-ambicion-climatica-con-enfoque-de-derechos-y-temas-transversales-en-la-ndc-3-0","status":"publish","type":"post","link":"https:\/\/diariodominicano.com\/?p=639837","title":{"rendered":"Rep\u00fablica Dominicana refuerza su ambici\u00f3n clim\u00e1tica con enfoque de derechos y temas transversales en la NDC 3.0"},"content":{"rendered":"\n<p>Santo Domingo.&nbsp;Santo Domingo 2025 \u2013 En el marco del proceso de actualizaci\u00f3n de la Contribuci\u00f3n Nacionalmente Determinada (NDC) 3.0, la Rep\u00fablica Dominicana avanza hacia una planificaci\u00f3n clim\u00e1tica m\u00e1s ambiciosa, inclusiva y alineada con las necesidades de su poblaci\u00f3n.&nbsp;<\/p>\n\n\n\n<p>A trav\u00e9s de una serie de talleres en los que participaron m\u00e1s de 330 personas, el pa\u00eds ha recolectado los insumos necesarios para incorporar de manera estrat\u00e9gica temas transversales como la inclusi\u00f3n de la primera infancia, ni\u00f1ez, adolescencia y juventud, la acci\u00f3n para el empoderamiento clim\u00e1tico, la equidad de g\u00e9nero, el rol del sector privado y las comunidades rurales.<\/p>\n\n\n\n<p>Este esfuerzo es liderado por el gobierno dominicano a trav\u00e9s del Comit\u00e9 Directivo Nacional de la NDC, compuesto por el Consejo Nacional para el Cambio Clim\u00e1tico y Mercado de Carbono (CNCCMC), el Ministerio de Medio Ambiente y Recursos Naturales (MMARN), y el Ministerio de Hacienda y Econom\u00eda.&nbsp;&nbsp;&nbsp;&nbsp;<\/p>\n\n\n\n<p>Este proceso de actualizaci\u00f3n cuenta con el apoyo t\u00e9cnico y financiero del Banco Interamericano de Desarrollo (BID), y el Sistema de Naciones Unidas, a trav\u00e9s del Programa de Naciones Unidas para el Desarrollo (PNUD) y el Fondo de las Naciones Unidas para la Infancia (UNICEF).<\/p>\n\n\n\n<p>Estos talleres forman parte de una serie de iniciativas orientadas a analizar en profundidad los componentes de adaptaci\u00f3n, mitigaci\u00f3n y transparencia incluidos en la NDC. Adem\u00e1s, se consolidan como espacios estrat\u00e9gicos para proponer medidas que fortalezcan las acciones clim\u00e1ticas y permitan identificar brechas desde un enfoque basado en derechos humanos, justicia clim\u00e1tica y desarrollo sostenible.<\/p>\n\n\n\n<p>A los encuentros asistieron personas representantes de comunidades locales, organizaciones de base rural, instituciones gubernamentales, sector privado, redes de adolescentes y j\u00f3venes, organizaciones de la sociedad civil, academia, personas con discapacidad, as\u00ed como personas consultoras y especialistas en cambio clim\u00e1tico.<\/p>\n\n\n\n<p>La integraci\u00f3n de temas transversales, adem\u00e1s de ampliar la legitimidad del proceso, tambi\u00e9n garantiza que las metas clim\u00e1ticas respondan a las realidades de quienes m\u00e1s enfrentan los efectos del cambio clim\u00e1tico. Con un enfoque en la corresponsabilidad multisectorial, se han generado aportes innovadores para fortalecer el impacto y la implementaci\u00f3n de las medidas clim\u00e1ticas.<\/p>\n\n\n\n<p>Con estos avances, Rep\u00fablica Dominicana reafirma su compromiso con el Acuerdo de Par\u00eds y con la construcci\u00f3n de una econom\u00eda baja en carbono, resiliente y justa, donde nadie quede atr\u00e1s.<\/p>\n\n\n\n<p>La NDC 3.0 ser\u00e1, m\u00e1s que un documento t\u00e9cnico, una hoja de ruta compartida que refleja la voz de sus territorios y sus sectores m\u00e1s diversos. &nbsp;Este documento supone la principal herramienta de planificaci\u00f3n clim\u00e1tica nacional, orientando inversiones, movilizando financiamiento y facilitando la articulaci\u00f3n intersectorial para transformar sectores clave. La NDC se alinea con la Estrategia Nacional de Desarrollo 2030 que integra el enfoque de derechos y la Estrategia de Desarrollo Baja en Emisiones a Largo Plazo.<\/p>\n\n\n\n<p>PNUD Rep\u00fablica Dominicana <a href=\"mailto:julia.ramirez@undp.org\">julia.ramirez@undp.org<\/a><\/p>\n\n\n\n<p><\/p>\n","protected":false},"excerpt":{"rendered":"<p>Santo Domingo.&nbsp;Santo Domingo 2025 \u2013 En el marco del proceso de actualizaci\u00f3n de la Contribuci\u00f3n Nacionalmente Determinada (NDC) 3.0, la Rep\u00fablica Dominicana avanza hacia una planificaci\u00f3n clim\u00e1tica m\u00e1s ambiciosa, inclusiva y alineada con las necesidades de su poblaci\u00f3n.&nbsp; A trav\u00e9s de una serie de talleres en los que participaron m\u00e1s de 330 personas, el pa\u00eds [&hellip;]<\/p>\n","protected":false},"author":7,"featured_media":639841,"comment_status":"closed","ping_status":"closed","sticky":false,"template":"","format":"standard","meta":{"footnotes":""},"categories":[36],"tags":[3230,2244],"class_list":["post-639837","post","type-post","status-publish","format-standard","has-post-thumbnail","hentry","category-hombresmujeresycosas","tag-contribucion-nacionalmente-determinada-ndc","tag-pnud"],"_links":{"self":[{"href":"https:\/\/diariodominicano.com\/index.php?rest_route=\/wp\/v2\/posts\/639837","targetHints":{"allow":["GET"]}}],"collection":[{"href":"https:\/\/diariodominicano.com\/index.php?rest_route=\/wp\/v2\/posts"}],"about":[{"href":"https:\/\/diariodominicano.com\/index.php?rest_route=\/wp\/v2\/types\/post"}],"author":[{"embeddable":true,"href":"https:\/\/diariodominicano.com\/index.php?rest_route=\/wp\/v2\/users\/7"}],"replies":[{"embeddable":true,"href":"https:\/\/diariodominicano.com\/index.php?rest_route=%2Fwp%2Fv2%2Fcomments&post=639837"}],"version-history":[{"count":2,"href":"https:\/\/diariodominicano.com\/index.php?rest_route=\/wp\/v2\/posts\/639837\/revisions"}],"predecessor-version":[{"id":639843,"href":"https:\/\/diariodominicano.com\/index.php?rest_route=\/wp\/v2\/posts\/639837\/revisions\/639843"}],"wp:featuredmedia":[{"embeddable":true,"href":"https:\/\/diariodominicano.com\/index.php?rest_route=\/wp\/v2\/media\/639841"}],"wp:attachment":[{"href":"https:\/\/diariodominicano.com\/index.php?rest_route=%2Fwp%2Fv2%2Fmedia&parent=639837"}],"wp:term":[{"taxonomy":"category","embeddable":true,"href":"https:\/\/diariodominicano.com\/index.php?rest_route=%2Fwp%2Fv2%2Fcategories&post=639837"},{"taxonomy":"post_tag","embeddable":true,"href":"https:\/\/diariodominicano.com\/index.php?rest_route=%2Fwp%2Fv2%2Ftags&post=639837"}],"curies":[{"name":"wp","href":"https:\/\/api.w.org\/{rel}","templated":true}]}}