{"id":639785,"date":"2025-09-24T13:54:52","date_gmt":"2025-09-24T17:54:52","guid":{"rendered":"https:\/\/diariodominicano.com\/?p=639785"},"modified":"2025-09-24T18:59:39","modified_gmt":"2025-09-24T22:59:39","slug":"reunion-del-secretario-rubio-con-el-presidente-guyanes-ali","status":"publish","type":"post","link":"https:\/\/diariodominicano.com\/?p=639785","title":{"rendered":"Reuni\u00f3n del secretario Rubio con el presidente guyan\u00e9s Ali"},"content":{"rendered":"\n<p>Oficina del Portavoz<\/p>\n\n\n\n<p>24 de septiembre de 2025 .- Lo siguiente es atribuible al portavoz adjunto principal, Tommy Pigott:<\/p>\n\n\n\n<p>El Secretario de Estado Marco Rubio se reuni\u00f3 hoy con el Presidente de Guyana, Irfaan Ali, en Nueva York al margen de la 80a Semana de Alto Nivel de las Naciones Unidas.&nbsp; Reafirmaron la s\u00f3lida asociaci\u00f3n entre nuestras dos naciones, destacando la cooperaci\u00f3n continua para fortalecer la seguridad, ampliar las oportunidades econ\u00f3micas y reforzar la estabilidad regional.<\/p>\n\n\n\n<p>El Secretario felicit\u00f3 al Presidente Ali por su reelecci\u00f3n y enfatiz\u00f3 la importancia de continuar la seguridad conjunta y la colaboraci\u00f3n econ\u00f3mica.<\/p>\n\n\n\n<p>El Secretario tambi\u00e9n elogi\u00f3 el apoyo de Guyana a una Oficina de Apoyo de la ONU para Hait\u00ed y por respaldar el establecimiento de la nueva Fuerza de Supresi\u00f3n de Pandillas.&nbsp; Reafirm\u00f3 su apoyo a la integridad territorial de Guyana y subray\u00f3 a\u00fan m\u00e1s el compromiso de Estados Unidos de profundizar la colaboraci\u00f3n con las Fuerzas de Defensa de Guyana para fortalecer las capacidades antinarc\u00f3ticos y mejorar la cooperaci\u00f3n bilateral para abordar los desaf\u00edos de seguridad compartidos.<\/p>\n\n\n\n<p>ElSecretariodeEstado<\/p>\n","protected":false},"excerpt":{"rendered":"<p>Oficina del Portavoz 24 de septiembre de 2025 .- Lo siguiente es atribuible al portavoz adjunto principal, Tommy Pigott: El Secretario de Estado Marco Rubio se reuni\u00f3 hoy con el Presidente de Guyana, Irfaan Ali, en Nueva York al margen de la 80a Semana de Alto Nivel de las Naciones Unidas.&nbsp; Reafirmaron la s\u00f3lida asociaci\u00f3n [&hellip;]<\/p>\n","protected":false},"author":7,"featured_media":639799,"comment_status":"closed","ping_status":"closed","sticky":false,"template":"","format":"standard","meta":{"footnotes":""},"categories":[23],"tags":[3227],"class_list":["post-639785","post","type-post","status-publish","format-standard","has-post-thumbnail","hentry","category-internacional","tag-marco-rubio"],"_links":{"self":[{"href":"https:\/\/diariodominicano.com\/index.php?rest_route=\/wp\/v2\/posts\/639785","targetHints":{"allow":["GET"]}}],"collection":[{"href":"https:\/\/diariodominicano.com\/index.php?rest_route=\/wp\/v2\/posts"}],"about":[{"href":"https:\/\/diariodominicano.com\/index.php?rest_route=\/wp\/v2\/types\/post"}],"author":[{"embeddable":true,"href":"https:\/\/diariodominicano.com\/index.php?rest_route=\/wp\/v2\/users\/7"}],"replies":[{"embeddable":true,"href":"https:\/\/diariodominicano.com\/index.php?rest_route=%2Fwp%2Fv2%2Fcomments&post=639785"}],"version-history":[{"count":1,"href":"https:\/\/diariodominicano.com\/index.php?rest_route=\/wp\/v2\/posts\/639785\/revisions"}],"predecessor-version":[{"id":639800,"href":"https:\/\/diariodominicano.com\/index.php?rest_route=\/wp\/v2\/posts\/639785\/revisions\/639800"}],"wp:featuredmedia":[{"embeddable":true,"href":"https:\/\/diariodominicano.com\/index.php?rest_route=\/wp\/v2\/media\/639799"}],"wp:attachment":[{"href":"https:\/\/diariodominicano.com\/index.php?rest_route=%2Fwp%2Fv2%2Fmedia&parent=639785"}],"wp:term":[{"taxonomy":"category","embeddable":true,"href":"https:\/\/diariodominicano.com\/index.php?rest_route=%2Fwp%2Fv2%2Fcategories&post=639785"},{"taxonomy":"post_tag","embeddable":true,"href":"https:\/\/diariodominicano.com\/index.php?rest_route=%2Fwp%2Fv2%2Ftags&post=639785"}],"curies":[{"name":"wp","href":"https:\/\/api.w.org\/{rel}","templated":true}]}}