{"id":639784,"date":"2025-09-24T13:46:38","date_gmt":"2025-09-24T17:46:38","guid":{"rendered":"https:\/\/diariodominicano.com\/?p=639784"},"modified":"2025-09-24T13:55:43","modified_gmt":"2025-09-24T17:55:43","slug":"reunion-del-secretario-rubio-con-el-presidente-de-republica-dominicana-abinader","status":"publish","type":"post","link":"https:\/\/diariodominicano.com\/?p=639784","title":{"rendered":"Reuni\u00f3n del Secretario Rubio con el Presidente de Rep\u00fablica Dominicana, Abinader"},"content":{"rendered":"\n<p>Oficina del Portavoz<\/p>\n\n\n\n<p>24 de septiembre de 2025.- Lo siguiente es atribuible al portavoz adjunto principal, Tommy Pigott:<\/p>\n\n\n\n<p>El Secretario de Estado Marco Rubio se reuni\u00f3 hoy con el Presidente de Rep\u00fablica Dominicana, Luis Abinader, en Nueva York al margen de la 80a Semana de Alto Nivel de las Naciones Unidas.<\/p>\n\n\n\n<p>El Secretario subray\u00f3 la s\u00f3lida relaci\u00f3n entre Estados Unidos y la Rep\u00fablica Dominicana y elogi\u00f3 la asociaci\u00f3n del Presidente Abinader para promover la seguridad regional.&nbsp; Discutieron fortalecer la colaboraci\u00f3n para interrumpir el tr\u00e1fico il\u00edcito de armas de fuego y drogas y enfatizaron la urgencia de un apoyo internacional continuo para llevar seguridad y estabilidad a Hait\u00ed, incluso mediante la adopci\u00f3n de una resoluci\u00f3n del Consejo de Seguridad de la ONU que autorice una Oficina de Apoyo de la ONU para Hait\u00ed.<\/p>\n\n\n\n<p>El Secretario y Presidente Abinader enfatiz\u00f3 la importancia de la Cumbre de las Am\u00e9ricas y su papel en el fomento de la participaci\u00f3n del sector privado en todo nuestro hemisferio.<\/p>\n\n\n\n<p><a title=\"\" href=\"https:\/www.state.gov\">https:\/www.state.gov<\/a><\/p>\n","protected":false},"excerpt":{"rendered":"<p>Oficina del Portavoz 24 de septiembre de 2025.- Lo siguiente es atribuible al portavoz adjunto principal, Tommy Pigott: El Secretario de Estado Marco Rubio se reuni\u00f3 hoy con el Presidente de Rep\u00fablica Dominicana, Luis Abinader, en Nueva York al margen de la 80a Semana de Alto Nivel de las Naciones Unidas. El Secretario subray\u00f3 la [&hellip;]<\/p>\n","protected":false},"author":7,"featured_media":639796,"comment_status":"closed","ping_status":"closed","sticky":false,"template":"","format":"standard","meta":{"footnotes":""},"categories":[23],"tags":[3227,1854],"class_list":["post-639784","post","type-post","status-publish","format-standard","has-post-thumbnail","hentry","category-internacional","tag-marco-rubio","tag-presidente-abinader"],"_links":{"self":[{"href":"https:\/\/diariodominicano.com\/index.php?rest_route=\/wp\/v2\/posts\/639784","targetHints":{"allow":["GET"]}}],"collection":[{"href":"https:\/\/diariodominicano.com\/index.php?rest_route=\/wp\/v2\/posts"}],"about":[{"href":"https:\/\/diariodominicano.com\/index.php?rest_route=\/wp\/v2\/types\/post"}],"author":[{"embeddable":true,"href":"https:\/\/diariodominicano.com\/index.php?rest_route=\/wp\/v2\/users\/7"}],"replies":[{"embeddable":true,"href":"https:\/\/diariodominicano.com\/index.php?rest_route=%2Fwp%2Fv2%2Fcomments&post=639784"}],"version-history":[{"count":1,"href":"https:\/\/diariodominicano.com\/index.php?rest_route=\/wp\/v2\/posts\/639784\/revisions"}],"predecessor-version":[{"id":639797,"href":"https:\/\/diariodominicano.com\/index.php?rest_route=\/wp\/v2\/posts\/639784\/revisions\/639797"}],"wp:featuredmedia":[{"embeddable":true,"href":"https:\/\/diariodominicano.com\/index.php?rest_route=\/wp\/v2\/media\/639796"}],"wp:attachment":[{"href":"https:\/\/diariodominicano.com\/index.php?rest_route=%2Fwp%2Fv2%2Fmedia&parent=639784"}],"wp:term":[{"taxonomy":"category","embeddable":true,"href":"https:\/\/diariodominicano.com\/index.php?rest_route=%2Fwp%2Fv2%2Fcategories&post=639784"},{"taxonomy":"post_tag","embeddable":true,"href":"https:\/\/diariodominicano.com\/index.php?rest_route=%2Fwp%2Fv2%2Ftags&post=639784"}],"curies":[{"name":"wp","href":"https:\/\/api.w.org\/{rel}","templated":true}]}}