{"id":639770,"date":"2025-09-24T04:43:59","date_gmt":"2025-09-24T08:43:59","guid":{"rendered":"https:\/\/diariodominicano.com\/?p=639770"},"modified":"2025-09-24T04:55:09","modified_gmt":"2025-09-24T08:55:09","slug":"ministro-ito-bisono-representa-al-presidente-abinader-en-importante-encuentro-con-lideres-globales-en-nueva-york","status":"publish","type":"post","link":"https:\/\/diariodominicano.com\/?p=639770","title":{"rendered":"Ministro Ito Bison\u00f3 representa al presidente Abinader en la reuni\u00f3n organizada por el\u00a0Atlantic Council\u00a0con l\u00edderes empresariales e inversionistas globales"},"content":{"rendered":"\n<h3 class=\"wp-block-heading\">El ministro de Industria y Comercio de la Rep\u00fablica Dominicana,\u00a0<strong>V\u00edctor \u201cIto\u201d Bison\u00f3<\/strong>, represent\u00f3 al presidente\u00a0<strong>Luis Abinader<\/strong>\u00a0en la reuni\u00f3n organizada por el\u00a0<em>Atlantic Council<\/em>\u00a0con l\u00edderes empresariales e inversionistas globales.<\/h3>\n\n\n\n<p>23 de Septiembre 2025 | 20:55<\/p>\n\n\n\n<figure class=\"wp-block-image\"><img decoding=\"async\" src=\"https:\/\/platform-cdn.sharethis.com\/img\/facebook.svg\" alt=\"facebook sharing button\"\/><\/figure>\n\n\n\n<figure class=\"wp-block-image\"><img decoding=\"async\" src=\"https:\/\/platform-cdn.sharethis.com\/img\/sharethis.svg\" alt=\"sharethis sharing button\"\/><\/figure>\n\n\n\n<p><strong>Nueva York. \u2013<\/strong>&nbsp;El ministro de Industria y Comercio de la Rep\u00fablica Dominicana,&nbsp;<strong>V\u00edctor \u201cIto\u201d Bison\u00f3<\/strong>, represent\u00f3 al presidente&nbsp;<strong>Luis Abinader<\/strong>&nbsp;en la reuni\u00f3n organizada por el&nbsp;<em>Atlantic Council<\/em>&nbsp;con l\u00edderes empresariales e inversionistas globales, celebrada en el&nbsp;<em>Virgin Hotel<\/em>&nbsp;de Manhattan, en el marco de las actividades paralelas a la Asamblea General de las Naciones Unidas.<\/p>\n\n\n\n<p>El presidente Abinader no pudo asistir al encuentro debido a la fuerte congesti\u00f3n vehicular en la ciudad de Nueva York, ocasionada por la movilidad de los jefes de Estado y de Gobierno que participan en la agenda de la ONU.<\/p>\n\n\n\n<p>El evento cont\u00f3 con la participaci\u00f3n de destacadas personalidades del \u00e1mbito pol\u00edtico, empresarial y acad\u00e9mico, entre ellas representantes de multinacionales como&nbsp;<strong>Amazon, Meta, Visa, Coca-Cola, Google, Citi y PepsiCo<\/strong>, as\u00ed como de organismos multilaterales como el&nbsp;<strong>Banco Interamericano de Desarrollo (BID)<\/strong>&nbsp;y la&nbsp;<strong>CAF<\/strong>, adem\u00e1s de l\u00edderes de consejos empresariales de la regi\u00f3n.<\/p>\n\n\n\n<p>El ministro&nbsp;<strong>Bison\u00f3<\/strong>, en representaci\u00f3n del jefe de Estado, comparti\u00f3 los avances de la Rep\u00fablica Dominicana en materia de&nbsp;<strong>crecimiento econ\u00f3mico, atracci\u00f3n de inversiones, transformaci\u00f3n digital y transici\u00f3n energ\u00e9tica<\/strong>, destacando las oportunidades que ofrece el pa\u00eds como plataforma estrat\u00e9gica para la regi\u00f3n del Caribe y Am\u00e9rica Latina.<\/p>\n\n\n\n<p>La reuni\u00f3n reafirm\u00f3 el inter\u00e9s de la comunidad empresarial internacional en&nbsp;<strong>fortalecer los lazos de cooperaci\u00f3n con la Rep\u00fablica Dominicana<\/strong>&nbsp;y explorar nuevas \u00e1reas de inversi\u00f3n, especialmente en sectores como energ\u00eda, innovaci\u00f3n, comercio y turismo.<\/p>\n\n\n\n<figure class=\"wp-block-image\"><img decoding=\"async\" src=\"https:\/\/www.presidencia.gob.do\/sites\/default\/files\/inline-images\/WhatsApp%20Image%202025-09-23%20at%2020.40.40%20%281%29.jpeg\" alt=\"\"\/><\/figure>\n\n\n\n<p>Entre los presentes en el encuentro estuvieron:\u00a0<strong>Adrienne Arsht<\/strong>, vicepresidenta ejecutiva del\u00a0<em>Atlantic Council<\/em>;\u00a0<strong>Mar\u00eda Isabel Castillo<\/strong>, embajadora de la Rep\u00fablica Dominicana en Estados Unidos;\u00a0<strong>Sergio D\u00edaz-Granados<\/strong>, presidente ejecutivo de CAF \u2013 Banco de Desarrollo de Am\u00e9rica Latina;\u00a0<strong>Jason Marczak<\/strong>, vicepresidente y director senior del\u00a0<em>Adrienne Arsht Latin America Center<\/em>\u00a0(Atlantic Council);\u00a0<strong>Roberto Herrera<\/strong>, miembro del consejo y\u00a0<em>country manager<\/em>\u00a0en Rep\u00fablica Dominicana de InterEnergy Holdings;\u00a0<strong>Ed Royce<\/strong>, expresidente del Comit\u00e9 de Asuntos Exteriores de la C\u00e1mara de Representantes de EE. UU. y\u00a0<em>policy director<\/em>\u00a0en Brownstein;\u00a0<strong>Epsy Campbell Barr<\/strong>, exvicepresidenta de Costa Rica y miembro del consejo asesor del\u00a0<em>Adrienne Arsht Latin America Center<\/em>; y\u00a0<strong>Fabrizio Opertti<\/strong>, gerente del Sector de Productividad, Comercio e Innovaci\u00f3n del BID, entre otros importantes ejecutivos.<\/p>\n\n\n\n<p>Con informaci\u00f3n de la Presidencia de la Rep\u00fablica Dominicana.<\/p>\n","protected":false},"excerpt":{"rendered":"<p>El ministro de Industria y Comercio de la Rep\u00fablica Dominicana,\u00a0V\u00edctor \u201cIto\u201d Bison\u00f3, represent\u00f3 al presidente\u00a0Luis Abinader\u00a0en la reuni\u00f3n organizada por el\u00a0Atlantic Council\u00a0con l\u00edderes empresariales e inversionistas globales. 23 de Septiembre 2025 | 20:55 Nueva York. \u2013&nbsp;El ministro de Industria y Comercio de la Rep\u00fablica Dominicana,&nbsp;V\u00edctor \u201cIto\u201d Bison\u00f3, represent\u00f3 al presidente&nbsp;Luis Abinader&nbsp;en la reuni\u00f3n organizada por [&hellip;]<\/p>\n","protected":false},"author":2,"featured_media":639771,"comment_status":"closed","ping_status":"closed","sticky":false,"template":"","format":"standard","meta":{"footnotes":""},"categories":[20,18,27],"tags":[],"class_list":["post-639770","post","type-post","status-publish","format-standard","has-post-thumbnail","hentry","category-dominicana-hoy","category-economia","category-portada"],"_links":{"self":[{"href":"https:\/\/diariodominicano.com\/index.php?rest_route=\/wp\/v2\/posts\/639770","targetHints":{"allow":["GET"]}}],"collection":[{"href":"https:\/\/diariodominicano.com\/index.php?rest_route=\/wp\/v2\/posts"}],"about":[{"href":"https:\/\/diariodominicano.com\/index.php?rest_route=\/wp\/v2\/types\/post"}],"author":[{"embeddable":true,"href":"https:\/\/diariodominicano.com\/index.php?rest_route=\/wp\/v2\/users\/2"}],"replies":[{"embeddable":true,"href":"https:\/\/diariodominicano.com\/index.php?rest_route=%2Fwp%2Fv2%2Fcomments&post=639770"}],"version-history":[{"count":4,"href":"https:\/\/diariodominicano.com\/index.php?rest_route=\/wp\/v2\/posts\/639770\/revisions"}],"predecessor-version":[{"id":639780,"href":"https:\/\/diariodominicano.com\/index.php?rest_route=\/wp\/v2\/posts\/639770\/revisions\/639780"}],"wp:featuredmedia":[{"embeddable":true,"href":"https:\/\/diariodominicano.com\/index.php?rest_route=\/wp\/v2\/media\/639771"}],"wp:attachment":[{"href":"https:\/\/diariodominicano.com\/index.php?rest_route=%2Fwp%2Fv2%2Fmedia&parent=639770"}],"wp:term":[{"taxonomy":"category","embeddable":true,"href":"https:\/\/diariodominicano.com\/index.php?rest_route=%2Fwp%2Fv2%2Fcategories&post=639770"},{"taxonomy":"post_tag","embeddable":true,"href":"https:\/\/diariodominicano.com\/index.php?rest_route=%2Fwp%2Fv2%2Ftags&post=639770"}],"curies":[{"name":"wp","href":"https:\/\/api.w.org\/{rel}","templated":true}]}}