{"id":639735,"date":"2025-09-24T04:02:50","date_gmt":"2025-09-24T08:02:50","guid":{"rendered":"https:\/\/diariodominicano.com\/?p=639735"},"modified":"2025-09-24T04:02:53","modified_gmt":"2025-09-24T08:02:53","slug":"rd-consigue-su-segunda-serie-en-competencia-final-itf-cotecc-u12-por-equipos","status":"publish","type":"post","link":"https:\/\/diariodominicano.com\/?p=639735","title":{"rendered":"RD consigue su segunda serie\u00a0en\u00a0Competencia\u00a0Final ITF-Cotecc U12 Por Equipos"},"content":{"rendered":"\n<p>Ana Paula Vega\u00a0en acci\u00f3n este martes en la\u00a0Competencia\u00a0Final ITF-Cotecc U12 Por Equipos.<\/p>\n\n\n\n<p>SANTO DOMINGO, RD.- El equipo de hembras de Rep\u00fablica Dominicana gan\u00f3 su\u00a0segunda serie al hilo este martes, en la\u00a0Competencia Final ITF-Cotecc U12 Por Equipos 2025,\u00a0que se juega\u00a0del 22\u00a0al 25 del presente mes, en el Centro Nacional de Tenis del Parque del Este. El evento es totalmente gratis para los fan\u00e1ticos. \u00a0<\/p>\n\n\n\n<p>Las chicas dominicanas no dejaron respirar a las de Trinidad y Tobago, a las que vencieron por 3-0.<\/p>\n\n\n\n<p>Kyara Khayyat&nbsp;dobleg\u00f3 con doble 6-0 sobre&nbsp;Anaya Roberts.&nbsp;Ana Paula Vega&nbsp;le gan\u00f3 a&nbsp;Teijha Wellington&nbsp;por 6-0 y 6-1. En dobles, Vega y&nbsp;Elaine&nbsp;Mart\u00ednez dispusieron sobre Roberts y&nbsp;Wellington, por 6-0 y 6-1.<\/p>\n\n\n\n<p>Las dominicanas ahora tienen foja de 2-0 en dos series, tras ganarle el lunes a Mexico por 2-0.<\/p>\n\n\n\n<p>Mientras que en la rama masculina, los mexicanos dispusieron de los criollos por 3-0.<\/p>\n\n\n\n<p>\u00c1lvaro&nbsp;Ba\u00f1ales&nbsp;venci\u00f3 a El\u00edas&nbsp;Santana&nbsp;por 6-1 y 6-0&nbsp;Karim Eduardo Balbuena&nbsp;sobre&nbsp;Eliezer Santos por 6-2 y 6-1.&nbsp; En dobles,&nbsp;Ba\u00f1ales&nbsp;y&nbsp;Fabio Romo&nbsp;sobre los criollos Santana y Santos&nbsp;6-2&nbsp;y&nbsp;7-6(7).<\/p>\n\n\n\n<p>Los dominicanos ahora compilan 0-2; Costa Rica le gan\u00f3 la serie 3-0 el lunes.<\/p>\n\n\n\n<p>Los partidos de este mi\u00e9rcoles inician desde las 10 de la ma\u00f1ana.<\/p>\n\n\n\n<p>En femenino, las dominicanas ante hondure\u00f1as, en masculino los criollos salen a cancha ante Barbados.<\/p>\n\n\n\n<p>Los ganadores de este evento clasifican a la gran final a celebrarse en Am\u00e9rica, contra equipos del \u00e1rea Cosat (Confederaci\u00f3n Sudamericana de Tenis) y los de Canad\u00e1 y Estados Unidos. &nbsp;<\/p>\n\n\n\n<p>Los eventos organizados por&nbsp;Fedotenis&nbsp;son gracias al Ministerio de Turismo, Banco de Reservas, Junta de Aviaci\u00f3n Civil (JAC),&nbsp;Banco Central,&nbsp;Ekatex, Creso, El Nuevo Diario y Wilson.<\/p>\n\n\n\n<p>Federacion Dominicana de Tenis Fedotenis<\/p>\n\n\n\n<p><a href=\"mailto:prensafedotenis@gmail.com\" target=\"_blank\" rel=\"noreferrer noopener\">prensafedotenis@gmail.com<\/a><\/p>\n\n\n\n<p>#RD\u2003\u2003\u2003\u2003\u2003 #ITF-Cotecc <\/p>\n","protected":false},"excerpt":{"rendered":"<p>Ana Paula Vega\u00a0en acci\u00f3n este martes en la\u00a0Competencia\u00a0Final ITF-Cotecc U12 Por Equipos. SANTO DOMINGO, RD.- El equipo de hembras de Rep\u00fablica Dominicana gan\u00f3 su\u00a0segunda serie al hilo este martes, en la\u00a0Competencia Final ITF-Cotecc U12 Por Equipos 2025,\u00a0que se juega\u00a0del 22\u00a0al 25 del presente mes, en el Centro Nacional de Tenis del Parque del Este. El [&hellip;]<\/p>\n","protected":false},"author":2,"featured_media":639736,"comment_status":"closed","ping_status":"closed","sticky":false,"template":"","format":"standard","meta":{"footnotes":""},"categories":[17],"tags":[],"class_list":["post-639735","post","type-post","status-publish","format-standard","has-post-thumbnail","hentry","category-deportes"],"_links":{"self":[{"href":"https:\/\/diariodominicano.com\/index.php?rest_route=\/wp\/v2\/posts\/639735","targetHints":{"allow":["GET"]}}],"collection":[{"href":"https:\/\/diariodominicano.com\/index.php?rest_route=\/wp\/v2\/posts"}],"about":[{"href":"https:\/\/diariodominicano.com\/index.php?rest_route=\/wp\/v2\/types\/post"}],"author":[{"embeddable":true,"href":"https:\/\/diariodominicano.com\/index.php?rest_route=\/wp\/v2\/users\/2"}],"replies":[{"embeddable":true,"href":"https:\/\/diariodominicano.com\/index.php?rest_route=%2Fwp%2Fv2%2Fcomments&post=639735"}],"version-history":[{"count":1,"href":"https:\/\/diariodominicano.com\/index.php?rest_route=\/wp\/v2\/posts\/639735\/revisions"}],"predecessor-version":[{"id":639737,"href":"https:\/\/diariodominicano.com\/index.php?rest_route=\/wp\/v2\/posts\/639735\/revisions\/639737"}],"wp:featuredmedia":[{"embeddable":true,"href":"https:\/\/diariodominicano.com\/index.php?rest_route=\/wp\/v2\/media\/639736"}],"wp:attachment":[{"href":"https:\/\/diariodominicano.com\/index.php?rest_route=%2Fwp%2Fv2%2Fmedia&parent=639735"}],"wp:term":[{"taxonomy":"category","embeddable":true,"href":"https:\/\/diariodominicano.com\/index.php?rest_route=%2Fwp%2Fv2%2Fcategories&post=639735"},{"taxonomy":"post_tag","embeddable":true,"href":"https:\/\/diariodominicano.com\/index.php?rest_route=%2Fwp%2Fv2%2Ftags&post=639735"}],"curies":[{"name":"wp","href":"https:\/\/api.w.org\/{rel}","templated":true}]}}