{"id":639678,"date":"2025-09-23T17:31:14","date_gmt":"2025-09-23T21:31:14","guid":{"rendered":"https:\/\/diariodominicano.com\/?p=639678"},"modified":"2025-09-23T17:31:22","modified_gmt":"2025-09-23T21:31:22","slug":"banreservas-inaugura-exposicion-melissa-20-momentos-en-top-resa-2025","status":"publish","type":"post","link":"https:\/\/diariodominicano.com\/?p=639678","title":{"rendered":"Banreservas inaugura exposici\u00f3n \u201cMelissa 20, Momentos\u201d en Top Resa 2025\u00a0"},"content":{"rendered":"\n<p>&nbsp;El Banco de Reservas inaugur\u00f3 la exposici\u00f3n \u201cMelissa 20, Momentos\u201d de la artista dominicana Melissa Roed\u00e1n, en el marco de la Feria Internacional de Turismo IFTM Top Resa 2025, con la que consolida su respaldo a la proyecci\u00f3n cultural del pa\u00eds en escenarios extranjeros.<\/p>\n\n\n\n<p>&nbsp;La apertura estuvo encabezada por Ysidro Garc\u00eda, vicepresidente ejecutivo senior de Negocios de Banreservas, en representaci\u00f3n del presidente ejecutivo, doctor Leonardo Aguilera.<\/p>\n\n\n\n<figure class=\"wp-block-gallery has-nested-images columns-default is-cropped wp-block-gallery-1 is-layout-flex wp-block-gallery-is-layout-flex\">\n<figure class=\"wp-block-image size-large\"><img loading=\"lazy\" decoding=\"async\" width=\"1024\" height=\"682\" data-id=\"639686\" src=\"https:\/\/diariodominicano.com\/wp-content\/uploads\/2025\/09\/Stand-de-Banreservas-en-Top-Resa-2025-1024x682.jpg\" alt=\"\" class=\"wp-image-639686\" srcset=\"https:\/\/diariodominicano.com\/wp-content\/uploads\/2025\/09\/Stand-de-Banreservas-en-Top-Resa-2025-1024x682.jpg 1024w, https:\/\/diariodominicano.com\/wp-content\/uploads\/2025\/09\/Stand-de-Banreservas-en-Top-Resa-2025-300x200.jpg 300w, https:\/\/diariodominicano.com\/wp-content\/uploads\/2025\/09\/Stand-de-Banreservas-en-Top-Resa-2025-768x512.jpg 768w, https:\/\/diariodominicano.com\/wp-content\/uploads\/2025\/09\/Stand-de-Banreservas-en-Top-Resa-2025-816x544.jpg 816w, https:\/\/diariodominicano.com\/wp-content\/uploads\/2025\/09\/Stand-de-Banreservas-en-Top-Resa-2025.jpg 1280w\" sizes=\"auto, (max-width: 1024px) 100vw, 1024px\" \/><\/figure>\n<\/figure>\n\n\n\n<p>\u00a0Durante su intervenci\u00f3n, Garc\u00eda destac\u00f3 que la entidad participa en esta feria desde 2015, utiliz\u00e1ndola como plataforma para atraer inversiones, fortalecer v\u00ednculos con el sector tur\u00edstico y promover el arte dominicano en el extranjero.<\/p>\n\n\n\n<figure class=\"wp-block-gallery has-nested-images columns-default is-cropped wp-block-gallery-2 is-layout-flex wp-block-gallery-is-layout-flex\">\n<figure class=\"wp-block-image size-large\"><img loading=\"lazy\" decoding=\"async\" width=\"682\" height=\"1024\" data-id=\"639685\" src=\"https:\/\/diariodominicano.com\/wp-content\/uploads\/2025\/09\/Una-de-las-piezas-expuestas-en-\u2018Melissa-20-Momentos-en-Top-Resa-2025-682x1024.jpg\" alt=\"\" class=\"wp-image-639685\" srcset=\"https:\/\/diariodominicano.com\/wp-content\/uploads\/2025\/09\/Una-de-las-piezas-expuestas-en-\u2018Melissa-20-Momentos-en-Top-Resa-2025-682x1024.jpg 682w, https:\/\/diariodominicano.com\/wp-content\/uploads\/2025\/09\/Una-de-las-piezas-expuestas-en-\u2018Melissa-20-Momentos-en-Top-Resa-2025-200x300.jpg 200w, https:\/\/diariodominicano.com\/wp-content\/uploads\/2025\/09\/Una-de-las-piezas-expuestas-en-\u2018Melissa-20-Momentos-en-Top-Resa-2025-768x1152.jpg 768w, https:\/\/diariodominicano.com\/wp-content\/uploads\/2025\/09\/Una-de-las-piezas-expuestas-en-\u2018Melissa-20-Momentos-en-Top-Resa-2025-816x1224.jpg 816w, https:\/\/diariodominicano.com\/wp-content\/uploads\/2025\/09\/Una-de-las-piezas-expuestas-en-\u2018Melissa-20-Momentos-en-Top-Resa-2025.jpg 853w\" sizes=\"auto, (max-width: 682px) 100vw, 682px\" \/><\/figure>\n<\/figure>\n\n\n\n<p>&nbsp;\u201cLa exposici\u00f3n de Melissa Roed\u00e1n constituye un reflejo de nuestra identidad y de las luchas sociales y ambientales que nos conciernen a todos. Con m\u00e1s de 30 piezas, Melissa 20, Momentos representa su evoluci\u00f3n creativa y reafirma el compromiso de Banreservas con la cultura\u201d, expres\u00f3 Garc\u00eda.<\/p>\n\n\n\n<p>\u00a0En la apertura tambi\u00e9n particip\u00f3 el ministro de Turismo, David Collado, quien resalt\u00f3 que la obra de Roed\u00e1n confirma que el arte y la cultura son pilares fundamentales en la promoci\u00f3n internacional de la Rep\u00fablica Dominicana.<\/p>\n\n\n\n<figure class=\"wp-block-gallery has-nested-images columns-default is-cropped wp-block-gallery-3 is-layout-flex wp-block-gallery-is-layout-flex\">\n<figure class=\"wp-block-image size-large\"><img loading=\"lazy\" decoding=\"async\" width=\"1024\" height=\"705\" data-id=\"639684\" src=\"https:\/\/diariodominicano.com\/wp-content\/uploads\/2025\/09\/Una-de-las-obras-de-la-artista-dominicana-Melissa-Roedan-en-la-exposicion-en-Top-Resa-2025-\u2018Melissa-20-Momentos-1024x705.jpg\" alt=\"\" class=\"wp-image-639684\" srcset=\"https:\/\/diariodominicano.com\/wp-content\/uploads\/2025\/09\/Una-de-las-obras-de-la-artista-dominicana-Melissa-Roedan-en-la-exposicion-en-Top-Resa-2025-\u2018Melissa-20-Momentos-1024x705.jpg 1024w, https:\/\/diariodominicano.com\/wp-content\/uploads\/2025\/09\/Una-de-las-obras-de-la-artista-dominicana-Melissa-Roedan-en-la-exposicion-en-Top-Resa-2025-\u2018Melissa-20-Momentos-300x206.jpg 300w, https:\/\/diariodominicano.com\/wp-content\/uploads\/2025\/09\/Una-de-las-obras-de-la-artista-dominicana-Melissa-Roedan-en-la-exposicion-en-Top-Resa-2025-\u2018Melissa-20-Momentos-768x529.jpg 768w, https:\/\/diariodominicano.com\/wp-content\/uploads\/2025\/09\/Una-de-las-obras-de-la-artista-dominicana-Melissa-Roedan-en-la-exposicion-en-Top-Resa-2025-\u2018Melissa-20-Momentos-816x562.jpg 816w, https:\/\/diariodominicano.com\/wp-content\/uploads\/2025\/09\/Una-de-las-obras-de-la-artista-dominicana-Melissa-Roedan-en-la-exposicion-en-Top-Resa-2025-\u2018Melissa-20-Momentos.jpg 1280w\" sizes=\"auto, (max-width: 1024px) 100vw, 1024px\" \/><\/figure>\n<\/figure>\n\n\n\n<p>\u201cFelicitamos a Melissa por su gran trabajo, porque estas creaciones transmiten el alma de nuestro pa\u00eds y fortalecen nuestra imagen como destino\u201d, afirm\u00f3 Collado.<\/p>\n\n\n\n<p>La muestra re\u00fane pinturas, esculturas, collages, fotograf\u00edas y objetos reciclados elaborados con metales, resinas y cer\u00e1micas, donde la artista combina t\u00e9cnicas cl\u00e1sicas y contempor\u00e1neas.<\/p>\n\n\n\n<p>Sus piezas abordan temas como la identidad, la naturaleza, la violencia y la resistencia, inspiradas tanto en su herencia dominicana como en su experiencia en Italia.<\/p>\n\n\n\n<p>Con esta exposici\u00f3n, Melissa Roed\u00e1n celebra dos d\u00e9cadas de trayectoria art\u00edstica, en las que ha logrado m\u00faltiples reconocimientos nacionales e internacionales.<\/p>\n\n\n\n<p>Roed\u00e1n fue la primera dominicana en recibir el Fiorino de Oro en Escultura del Premio Firenze en 2017, y acumula 27 participaciones colectivas y 11 individuales en distintos escenarios de Europa y la Rep\u00fablica Dominicana.<\/p>\n\n\n\n<p>La artista agradeci\u00f3 a Banreservas \u201cpor confiar en m\u00ed y en mis obras, y hacerme parte de esta feria tan importante para el turismo en todo el mundo\u201d.<\/p>\n\n\n\n<p>Agreg\u00f3 que \u201ccon estas piezas represento diversos momentos de mi vida, momentos que reflejan lo que es ser dominicana\u201d.<\/p>\n\n\n\n<p>Con esta iniciativa, Banreservas reafirma su compromiso de impulsar la cultura como parte esencial de la proyecci\u00f3n del pa\u00eds en el mundo.<\/p>\n\n\n\n<p><strong>Vicepresidencia de Relaciones P\u00fablicas. Septiembre, 2025 <\/strong><\/p>\n","protected":false},"excerpt":{"rendered":"<p>&nbsp;El Banco de Reservas inaugur\u00f3 la exposici\u00f3n \u201cMelissa 20, Momentos\u201d de la artista dominicana Melissa Roed\u00e1n, en el marco de la Feria Internacional de Turismo IFTM Top Resa 2025, con la que consolida su respaldo a la proyecci\u00f3n cultural del pa\u00eds en escenarios extranjeros. &nbsp;La apertura estuvo encabezada por Ysidro Garc\u00eda, vicepresidente ejecutivo senior de [&hellip;]<\/p>\n","protected":false},"author":7,"featured_media":639687,"comment_status":"closed","ping_status":"closed","sticky":true,"template":"","format":"standard","meta":{"footnotes":""},"categories":[21,27],"tags":[301,3225],"class_list":["post-639678","post","type-post","status-publish","format-standard","has-post-thumbnail","hentry","category-cultura","category-portada","tag-banreservas","tag-top-resa-2025"],"_links":{"self":[{"href":"https:\/\/diariodominicano.com\/index.php?rest_route=\/wp\/v2\/posts\/639678","targetHints":{"allow":["GET"]}}],"collection":[{"href":"https:\/\/diariodominicano.com\/index.php?rest_route=\/wp\/v2\/posts"}],"about":[{"href":"https:\/\/diariodominicano.com\/index.php?rest_route=\/wp\/v2\/types\/post"}],"author":[{"embeddable":true,"href":"https:\/\/diariodominicano.com\/index.php?rest_route=\/wp\/v2\/users\/7"}],"replies":[{"embeddable":true,"href":"https:\/\/diariodominicano.com\/index.php?rest_route=%2Fwp%2Fv2%2Fcomments&post=639678"}],"version-history":[{"count":1,"href":"https:\/\/diariodominicano.com\/index.php?rest_route=\/wp\/v2\/posts\/639678\/revisions"}],"predecessor-version":[{"id":639688,"href":"https:\/\/diariodominicano.com\/index.php?rest_route=\/wp\/v2\/posts\/639678\/revisions\/639688"}],"wp:featuredmedia":[{"embeddable":true,"href":"https:\/\/diariodominicano.com\/index.php?rest_route=\/wp\/v2\/media\/639687"}],"wp:attachment":[{"href":"https:\/\/diariodominicano.com\/index.php?rest_route=%2Fwp%2Fv2%2Fmedia&parent=639678"}],"wp:term":[{"taxonomy":"category","embeddable":true,"href":"https:\/\/diariodominicano.com\/index.php?rest_route=%2Fwp%2Fv2%2Fcategories&post=639678"},{"taxonomy":"post_tag","embeddable":true,"href":"https:\/\/diariodominicano.com\/index.php?rest_route=%2Fwp%2Fv2%2Ftags&post=639678"}],"curies":[{"name":"wp","href":"https:\/\/api.w.org\/{rel}","templated":true}]}}