{"id":639643,"date":"2025-09-23T16:53:27","date_gmt":"2025-09-23T20:53:27","guid":{"rendered":"https:\/\/diariodominicano.com\/?p=639643"},"modified":"2025-09-23T16:53:30","modified_gmt":"2025-09-23T20:53:30","slug":"dictan-auto-de-apertura-a-juicio-contra-exregidor-elias-jose-polanco-taveras-por-trafico-ilicito-de-migrantes","status":"publish","type":"post","link":"https:\/\/diariodominicano.com\/?p=639643","title":{"rendered":"Dictan auto de apertura a juicio contra exregidor El\u00edas Jos\u00e9 Polanco Taveras por tr\u00e1fico il\u00edcito de migrantes"},"content":{"rendered":"\n<p><strong>SANTO DOMINGO (Rep\u00fablica Dominicana).-<\/strong>&nbsp;A solicitud del Ministerio P\u00fablico, un tribunal de la provincia Duarte dict\u00f3 auto de apertura a juicio contra el exregidor El\u00edas Jos\u00e9 Polanco Taveras, acusado por tr\u00e1fico il\u00edcito de migrantes.<\/p>\n\n\n\n<p>La acusaci\u00f3n presentada por el fiscal Arturo V\u00e9lez fue acogida por la jueza Isolina Peralta Contreras, del Primer Juzgado de la Instrucci\u00f3n, tras validar los elementos de pruebas que ser\u00e1n presentados en el juicio.<\/p>\n\n\n\n<p>Polanco Taveras es acusado de violar el art\u00edculo 2 de la Ley 137-03 sobre Tr\u00e1fico Il\u00edcito de Migrantes y Trata de Personas en perjuicio de un hombre.<\/p>\n\n\n\n<p>De acuerdo con la investigaci\u00f3n del Ministerio P\u00fablico, Polanco Taveras, exregidor del municipio Tenares, provincia Hermanas Mirabal, incurri\u00f3 en actividades de tr\u00e1fico il\u00edcito de migrantes desde el a\u00f1o 2018.<\/p>\n\n\n\n<p>Las indagatorias oficiales iniciaron en 2023 y concluyeron con la presentaci\u00f3n formal de cargos que hoy dan paso a la siguiente etapa del proceso judicial.<\/p>\n\n\n\n<p>El tribunal competente fijar\u00e1 pr\u00f3ximamente la fecha para el conocimiento del juicio, en el que se debatir\u00e1n las pruebas admitidas.<\/p>\n\n\n\n<p><strong>Direcci\u00f3n General de Comunicaci\u00f3n, Prensa y RRPP<\/strong><\/p>\n\n\n\n<p><strong>Ministerio P\u00fablico RD<\/strong><\/p>\n","protected":false},"excerpt":{"rendered":"<p>SANTO DOMINGO (Rep\u00fablica Dominicana).-&nbsp;A solicitud del Ministerio P\u00fablico, un tribunal de la provincia Duarte dict\u00f3 auto de apertura a juicio contra el exregidor El\u00edas Jos\u00e9 Polanco Taveras, acusado por tr\u00e1fico il\u00edcito de migrantes. La acusaci\u00f3n presentada por el fiscal Arturo V\u00e9lez fue acogida por la jueza Isolina Peralta Contreras, del Primer Juzgado de la Instrucci\u00f3n, [&hellip;]<\/p>\n","protected":false},"author":7,"featured_media":495896,"comment_status":"closed","ping_status":"closed","sticky":false,"template":"","format":"standard","meta":{"footnotes":""},"categories":[24],"tags":[171],"class_list":["post-639643","post","type-post","status-publish","format-standard","has-post-thumbnail","hentry","category-justicia-y-derecho","tag-ministerio-publico"],"_links":{"self":[{"href":"https:\/\/diariodominicano.com\/index.php?rest_route=\/wp\/v2\/posts\/639643","targetHints":{"allow":["GET"]}}],"collection":[{"href":"https:\/\/diariodominicano.com\/index.php?rest_route=\/wp\/v2\/posts"}],"about":[{"href":"https:\/\/diariodominicano.com\/index.php?rest_route=\/wp\/v2\/types\/post"}],"author":[{"embeddable":true,"href":"https:\/\/diariodominicano.com\/index.php?rest_route=\/wp\/v2\/users\/7"}],"replies":[{"embeddable":true,"href":"https:\/\/diariodominicano.com\/index.php?rest_route=%2Fwp%2Fv2%2Fcomments&post=639643"}],"version-history":[{"count":1,"href":"https:\/\/diariodominicano.com\/index.php?rest_route=\/wp\/v2\/posts\/639643\/revisions"}],"predecessor-version":[{"id":639675,"href":"https:\/\/diariodominicano.com\/index.php?rest_route=\/wp\/v2\/posts\/639643\/revisions\/639675"}],"wp:featuredmedia":[{"embeddable":true,"href":"https:\/\/diariodominicano.com\/index.php?rest_route=\/wp\/v2\/media\/495896"}],"wp:attachment":[{"href":"https:\/\/diariodominicano.com\/index.php?rest_route=%2Fwp%2Fv2%2Fmedia&parent=639643"}],"wp:term":[{"taxonomy":"category","embeddable":true,"href":"https:\/\/diariodominicano.com\/index.php?rest_route=%2Fwp%2Fv2%2Fcategories&post=639643"},{"taxonomy":"post_tag","embeddable":true,"href":"https:\/\/diariodominicano.com\/index.php?rest_route=%2Fwp%2Fv2%2Ftags&post=639643"}],"curies":[{"name":"wp","href":"https:\/\/api.w.org\/{rel}","templated":true}]}}