{"id":639642,"date":"2025-09-23T16:43:57","date_gmt":"2025-09-23T20:43:57","guid":{"rendered":"https:\/\/diariodominicano.com\/?p=639642"},"modified":"2025-09-23T16:44:00","modified_gmt":"2025-09-23T20:44:00","slug":"procuraduria-general-de-la-republica-se-suma-con-fuerza-a-la-campana-protegiendo-lo-nuestro-con-integridad","status":"publish","type":"post","link":"https:\/\/diariodominicano.com\/?p=639642","title":{"rendered":"Procuradur\u00eda General de la Rep\u00fablica se suma con fuerza a la campa\u00f1a \u201cProtegiendo lo Nuestro con Integridad\u201d"},"content":{"rendered":"\n<p><em><u>Yeni Berenice: \u201cLa corrupci\u00f3n no es solo un delito, es una violaci\u00f3n directa a los derechos humanos de la ciudadan\u00eda\u201d<\/u><\/em><\/p>\n\n\n\n<p><strong>SANTO DOMINGO (Rep\u00fablica Dominicana).-<\/strong>&nbsp;La Procuradur\u00eda General de la Rep\u00fablica (PGR) reafirm\u00f3 este martes su compromiso con la transparencia, al integrarse, junto a la Procuradur\u00eda Especializada de Persecuci\u00f3n de la Corrupci\u00f3n Administrativa (Pepca), a la campa\u00f1a nacional \u201cProtegiendo lo Nuestro con Integridad\u201d, impulsada por la Direcci\u00f3n General de \u00c9tica e Integridad Gubernamental (DIGEIG), que encabeza la doctora Milagros Ortiz Bosch.<\/p>\n\n\n\n<p>La iniciativa convierte a cada ciudadano en un agente activo de defensa del patrimonio p\u00fablico, al facilitar denuncias de corrupci\u00f3n mediante un c\u00f3digo QR que dirige a un formulario digital de la Pepca.<\/p>\n\n\n\n<p>Al colocar el afiche de la campa\u00f1a en la entrada del edificio del Ministerio P\u00fablico, la procuradora general Yeni Berenice Reynoso fue contundente: \u201cDesde el Ministerio P\u00fablico nos unimos a esta campa\u00f1a porque creemos firmemente que la corrupci\u00f3n es una grave violaci\u00f3n de los derechos humanos de toda la sociedad\u201d, dijo.<\/p>\n\n\n\n<p>\u201cProteger lo p\u00fablico es proteger la salud, la educaci\u00f3n, la seguridad y los servicios de calidad a los que todos tenemos derecho\u201d, sostuvo.<\/p>\n\n\n\n<p>En la colocaci\u00f3n del afiche participaron los procuradores adjuntos Wilson Camacho, director general de Persecuci\u00f3n, y Mirna Ortiz, titular de la Pepca, junto a fiscales de esa unidad.<\/p>\n\n\n\n<p>Reynoso subray\u00f3 que el compromiso de la Procuradur\u00eda General de la Rep\u00fablica es doble: perseguir y sancionar la corrupci\u00f3n sin excepciones y, al mismo tiempo, garantizar que la propia instituci\u00f3n opere con est\u00e1ndares de m\u00e1xima transparencia.<\/p>\n\n\n\n<p>\u201cAs\u00ed como decomisamos los bienes il\u00edcitos para devolverlos a la sociedad, tambi\u00e9n nos exigimos a nosotros mismos ser un modelo de integridad institucional\u201d, sostuvo.<\/p>\n\n\n\n<p>La campa\u00f1a, que combina contacto directo con la ciudadan\u00eda y recursos digitales de acceso inmediato, busca cambiar la cultura de la indiferencia por la cultura de la denuncia responsable.<\/p>\n\n\n\n<p>\u201cCada denuncia fortalece la democracia. Escanear un QR puede parecer un gesto simple, pero es una herramienta de poder ciudadano para proteger lo que es de todos\u201d, afirm\u00f3 Reynoso.<\/p>\n\n\n\n<p><strong>Direcci\u00f3n General de Comunicaci\u00f3n, Prensa y RRPP<\/strong><\/p>\n\n\n\n<p><strong>Ministerio P\u00fablico RD<\/strong><\/p>\n\n\n\n<p>Comunicaciones PGR <a href=\"mailto:comunicaciones@pgr.gob.do\">comunicaciones@pgr.gob.do<\/a><\/p>\n","protected":false},"excerpt":{"rendered":"<p>Yeni Berenice: \u201cLa corrupci\u00f3n no es solo un delito, es una violaci\u00f3n directa a los derechos humanos de la ciudadan\u00eda\u201d SANTO DOMINGO (Rep\u00fablica Dominicana).-&nbsp;La Procuradur\u00eda General de la Rep\u00fablica (PGR) reafirm\u00f3 este martes su compromiso con la transparencia, al integrarse, junto a la Procuradur\u00eda Especializada de Persecuci\u00f3n de la Corrupci\u00f3n Administrativa (Pepca), a la campa\u00f1a [&hellip;]<\/p>\n","protected":false},"author":7,"featured_media":639673,"comment_status":"closed","ping_status":"closed","sticky":false,"template":"","format":"standard","meta":{"footnotes":""},"categories":[24],"tags":[171,3224],"class_list":["post-639642","post","type-post","status-publish","format-standard","has-post-thumbnail","hentry","category-justicia-y-derecho","tag-ministerio-publico","tag-procuradora-general-de-la-republica"],"_links":{"self":[{"href":"https:\/\/diariodominicano.com\/index.php?rest_route=\/wp\/v2\/posts\/639642","targetHints":{"allow":["GET"]}}],"collection":[{"href":"https:\/\/diariodominicano.com\/index.php?rest_route=\/wp\/v2\/posts"}],"about":[{"href":"https:\/\/diariodominicano.com\/index.php?rest_route=\/wp\/v2\/types\/post"}],"author":[{"embeddable":true,"href":"https:\/\/diariodominicano.com\/index.php?rest_route=\/wp\/v2\/users\/7"}],"replies":[{"embeddable":true,"href":"https:\/\/diariodominicano.com\/index.php?rest_route=%2Fwp%2Fv2%2Fcomments&post=639642"}],"version-history":[{"count":1,"href":"https:\/\/diariodominicano.com\/index.php?rest_route=\/wp\/v2\/posts\/639642\/revisions"}],"predecessor-version":[{"id":639674,"href":"https:\/\/diariodominicano.com\/index.php?rest_route=\/wp\/v2\/posts\/639642\/revisions\/639674"}],"wp:featuredmedia":[{"embeddable":true,"href":"https:\/\/diariodominicano.com\/index.php?rest_route=\/wp\/v2\/media\/639673"}],"wp:attachment":[{"href":"https:\/\/diariodominicano.com\/index.php?rest_route=%2Fwp%2Fv2%2Fmedia&parent=639642"}],"wp:term":[{"taxonomy":"category","embeddable":true,"href":"https:\/\/diariodominicano.com\/index.php?rest_route=%2Fwp%2Fv2%2Fcategories&post=639642"},{"taxonomy":"post_tag","embeddable":true,"href":"https:\/\/diariodominicano.com\/index.php?rest_route=%2Fwp%2Fv2%2Ftags&post=639642"}],"curies":[{"name":"wp","href":"https:\/\/api.w.org\/{rel}","templated":true}]}}