{"id":639605,"date":"2025-09-23T13:26:46","date_gmt":"2025-09-23T17:26:46","guid":{"rendered":"https:\/\/diariodominicano.com\/?p=639605"},"modified":"2025-09-23T13:26:48","modified_gmt":"2025-09-23T17:26:48","slug":"la-fragilidad-de-la-economia","status":"publish","type":"post","link":"https:\/\/diariodominicano.com\/?p=639605","title":{"rendered":"La fragilidad de la econom\u00eda"},"content":{"rendered":"\n<p>Daris Javier Cuevas<\/p>\n\n\n\n<p>El panorama de la economia global luce bastante sombr\u00edo, fruto de que predomina una desigualdad que se profundiza, al reconocer que hay cerca de 186 millones de personas que a escala global est\u00e1n buscando trabajo y no lo logran, pero de 28 millones de personas en Am\u00e9rica latina, conforme con la OIT, al cierre del 2024. Tal situaci\u00f3n se ha profundizado a partir de un horizonte laboral que se ha deteriorado con la fragilidad y tensiones por la que atraviesa el mundo y la econom\u00eda, en particular, con la nueva pol\u00edtica arancelaria.<\/p>\n\n\n\n<p>El mayor riesgo que enfrenta la regi\u00f3n de Am\u00e9rica latina est\u00e1 dado por el pobre desempe\u00f1o econ\u00f3mico de cara al 2026, con un aumento moderado en el desempleo de 4.7% y un deterioro abrupto de las condiciones financieras para las econom\u00edas emergentes, pues se trata de que los mercados emergentes evidenciaron un malestar significativo fruto de una disminuci\u00f3n en los flujos de financiamiento externo, pero a su vez, que aumentaron los niveles de riesgo soberano y se depreciaron sus monedas, en relaci\u00f3n con el d\u00f3lar. La realidad de la regi\u00f3n &nbsp;de Am\u00e9rica latina es que se ha entrado en una situaci\u00f3n de hipersensibilidad econ\u00f3mica, social y pol\u00edtica que incuba una implosi\u00f3n conjunta sin precedentes en la actual coyuntura.<\/p>\n\n\n\n<p>Hay que poner de relieve que las tensiones econ\u00f3micas y pol\u00edticas actuales solo conducen a un futuro incierto, que tiende a empeorar en la medida que los indicadores de la democracia se deterioran, fruto de que se incurre en violaciones a las normas constitucionales y a la seguridad jur\u00eddica. Por tales razones, en la actualidad se asiste a un panorama econ\u00f3mico y pol\u00edtico rodeado de fragilidad que est\u00e1 perturbando la cohabitaci\u00f3n, convirtiendo al mundo en un espacio de alta vulnerabilidad explosiva, en la cual los gobiernos han reducido los espacios fiscales, monetarios y la asistencia social.<\/p>\n\n\n\n<p>Para comprender la gobernabilidad, a plenitud, se debe entender que una democracia es tal, cuando esta es apoyada por la mayor\u00eda del soberano, no por grupos gobernantes o corporativos, ya que cuando estos se consideran mayor\u00eda, eso se tipifica como coerci\u00f3n y autoritarismo. Pero resulta que la gobernabilidad reside en la capacidad de los Estados y los gobiernos democr\u00e1ticos para aprobar, poner en pr\u00e1ctica y mantener decisiones necesarias para resolver los problemas sociales de un pa\u00eds, no para imponer reformas por caprichos e imaginaciones de voluntades particulares, lo que al final se construye es una estructura de corrupci\u00f3n capaz de deteriorar y debilitar al propio Estado.<\/p>\n\n\n\n<p>En tal contexto, la falta de credibilidad en los gobernantes y la desconfianza de la ciudadan\u00eda en las instituciones, inhabilitan al r\u00e9gimen pol\u00edtico y debilitan su capacidad para la gobernabilidad, lo que se traduce en una reducci\u00f3n de los espacios democr\u00e1ticos. Por igual, cuando la violencia, la crisis econ\u00f3mica y el deterioro social afectan a amplios sectores sociales, el malestar ante la pol\u00edtica aumenta, y surge la posibilidad de desbordes impetuosos, lo que, a su vez, coloca la gobernabilidad y a la economia en una situaci\u00f3n de riesgos may\u00fasculos, por su fragilidad.<\/p>\n\n\n\n<p>Se entiende que las pol\u00edticas de Estado y los pactos entre las fuerzas sociales y pol\u00edticas deben permitir que la gobernabilidad y la competencia por el Poder dejen de ser inconciliables. Pero es que resulta inaceptable la posibilidad de \u00e9xitos en la atenci\u00f3n de los problemas de la pobreza, el deterioro social y la inseguridad, si no est\u00e1 blindada la gobernabilidad ya que no se resuelve el malestar de ra\u00edz, y para que esto sea posible se requiere la existencia de partidos y Estados fuertes, pues ambos son la plataforma sobre la cual se cimenta la democracia y, por ende, de la buena gobernanza.<\/p>\n\n\n\n<p>En el caso de Am\u00e9rica latina, las evidencias emp\u00edricas han demostrado que impulsar los formatos de gobernanza con criterios corporativos ha resultado una total frustraci\u00f3n ya que para lograr pol\u00edticas p\u00fablicas m\u00e1s efectivas, eficientes y democr\u00e1ticas se requiere desvincular las alianzas comerciales del Estado. La gobernabilidad pol\u00edtica econ\u00f3mica y social ha de ser contin\u00faa, la cual no se logra con la elaboracion de informes simples, manipulados y carente de objetividad, que m\u00e1s bien lo que expresan es el ocultamiento de un escenario turbulento como muestra de que prevalece una econom\u00eda de mucha fragilidad y que se evidencia con los eventos geopol\u00edticos m\u00e1s recientes.&nbsp;<\/p>\n","protected":false},"excerpt":{"rendered":"<p>Daris Javier Cuevas El panorama de la economia global luce bastante sombr\u00edo, fruto de que predomina una desigualdad que se profundiza, al reconocer que hay cerca de 186 millones de personas que a escala global est\u00e1n buscando trabajo y no lo logran, pero de 28 millones de personas en Am\u00e9rica latina, conforme con la OIT, [&hellip;]<\/p>\n","protected":false},"author":2,"featured_media":552151,"comment_status":"closed","ping_status":"closed","sticky":false,"template":"","format":"standard","meta":{"footnotes":""},"categories":[19,16],"tags":[],"class_list":["post-639605","post","type-post","status-publish","format-standard","has-post-thumbnail","hentry","category-mi-voz","category-opiniones"],"_links":{"self":[{"href":"https:\/\/diariodominicano.com\/index.php?rest_route=\/wp\/v2\/posts\/639605","targetHints":{"allow":["GET"]}}],"collection":[{"href":"https:\/\/diariodominicano.com\/index.php?rest_route=\/wp\/v2\/posts"}],"about":[{"href":"https:\/\/diariodominicano.com\/index.php?rest_route=\/wp\/v2\/types\/post"}],"author":[{"embeddable":true,"href":"https:\/\/diariodominicano.com\/index.php?rest_route=\/wp\/v2\/users\/2"}],"replies":[{"embeddable":true,"href":"https:\/\/diariodominicano.com\/index.php?rest_route=%2Fwp%2Fv2%2Fcomments&post=639605"}],"version-history":[{"count":1,"href":"https:\/\/diariodominicano.com\/index.php?rest_route=\/wp\/v2\/posts\/639605\/revisions"}],"predecessor-version":[{"id":639606,"href":"https:\/\/diariodominicano.com\/index.php?rest_route=\/wp\/v2\/posts\/639605\/revisions\/639606"}],"wp:featuredmedia":[{"embeddable":true,"href":"https:\/\/diariodominicano.com\/index.php?rest_route=\/wp\/v2\/media\/552151"}],"wp:attachment":[{"href":"https:\/\/diariodominicano.com\/index.php?rest_route=%2Fwp%2Fv2%2Fmedia&parent=639605"}],"wp:term":[{"taxonomy":"category","embeddable":true,"href":"https:\/\/diariodominicano.com\/index.php?rest_route=%2Fwp%2Fv2%2Fcategories&post=639605"},{"taxonomy":"post_tag","embeddable":true,"href":"https:\/\/diariodominicano.com\/index.php?rest_route=%2Fwp%2Fv2%2Ftags&post=639605"}],"curies":[{"name":"wp","href":"https:\/\/api.w.org\/{rel}","templated":true}]}}