{"id":639578,"date":"2025-09-23T05:03:27","date_gmt":"2025-09-23T09:03:27","guid":{"rendered":"https:\/\/diariodominicano.com\/?p=639578"},"modified":"2025-09-23T05:10:26","modified_gmt":"2025-09-23T09:10:26","slug":"presidente-abinader-anuncia-agenda-a-desarrollar-en-nueva-york-pronunciara-discurso-el-miercoles-ante-onu","status":"publish","type":"post","link":"https:\/\/diariodominicano.com\/?p=639578","title":{"rendered":"Presidente Abinader anuncia agenda a desarrollar en Nueva York. Pronunciar\u00e1  discurso  el mi\u00e9rcoles ante ONU"},"content":{"rendered":"\n<p> La agenda del jefe de Estado dominicano incluye discurso este mi\u00e9rcoles ante ONU; recepci\u00f3n ofrecida por Donald Trump a jefes de Estado y de Gobierno; reuni\u00f3n bilateral con secretario de Estado de EE. UU., Marco Rubio<\/p>\n\n\n\n<h3 class=\"wp-block-heading\">Sobre interrupci\u00f3n el\u00e9ctrica en AILA: \u201cSi hubo negligencia en ese caso, pues habr\u00e1 consecuencias, porque situaciones como esa, para nuestro gobierno, son totalmente inaceptables\u201d.<\/h3>\n\n\n\n<p>22 de Septiembre 2025 |<\/p>\n\n\n\n<figure class=\"wp-block-image\"><img decoding=\"async\" src=\"https:\/\/platform-cdn.sharethis.com\/img\/facebook.svg\" alt=\"facebook sharing button\"\/><\/figure>\n\n\n\n<figure class=\"wp-block-image\"><img decoding=\"async\" src=\"https:\/\/platform-cdn.sharethis.com\/img\/sharethis.svg\" alt=\"sharethis sharing button\"\/><\/figure>\n\n\n\n<p>Santo Domingo, RD.\u2013 En el marco del&nbsp;<strong>octag\u00e9simo per\u00edodo de sesiones de la Asamblea General de las Naciones Unidas<\/strong>&nbsp;(ONU),&nbsp;<strong>el presidente Luis Abinader<\/strong>&nbsp;desarrollar\u00e1 una&nbsp;<strong>amplia agenda de trabajo<\/strong>&nbsp;que incluye su participaci\u00f3n en&nbsp;<strong>foros<\/strong>&nbsp;internacionales,&nbsp;<strong>encuentros bilaterales<\/strong>, reuniones con&nbsp;<strong>l\u00edderes empresariales<\/strong>&nbsp;y su asistencia a la&nbsp;<strong>recepci\u00f3n<\/strong>&nbsp;ofrecida por el presidente&nbsp;<strong>Donald Trump<\/strong>.<\/p>\n\n\n\n<p>El mandatario ofreci\u00f3 estas informaci\u00f3nes durante su encuentro con<strong>&nbsp;LA Semanal con la Prensa<\/strong>&nbsp;que lleva a cabo&nbsp;<strong>todos los lunes<\/strong>&nbsp;en la casa de gobierno con los medios de comunicaci\u00f3n.<\/p>\n\n\n\n<p><strong>Lunes 22 de septiembre de 2025<\/strong><\/p>\n\n\n\n<p>A su llegada a la ciudad de&nbsp;<strong>Nueva York<\/strong>&nbsp;este lunes, asistir\u00e1 a una&nbsp;<strong>cena con inversionistas<\/strong>.<\/p>\n\n\n\n<p><strong>Martes 23 de septiembre de 2025<\/strong><\/p>\n\n\n\n<p>Este d\u00eda iniciar\u00e1 su agenda al participar en la&nbsp;<strong>apertura del Debate General de la Asamblea General de las Naciones Unidas.<\/strong><\/p>\n\n\n\n<p>En esta jornada de intervenciones, tomar\u00e1n la palabra el secretario general de la ONU,&nbsp;<strong>Ant\u00f3nio Guterres<\/strong>, as\u00ed como el presidente de Estados Unidos,&nbsp;<strong>Donald Trump<\/strong>, y el de Brasil,&nbsp;<strong>Luiz In\u00e1cio Lula Da Silva,&nbsp;<\/strong>entre otros.<\/p>\n\n\n\n<p>Posteriormente, sostendr\u00e1 reuniones bilaterales con su majestad&nbsp;<strong>Abdal\u00e1 II bin Al-Hussein<\/strong>, rey de Jordania, y con&nbsp;<strong>Qu Dongyu<\/strong>, director ejecutivo de la Organizaci\u00f3n de las Naciones Unidas para la Alimentaci\u00f3n y la Agricultura (FAO).<\/p>\n\n\n\n<p>Durante el resto de la jornada se reunir\u00e1 con&nbsp;<strong>ejecutivos del Consejo de las Am\u00e9ricas<\/strong>; con&nbsp;<strong>Andr\u00e9s Gluski<\/strong>, CEO de AES Global Energy, y participar\u00e1 en un encuentro organizado por el&nbsp;<strong>Atlantic Council<\/strong>&nbsp;con&nbsp;<strong>l\u00edderes empresariales e inversionistas globales<\/strong>, donde adem\u00e1s&nbsp;<strong>tendr\u00e1 una intervenci\u00f3n<\/strong>&nbsp;sobre el impulso del crecimiento econ\u00f3mico en Am\u00e9rica Latina y el Caribe.<\/p>\n\n\n\n<p>M\u00e1s tarde, el gobernante dominicano asistir\u00e1 a la&nbsp;<strong>recepci\u00f3n ofrecida por el presidente de los Estados Unidos<\/strong>, Donald Trump, a los&nbsp;<strong>jefes de Estado y de Gobierno<\/strong>&nbsp;que participan en el&nbsp;<strong>80\u00ba Per\u00edodo de Sesiones de la Asamblea General de las Naciones Unidas<\/strong>.<\/p>\n\n\n\n<p>El gobernante dominicano concluir\u00e1 su agenda del martes con&nbsp;<strong>una cena junto a empresarios iberoamericanos<\/strong>&nbsp;convocada por el Consejo Empresarial Alianza por Iberoam\u00e9rica&nbsp;<strong>(CEAPI)<\/strong>&nbsp;y del&nbsp;<strong>Adam Smith Center for Economic Freedom.<\/strong><\/p>\n\n\n\n<p><strong>Mi\u00e9rcoles 24 de septiembre de 2025<\/strong><\/p>\n\n\n\n<p>El mandatario dominicano dar\u00e1 comienzo a su agenda en la&nbsp;<strong>Cumbre Anual de Concordia 2025<\/strong>, donde ser\u00e1 entrevistado por&nbsp;<strong>Nicholas Logothetis<\/strong>&nbsp;sobre econom\u00eda global, democracia, seguridad, derechos humanos e innovaci\u00f3n tecnol\u00f3gica.<\/p>\n\n\n\n<p>Luego, el presidente Abinader sostendr\u00e1 una&nbsp;<strong>reuni\u00f3n bilateral<\/strong>&nbsp;con el Secretario de Estado de Estados Unidos,&nbsp;<strong>Marco Rubio<\/strong>.<\/p>\n\n\n\n<p>Asimismo, pasado el mediod\u00eda, el jefe de Estado dominicano pronunciar\u00e1 su&nbsp;<strong>alocuci\u00f3n ante la Asamblea General de las Naciones Unidas<\/strong>, donde expondr\u00e1 la&nbsp;<strong>posici\u00f3n del pa\u00eds<\/strong>&nbsp;frente a los&nbsp;<strong>principales desaf\u00edos globales.<\/strong><\/p>\n\n\n\n<p>Tras culminar su participaci\u00f3n en el marco del 80.\u00ba per\u00edodo de sesiones de la Asamblea General de las Naciones Unidas, el mandatario dominicano&nbsp;<strong>regresar\u00e1 al pa\u00eds el mi\u00e9rcoles 24 de septiembre.<\/strong><\/p>\n\n\n\n<p><strong>Gobierno investiga interrupci\u00f3n el\u00e9ctrica en AILA<\/strong><\/p>\n\n\n\n<p>Al respecto indic\u00f3 que el Gobierno est\u00e1 investigando de cerca las&nbsp;<strong>causas de la interrupci\u00f3n del servicio el\u00e9ctrico<\/strong>&nbsp;en el Aeropuerto Internacional de Las Am\u00e9ricas Jos\u00e9 Francisco Pe\u00f1a G\u00f3mez&nbsp;<strong>(AILA)<\/strong>, registrado este domingo.<\/p>\n\n\n\n<p>Reiter\u00f3, adem\u00e1s, que el ministro de Obras P\u00fablicas,&nbsp;<strong>Eduardo Estrella<\/strong>, tambi\u00e9n presidente de la&nbsp;<strong>Comisi\u00f3n Aeroportuaria<\/strong>, convoc\u00f3 a dicho organismo para&nbsp;<strong>llevar a cabo las indagaciones necesarias. &nbsp;<\/strong><\/p>\n\n\n\n<p><em>\u201cEstamos d\u00e1ndole seguimiento y si hubo negligencia en ese caso pues habr\u00e1 consecuencias, porque situaciones como esa, para nuestro gobierno, son totalmente inaceptables\u201d.<\/em><\/p>\n\n\n\n<p>Con informaci\u00f3n de la Presidencia de la Rep\u00fablica Dominicana.<\/p>\n","protected":false},"excerpt":{"rendered":"<p>La agenda del jefe de Estado dominicano incluye discurso este mi\u00e9rcoles ante ONU; recepci\u00f3n ofrecida por Donald Trump a jefes de Estado y de Gobierno; reuni\u00f3n bilateral con secretario de Estado de EE. UU., Marco Rubio Sobre interrupci\u00f3n el\u00e9ctrica en AILA: \u201cSi hubo negligencia en ese caso, pues habr\u00e1 consecuencias, porque situaciones como esa, para [&hellip;]<\/p>\n","protected":false},"author":2,"featured_media":639579,"comment_status":"closed","ping_status":"closed","sticky":false,"template":"","format":"standard","meta":{"footnotes":""},"categories":[36,20,27],"tags":[],"class_list":["post-639578","post","type-post","status-publish","format-standard","has-post-thumbnail","hentry","category-hombresmujeresycosas","category-dominicana-hoy","category-portada"],"_links":{"self":[{"href":"https:\/\/diariodominicano.com\/index.php?rest_route=\/wp\/v2\/posts\/639578","targetHints":{"allow":["GET"]}}],"collection":[{"href":"https:\/\/diariodominicano.com\/index.php?rest_route=\/wp\/v2\/posts"}],"about":[{"href":"https:\/\/diariodominicano.com\/index.php?rest_route=\/wp\/v2\/types\/post"}],"author":[{"embeddable":true,"href":"https:\/\/diariodominicano.com\/index.php?rest_route=\/wp\/v2\/users\/2"}],"replies":[{"embeddable":true,"href":"https:\/\/diariodominicano.com\/index.php?rest_route=%2Fwp%2Fv2%2Fcomments&post=639578"}],"version-history":[{"count":2,"href":"https:\/\/diariodominicano.com\/index.php?rest_route=\/wp\/v2\/posts\/639578\/revisions"}],"predecessor-version":[{"id":639584,"href":"https:\/\/diariodominicano.com\/index.php?rest_route=\/wp\/v2\/posts\/639578\/revisions\/639584"}],"wp:featuredmedia":[{"embeddable":true,"href":"https:\/\/diariodominicano.com\/index.php?rest_route=\/wp\/v2\/media\/639579"}],"wp:attachment":[{"href":"https:\/\/diariodominicano.com\/index.php?rest_route=%2Fwp%2Fv2%2Fmedia&parent=639578"}],"wp:term":[{"taxonomy":"category","embeddable":true,"href":"https:\/\/diariodominicano.com\/index.php?rest_route=%2Fwp%2Fv2%2Fcategories&post=639578"},{"taxonomy":"post_tag","embeddable":true,"href":"https:\/\/diariodominicano.com\/index.php?rest_route=%2Fwp%2Fv2%2Ftags&post=639578"}],"curies":[{"name":"wp","href":"https:\/\/api.w.org\/{rel}","templated":true}]}}