{"id":639542,"date":"2025-09-23T04:05:35","date_gmt":"2025-09-23T08:05:35","guid":{"rendered":"https:\/\/diariodominicano.com\/?p=639542"},"modified":"2025-09-23T04:05:37","modified_gmt":"2025-09-23T08:05:37","slug":"rd-vence-a-mexico-en-competencia-final-itf-cotecc-u12-por-equipos-2025","status":"publish","type":"post","link":"https:\/\/diariodominicano.com\/?p=639542","title":{"rendered":"RD vence a M\u00e9xico en\u00a0Competencia Final ITF-Cotecc U12 Por Equipos 2025"},"content":{"rendered":"\n<p>La dominicana Kyara Khayyat en acci\u00f3n este viernes en el evento.<\/p>\n\n\n\n<p>SANTO DOMINGO, RD.- El equipo de hembras de Rep\u00fablica Dominicana gan\u00f3 su serie por 2-0 sobre M\u00e9xico este lunes, en el inicio de la\u00a0Competencia Final ITF-Cotecc U12 Por Equipos 2025,\u00a0que se juega\u00a0del 22\u00a0al 25 del presente mes, en el Centro Nacional de Tenis del Parque del Este. El evento es totalmente gratis para los fan\u00e1ticos. \u00a0<\/p>\n\n\n\n<p>La dominicana Kyara Khayyat dio cuentas de la&nbsp;mexicana Sonia Tanus, por&nbsp;6-3&nbsp;y&nbsp;7-6(7).<\/p>\n\n\n\n<p>Ana Paula Vega&nbsp;venci\u00f3 a&nbsp;Nicole Castillo, por&nbsp;5-7,&nbsp;7-5&nbsp;y&nbsp;6-1.<\/p>\n\n\n\n<p>Mientras que en la rama masculina, Costa Rica derrot\u00f3 a Rep\u00fablica Dominicana por 3-0, gan\u00e1ndole la serie a los locales. &nbsp;<\/p>\n\n\n\n<p>Alejandro&nbsp;Gonz\u00e1lez sobre El\u00edas&nbsp;Santana, por&nbsp;6-3&nbsp;y&nbsp;6-1.&nbsp;Samuel Romero&nbsp;venci\u00f3 a&nbsp;Eliezer Santos&nbsp;6-1&nbsp;y&nbsp;6-3.<\/p>\n\n\n\n<p>En dobles,&nbsp;Alejandro&nbsp;Gonz\u00e1lez y&nbsp;Samuel Romero, derrotaron a los criollos&nbsp;Eliezer Santos&nbsp;y&nbsp;Michael Almeida, por&nbsp;6-4&nbsp;y&nbsp;6-1.<\/p>\n\n\n\n<p>Este martes los partidos inician a las 10 de la ma\u00f1ana. Las chicas dominicanas juegan ante Trinidad y Tobago, mientras que en masculino, los dominicanos van ante M\u00e9xico.<\/p>\n\n\n\n<p>Los ganadores de este evento clasifican a la gran final a celebrarse en Am\u00e9rica, contra equipos del \u00e1rea Cosat (Confederaci\u00f3n Sudamericana de Tenis) y los de Canad\u00e1 y Estados Unidos. &nbsp;<\/p>\n\n\n\n<p>Los eventos organizados por&nbsp;Fedotenis&nbsp;son gracias al Ministerio de Turismo, Banco de Reservas, Junta de Aviaci\u00f3n Civil (JAC),&nbsp;Banco Central,&nbsp;Ekatex, Creso, El Nuevo Diario y Wilson.<\/p>\n\n\n\n<p>Federacion Dominicana de Tenis Fedotenis<\/p>\n\n\n\n<p><a target=\"_blank\" href=\"mailto:prensafedotenis@gmail.com\" rel=\"noreferrer noopener\">prensafedotenis@gmail.com<\/a><\/p>\n","protected":false},"excerpt":{"rendered":"<p>La dominicana Kyara Khayyat en acci\u00f3n este viernes en el evento. SANTO DOMINGO, RD.- El equipo de hembras de Rep\u00fablica Dominicana gan\u00f3 su serie por 2-0 sobre M\u00e9xico este lunes, en el inicio de la\u00a0Competencia Final ITF-Cotecc U12 Por Equipos 2025,\u00a0que se juega\u00a0del 22\u00a0al 25 del presente mes, en el Centro Nacional de Tenis del [&hellip;]<\/p>\n","protected":false},"author":2,"featured_media":639543,"comment_status":"closed","ping_status":"closed","sticky":false,"template":"","format":"standard","meta":{"footnotes":""},"categories":[17],"tags":[],"class_list":["post-639542","post","type-post","status-publish","format-standard","has-post-thumbnail","hentry","category-deportes"],"_links":{"self":[{"href":"https:\/\/diariodominicano.com\/index.php?rest_route=\/wp\/v2\/posts\/639542","targetHints":{"allow":["GET"]}}],"collection":[{"href":"https:\/\/diariodominicano.com\/index.php?rest_route=\/wp\/v2\/posts"}],"about":[{"href":"https:\/\/diariodominicano.com\/index.php?rest_route=\/wp\/v2\/types\/post"}],"author":[{"embeddable":true,"href":"https:\/\/diariodominicano.com\/index.php?rest_route=\/wp\/v2\/users\/2"}],"replies":[{"embeddable":true,"href":"https:\/\/diariodominicano.com\/index.php?rest_route=%2Fwp%2Fv2%2Fcomments&post=639542"}],"version-history":[{"count":1,"href":"https:\/\/diariodominicano.com\/index.php?rest_route=\/wp\/v2\/posts\/639542\/revisions"}],"predecessor-version":[{"id":639544,"href":"https:\/\/diariodominicano.com\/index.php?rest_route=\/wp\/v2\/posts\/639542\/revisions\/639544"}],"wp:featuredmedia":[{"embeddable":true,"href":"https:\/\/diariodominicano.com\/index.php?rest_route=\/wp\/v2\/media\/639543"}],"wp:attachment":[{"href":"https:\/\/diariodominicano.com\/index.php?rest_route=%2Fwp%2Fv2%2Fmedia&parent=639542"}],"wp:term":[{"taxonomy":"category","embeddable":true,"href":"https:\/\/diariodominicano.com\/index.php?rest_route=%2Fwp%2Fv2%2Fcategories&post=639542"},{"taxonomy":"post_tag","embeddable":true,"href":"https:\/\/diariodominicano.com\/index.php?rest_route=%2Fwp%2Fv2%2Ftags&post=639542"}],"curies":[{"name":"wp","href":"https:\/\/api.w.org\/{rel}","templated":true}]}}