{"id":639504,"date":"2025-09-22T17:41:22","date_gmt":"2025-09-22T21:41:22","guid":{"rendered":"https:\/\/diariodominicano.com\/?p=639504"},"modified":"2025-09-22T17:47:14","modified_gmt":"2025-09-22T21:47:14","slug":"la-procuraduria-general-resaltara-la-libertad-en-el-desfile-por-la-inclusion-dentro-del-rd-fashion-week","status":"publish","type":"post","link":"https:\/\/diariodominicano.com\/?p=639504","title":{"rendered":"La Procuradur\u00eda General resaltar\u00e1 la libertad en el Desfile por la Inclusi\u00f3n dentro del RD Fashion Week"},"content":{"rendered":"\n<p>Promueve su valor para motivar a las personas a superar barreras para salir adelante<\/p>\n\n\n\n<p>SANTO DOMINGO (Rep\u00fablica Dominicana).- La Procuradur\u00eda General de la Rep\u00fablica (PGR) resalta este a\u00f1o el valor de la libertad en el Desfile por la Inclusi\u00f3n \u201cLa libertad que nos une\u201d, organizado por el Ministerio P\u00fablico dentro del RD Fashion Week.<\/p>\n\n\n\n<p>Al participar en la d\u00e9cimo sexta edici\u00f3n de RD Fashion Week, que se celebrar\u00e1 entre el 1 y el 4 de octubre de este 2025, la Procuradur\u00eda General promueve la visibilidad y el empoderamiento de personas con discapacidades, ni\u00f1os en situaci\u00f3n de riesgo, personas size plus, adultos mayores, adolescentes en conflicto con la ley penal y privados de libertad.<\/p>\n\n\n\n<p>El evento brinda una oportunidad \u00fanica para expresarse a trav\u00e9s de la moda entendida como una expresi\u00f3n de la industria cultural.<\/p>\n\n\n\n<p>El Desfile por la Inclusi\u00f3n se celebrar\u00e1 el s\u00e1bado 4 de octubre dentro del RD Fashion Week, que se llevar\u00e1 a cabo en el hotel Marriott Piantini, del Distrito Nacional. A esta semana de la moda, una tradici\u00f3n que se afianza en Rep\u00fablica Dominicana, se espera la asistencia de m\u00e1s de 30,000 personas apasionadas por la moda, el arte y la cultura.<\/p>\n\n\n\n<p>\u201cLa moda inclusiva supera estereotipos y, a trav\u00e9s de ella, nos esforzamos por promover un mensaje que pueda seguir creando conciencia sobre la importancia de la inclusi\u00f3n y la igualdad para la construcci\u00f3n de una sociedad m\u00e1s justa y equilibrada\u201d,&nbsp; resalt\u00f3 la procuradora general de la Rep\u00fablica, Yeni Berenice Reynoso, al ponderar el desfile.<\/p>\n\n\n\n<p>Reynoso adelant\u00f3 que este a\u00f1o la Procuradur\u00eda General de la Rep\u00fablica lanzar\u00e1 \u201cLiberty RD\u201d, la marca comercial de productos elaborados por privados de libertad integrados a los distintos planes formativos y de trabajo desarrollados por la Direcci\u00f3n General de Servicios Penitenciarios y Correccionales (DGSPC) en coordinaci\u00f3n con instituciones como el Instituto Nacional de Formaci\u00f3n T\u00e9cnico Profesional (Infotep) y las Escuelas Vocacionales de las Fuerzas Armadas y la Polic\u00eda Nacional (EVFFAA).<\/p>\n\n\n\n<p>Reynoso resalt\u00f3 que el Desfile por la Inclusi\u00f3n adopta como eje central el concepto \u201cLibertad\u201d, entendida como un valor esencial que da sentido a la igualdad, la dignidad y el respeto a la diversidad.<\/p>\n\n\n\n<p>\u201cLa libertad representa el derecho de toda persona a mostrarse tal cual, sin ataduras ni prejuicios sociales, est\u00e9ticos o culturales\u201d, dijo.<\/p>\n\n\n\n<p>\u201cCon este desfile buscamos dar visibilidad y empoderar a personas con discapacidades, ni\u00f1os con situaci\u00f3n de calle, adultos mayores, y privados de libertad, brind\u00e1ndoles una oportunidad \u00fanica para expresarse a trav\u00e9s de la moda\u201d, sostuvo.<\/p>\n\n\n\n<p>Resalt\u00f3 que el desfile pondera el proceso de transformaci\u00f3n de los privados de libertad y los productos creados a trav\u00e9s de los programas educativos y ocupacionales de la DGSPC en los centros de correcci\u00f3n y rehabilitaci\u00f3n.<\/p>\n\n\n\n<p>Mientras que la dise\u00f1adora Melkis D\u00edaz, directora de RD Fashion Week (RDFW), afirm\u00f3 que este a\u00f1o los asistentes a la actividad experimentar\u00e1n una experiencia \u00fanica de moda, arte, turismo y cultura.<\/p>\n\n\n\n<p>\u201cValoramos el Desfile por la Inclusi\u00f3n como una de las propuestas de valor que tenemos dentro del RD Fashion Week. Esta pasarela convierte en protagonistas a personas que se esfuerzan por reorientar su prop\u00f3sito de vida y ese es un esfuerzo que todos debemos reconocer\u201d, dijo D\u00edaz, quien aporta su ense\u00f1anza como dise\u00f1adora con personas privadas de libertad como parte de las acciones de su fundaci\u00f3n Moda por la Inclusi\u00f3n.<\/p>\n\n\n\n<p>Destac\u00f3 que el Desfile de la Inclusi\u00f3n, al igual que el RD Fashion Week, reviste gran importancia para demostrar que la moda es un veh\u00edculo de cambio social; y a trav\u00e9s de su imagen y el impacto social que genera, contribuye a resaltar valores de responsabilidad social y sostenibilidad.<\/p>\n\n\n\n<p>La Procuradur\u00eda General de la Rep\u00fablica organiza el Desfile por la Inclusi\u00f3n, a trav\u00e9s del Departamento de Derechos Humanos y la Unidad de Reinserci\u00f3n de Repatriados, que encabeza la fiscal Danissa Cruz Taveras.<\/p>\n\n\n\n<p>Tanto Reynoso como D\u00edaz agradecieron la participaci\u00f3n en el desfile la Direcci\u00f3n Central de la Polic\u00eda de Turismo (Politur), el Consejo Nacional de la Persona Envejeciente (Conape) y el Centro de Atenci\u00f3n Integral para Adolescentes en Conflicto con la Ley Penal (Caipaclp). Tambi\u00e9n, de las fundaciones Qui\u00e9reme Como Soy, Nido para \u00c1ngeles, la Fundaci\u00f3n Francina Hungr\u00eda, Yo Tambi\u00e9n Puedo, la&nbsp; Fundaci\u00f3n Gissell Eusebio Life Transformer, Manos Unidas por el Autismo y&nbsp; Curves Models RD, as\u00ed como Olimp\u00edadas Especiales RD, la cual funge como fundaci\u00f3n invitada.<\/p>\n\n\n\n<p>Direcci\u00f3n General de Comunicaci\u00f3n, Prensa y RRPP<\/p>\n\n\n\n<p>Ministerio P\u00fablico RD<\/p>\n\n\n\n<p>Comunicaciones PGR <a href=\"mailto:comunicaciones@pgr.gob.do\">comunicaciones@pgr.gob.do<\/a><\/p>\n","protected":false},"excerpt":{"rendered":"<p>Promueve su valor para motivar a las personas a superar barreras para salir adelante SANTO DOMINGO (Rep\u00fablica Dominicana).- La Procuradur\u00eda General de la Rep\u00fablica (PGR) resalta este a\u00f1o el valor de la libertad en el Desfile por la Inclusi\u00f3n \u201cLa libertad que nos une\u201d, organizado por el Ministerio P\u00fablico dentro del RD Fashion Week. Al [&hellip;]<\/p>\n","protected":false},"author":7,"featured_media":639520,"comment_status":"closed","ping_status":"closed","sticky":true,"template":"","format":"standard","meta":{"footnotes":""},"categories":[25,24],"tags":[171,2517],"class_list":["post-639504","post","type-post","status-publish","format-standard","has-post-thumbnail","hentry","category-gente","category-justicia-y-derecho","tag-ministerio-publico","tag-procuraduria"],"_links":{"self":[{"href":"https:\/\/diariodominicano.com\/index.php?rest_route=\/wp\/v2\/posts\/639504","targetHints":{"allow":["GET"]}}],"collection":[{"href":"https:\/\/diariodominicano.com\/index.php?rest_route=\/wp\/v2\/posts"}],"about":[{"href":"https:\/\/diariodominicano.com\/index.php?rest_route=\/wp\/v2\/types\/post"}],"author":[{"embeddable":true,"href":"https:\/\/diariodominicano.com\/index.php?rest_route=\/wp\/v2\/users\/7"}],"replies":[{"embeddable":true,"href":"https:\/\/diariodominicano.com\/index.php?rest_route=%2Fwp%2Fv2%2Fcomments&post=639504"}],"version-history":[{"count":1,"href":"https:\/\/diariodominicano.com\/index.php?rest_route=\/wp\/v2\/posts\/639504\/revisions"}],"predecessor-version":[{"id":639521,"href":"https:\/\/diariodominicano.com\/index.php?rest_route=\/wp\/v2\/posts\/639504\/revisions\/639521"}],"wp:featuredmedia":[{"embeddable":true,"href":"https:\/\/diariodominicano.com\/index.php?rest_route=\/wp\/v2\/media\/639520"}],"wp:attachment":[{"href":"https:\/\/diariodominicano.com\/index.php?rest_route=%2Fwp%2Fv2%2Fmedia&parent=639504"}],"wp:term":[{"taxonomy":"category","embeddable":true,"href":"https:\/\/diariodominicano.com\/index.php?rest_route=%2Fwp%2Fv2%2Fcategories&post=639504"},{"taxonomy":"post_tag","embeddable":true,"href":"https:\/\/diariodominicano.com\/index.php?rest_route=%2Fwp%2Fv2%2Ftags&post=639504"}],"curies":[{"name":"wp","href":"https:\/\/api.w.org\/{rel}","templated":true}]}}