{"id":639410,"date":"2025-09-22T02:48:30","date_gmt":"2025-09-22T06:48:30","guid":{"rendered":"https:\/\/diariodominicano.com\/?p=639410"},"modified":"2025-09-22T03:04:24","modified_gmt":"2025-09-22T07:04:24","slug":"presidente-abinader-supervisa-avances-ampliacion-del-acueducto-barrera-de-salinidad-que-incrementara-en-33-y-50-la-distribucion-de-agua-potable-para-sde-y-sdn","status":"publish","type":"post","link":"https:\/\/diariodominicano.com\/?p=639410","title":{"rendered":"Presidente Abinader supervisa avances de la ampliaci\u00f3n del Acueducto Barrera de Salinidad"},"content":{"rendered":"\n<p>La inversi\u00f3n  en la obra incrementar\u00e1 en 33 % y 50 % la distribuci\u00f3n de agua potable para SDE y SDN.<\/p>\n\n\n\n<h3 class=\"wp-block-heading\">Abinader tambi\u00e9n  inaugur\u00f3 de manera simult\u00e1nea 13 Comedores Econ\u00f3micos en comunidades de Azua, Montecristi, Dajab\u00f3n, La Romana, Barahona, Bahoruco, Pedernales, San Crist\u00f3bal y el Distrito Nacional.<\/h3>\n\n\n\n<p>21 de Septiembre 2025 | 19:38<\/p>\n\n\n\n<p>Santo Domingo, RD.- El <strong>presidente Luis Abinader\u00a0<\/strong>encabez\u00f3 el domingo una visita de\u00a0<strong>supervisi\u00f3n<\/strong>\u00a0a los trabajos de\u00a0<strong>ampliaci\u00f3n del Acueducto Oriental Barrera de Salinidad y Trasvase a Santo Domingo Norte<\/strong>, que agregar\u00e1\u00a0<strong>45 millones de galones diarios<\/strong>\u00a0a Santo Domingo Este, para\u00a0<strong>un 33 % m\u00e1s\u00a0<\/strong>de lo que recibe actualmente.<\/p>\n\n\n\n<p>Asimismo, aumentar\u00e1&nbsp;<strong>en 50 %<\/strong>&nbsp;el agua que se distribuye a Santo Domingo Norte.<\/p>\n\n\n\n<p>El avance de la obra supera el 70 % en su segunda etapa y para fines de este 2025 se estar\u00edan realizando las pruebas correspondientes para entrar en&nbsp;<strong>funcionamiento en enero de 2026<\/strong>.<\/p>\n\n\n\n<figure class=\"wp-block-image\"><img decoding=\"async\" src=\"https:\/\/presidencia.gob.do\/sites\/default\/files\/inline-images\/WhatsApp%20Image%202025-09-21%20at%2019.19.38%20%281%29.jpeg\" alt=\"\"\/><\/figure>\n\n\n\n<p>El proyecto contempla aumentar la capacidad de producci\u00f3n del acueducto a&nbsp;<strong>6 metros c\u00fabicos por segundo<\/strong>&nbsp;(m\u00b3\/s) y garantizar la eficiencia en la&nbsp;<strong>producci\u00f3n, distribuci\u00f3n y almacenamiento&nbsp;<\/strong>de agua potable. La&nbsp;<strong>inversi\u00f3n supera los USD 150 millones.&nbsp;<\/strong><\/p>\n\n\n\n<p>Los componentes principales, como la obra de toma, sistemas de bombeo, l\u00ednea de conducci\u00f3n, dep\u00f3sitos reguladores e infraestructura del m\u00f3dulo de tratamiento ser\u00e1n completados en el transcurso del a\u00f1o, asimismo se culminar\u00e1 la macrorred de distribuci\u00f3n y se finalizar\u00e1n los detalles t\u00e9cnicos del nuevo m\u00f3dulo, incluyendo la estructura met\u00e1lica y el sistema de electrificaci\u00f3n.<\/p>\n\n\n\n<p><strong>Otras soluciones<\/strong><\/p>\n\n\n\n<p>A esto, el presidente Abinader a\u00f1adi\u00f3 que para&nbsp;<strong>2026<\/strong>&nbsp;se agregar\u00e1n&nbsp;<strong>2 metros c\u00fabicos al acueducto de Valdesia<\/strong>; as\u00ed como el inicio de una&nbsp;<strong>licitaci\u00f3n<\/strong>&nbsp;para un&nbsp;<strong>acueducto de 10 metros c\u00fabicos en Hatillo<\/strong>,<em>&nbsp;\u201cque ser\u00eda la soluci\u00f3n, por una d\u00e9cada, al Gran Santo Domingo\u201d.<\/em><\/p>\n\n\n\n<p>Al respecto, el director de la&nbsp;<strong>Caasd<\/strong>,&nbsp;<strong>Fellito Suberv\u00ed<\/strong>, calific\u00f3 como&nbsp;<em>\u201cun acto de responsabilidad de nuestro Presidente\u201d<\/em>empezar un<strong>&nbsp;proyecto&nbsp;<\/strong>que<strong>&nbsp;<\/strong>aunque<strong>&nbsp;no ser\u00e1 concluido en su gesti\u00f3n de gobierno,<\/strong>&nbsp;adecuar\u00e1 el sistema nacional de distribuci\u00f3n de agua potable para suplir las&nbsp;<strong>demandas de una ciudad que crece r\u00e1pidamente.&nbsp;<\/strong><\/p>\n\n\n\n<p><strong>13 nuevos Comedores Econ\u00f3micos<\/strong><\/p>\n\n\n\n<figure class=\"wp-block-image\"><img decoding=\"async\" src=\"https:\/\/presidencia.gob.do\/sites\/default\/files\/inline-images\/WhatsApp%20Image%202025-09-21%20at%2019.19.39.jpeg\" alt=\"\"\/><\/figure>\n\n\n\n<p>Posteriormente, el jefe de Estado&nbsp;<strong>inaugur\u00f3 de manera simult\u00e1nea 13 nuevos Comedores Econ\u00f3micos<\/strong>&nbsp;ubicados en diferentes comunidades del pa\u00eds, llevando alimentaci\u00f3n de calidad a&nbsp;<strong>miles de familias que viven en condiciones de vulnerabilidad<\/strong>, lo cual mejora en gran medida su calidad de vida.<\/p>\n\n\n\n<p>Con estas nuevas unidades, el gobierno del presidente Abinader completa la meta de<strong>&nbsp;159 Comedores Econ\u00f3micos&nbsp;<\/strong>instalados en todo el pa\u00eds durante estos cinco a\u00f1os, significando esto un&nbsp;<strong>aumento superior a 300 %<\/strong>.<\/p>\n\n\n\n<p>Las comunidades beneficiadas son Sabana Yegua y Guayabal en&nbsp;<strong>Azua<\/strong>; Guayub\u00edn en&nbsp;<strong>Montecristi<\/strong>; Partido en&nbsp;<strong>Dajab\u00f3n<\/strong>; Guaymate en&nbsp;<strong>La Romana<\/strong>; Fondo Negro, Fundaci\u00f3n y Arroyo Dulce en&nbsp;<strong>Barahona<\/strong>; Clavellina y El Palmar en&nbsp;<strong>Bahoruco<\/strong>; Jos\u00e9 Francisco Pe\u00f1a G\u00f3mez en&nbsp;<strong>Pedernales<\/strong>; Sabana Grande de Palenque en&nbsp;<strong>San Crist\u00f3bal<\/strong>; y Guachupita en el&nbsp;<strong>Distrito Nacional<\/strong>, as\u00ed como una cocina habilitada en la&nbsp;<strong>Direcci\u00f3n General de Migraci\u00f3n<\/strong>&nbsp;para los extranjeros detenidos.<\/p>\n\n\n\n<p><strong>El acto de inauguraci\u00f3n<\/strong>&nbsp;tuvo lugar en la sede central de esa instituci\u00f3n, ubicada en&nbsp;<strong>Los Minas, Santo Domingo Este.<\/strong><\/p>\n\n\n\n<p>El director general de los Comedores Econ\u00f3micos,&nbsp;<strong>Edgar F\u00e9liz<\/strong>, expres\u00f3 que al d\u00eda de hoy se sirven&nbsp;<strong>m\u00e1s de 54 millones de raciones cocidas anuales<\/strong>, adem\u00e1s de los programas de&nbsp;<strong>distribuci\u00f3n de raciones crudas y kits de emergencia<\/strong>&nbsp;que llegan a los sectores m\u00e1s vulnerables en situaciones de calamidad o desastres naturales, por lo que se han convertido en una&nbsp;<strong>red nacional de seguridad alimentaria<\/strong>, con cobertura en todas las provincias del pa\u00eds y presencia en barrios y comunidades donde antes no exist\u00edan servicios p\u00fablicos de alimentaci\u00f3n.<\/p>\n\n\n\n<p>Con informaci\u00f3n de la Presidencia de la Rep\u00fablica Dominicana.<\/p>\n\n\n\n<p>#Abinader\u2003\u2003\u2003 #Acueducto<\/p>\n","protected":false},"excerpt":{"rendered":"<p>La inversi\u00f3n en la obra incrementar\u00e1 en 33 % y 50 % la distribuci\u00f3n de agua potable para SDE y SDN. Abinader tambi\u00e9n inaugur\u00f3 de manera simult\u00e1nea 13 Comedores Econ\u00f3micos en comunidades de Azua, Montecristi, Dajab\u00f3n, La Romana, Barahona, Bahoruco, Pedernales, San Crist\u00f3bal y el Distrito Nacional. 21 de Septiembre 2025 | 19:38 Santo Domingo, [&hellip;]<\/p>\n","protected":false},"author":2,"featured_media":639411,"comment_status":"closed","ping_status":"closed","sticky":false,"template":"","format":"standard","meta":{"footnotes":""},"categories":[20,27],"tags":[],"class_list":["post-639410","post","type-post","status-publish","format-standard","has-post-thumbnail","hentry","category-dominicana-hoy","category-portada"],"_links":{"self":[{"href":"https:\/\/diariodominicano.com\/index.php?rest_route=\/wp\/v2\/posts\/639410","targetHints":{"allow":["GET"]}}],"collection":[{"href":"https:\/\/diariodominicano.com\/index.php?rest_route=\/wp\/v2\/posts"}],"about":[{"href":"https:\/\/diariodominicano.com\/index.php?rest_route=\/wp\/v2\/types\/post"}],"author":[{"embeddable":true,"href":"https:\/\/diariodominicano.com\/index.php?rest_route=\/wp\/v2\/users\/2"}],"replies":[{"embeddable":true,"href":"https:\/\/diariodominicano.com\/index.php?rest_route=%2Fwp%2Fv2%2Fcomments&post=639410"}],"version-history":[{"count":4,"href":"https:\/\/diariodominicano.com\/index.php?rest_route=\/wp\/v2\/posts\/639410\/revisions"}],"predecessor-version":[{"id":639419,"href":"https:\/\/diariodominicano.com\/index.php?rest_route=\/wp\/v2\/posts\/639410\/revisions\/639419"}],"wp:featuredmedia":[{"embeddable":true,"href":"https:\/\/diariodominicano.com\/index.php?rest_route=\/wp\/v2\/media\/639411"}],"wp:attachment":[{"href":"https:\/\/diariodominicano.com\/index.php?rest_route=%2Fwp%2Fv2%2Fmedia&parent=639410"}],"wp:term":[{"taxonomy":"category","embeddable":true,"href":"https:\/\/diariodominicano.com\/index.php?rest_route=%2Fwp%2Fv2%2Fcategories&post=639410"},{"taxonomy":"post_tag","embeddable":true,"href":"https:\/\/diariodominicano.com\/index.php?rest_route=%2Fwp%2Fv2%2Ftags&post=639410"}],"curies":[{"name":"wp","href":"https:\/\/api.w.org\/{rel}","templated":true}]}}