{"id":639400,"date":"2025-09-22T02:34:40","date_gmt":"2025-09-22T06:34:40","guid":{"rendered":"https:\/\/diariodominicano.com\/?p=639400"},"modified":"2025-09-22T02:36:20","modified_gmt":"2025-09-22T06:36:20","slug":"departamento-aeroportuario-dispone-investigacion-sobre-falla-electrica-en-el-aila","status":"publish","type":"post","link":"https:\/\/diariodominicano.com\/?p=639400","title":{"rendered":"Departamento Aeroportuario dispone investigaci\u00f3n sobre falla el\u00e9ctrica en el AILA"},"content":{"rendered":"\n<p>21 de Septiembre 2025 | 15:40<\/p>\n\n\n\n<figure class=\"wp-block-image\"><img decoding=\"async\" src=\"https:\/\/platform-cdn.sharethis.com\/img\/sharethis.svg\" alt=\"sharethis sharing button\"\/><\/figure>\n\n\n\n<p>Santo Domingo, RD.- Como ente regulador y fiscalizador del Sistema Aeroportuario Dominicano, el\u00a0<strong>Departamento Aeroportuario<\/strong>\u00a0comunic\u00f3 que dispuso una\u00a0<strong>investigaci\u00f3n<\/strong>\u00a0y, al mismo tiempo, ha solicitado un\u00a0<strong>informe oficial<\/strong>\u00a0a Aeropuertos Dominicanos Siglo XXI\u00a0<strong>(Aerodom)<\/strong>, sobre las causas que provocaron la ma\u00f1ana de este domingo, un\u00a0<strong>corte el\u00e9ctrico en el Aeropuerto Internacional Jos\u00e9 Francisco Pe\u00f1a G\u00f3mez (AILA).\u00a0<\/strong><\/p>\n\n\n\n<p>Aerodom explic\u00f3 que el corte se debi\u00f3 a un&nbsp;<strong>fallo en una de las seccionadoras internas,<\/strong>&nbsp;por lo que dicho corte&nbsp;<strong>no tuvo nada que ver con la energ\u00eda el\u00e9ctrica externa.<\/strong><\/p>\n\n\n\n<p>Por el tipo de operaciones, los aeropuertos deben mantener&nbsp;<strong>varios protocolos<\/strong>&nbsp;que permitan detectar r\u00e1pidamente cualquier&nbsp;<strong>fallo<\/strong>&nbsp;y activar&nbsp;<strong>alternativas inmediatas<\/strong>&nbsp;<strong>para garantizar la operatividad,<\/strong>&nbsp;por lo que la entidad manifest\u00f3 su deber de solicitar una investigaci\u00f3n que permita&nbsp;<strong>determinar la realidad de lo acontecido.&nbsp;<\/strong><\/p>\n\n\n\n<p>Se debe establecer, adem\u00e1s, que&nbsp;<strong>la situaci\u00f3n no ha representado ning\u00fan riesgo para alguna aeronave<\/strong>&nbsp;y que, tanto&nbsp; &nbsp;el campo a\u00e9reo como la torre de control se han mantenido operando con&nbsp;<strong>sistemas de respaldo<\/strong>, permitiendo que los vuelos contin\u00faen aterrizando o despegando.&nbsp;<strong>Otras aeronaves han sido desviadas&nbsp;<\/strong>a aeropuertos alternos, para mayores&nbsp;<strong>facilidades en tierra<\/strong>, como es el&nbsp;<strong>proceso de migraci\u00f3n.&nbsp; &nbsp; &nbsp; &nbsp;<\/strong><\/p>\n\n\n\n<p>Ya se est\u00e1n adoptando\u00a0<strong>medidas alternas<\/strong>\u00a0que permitan devolver\u00a0 la\u00a0<strong>operatividad normal<\/strong>\u00a0de la terminal\u00a0<strong>lo m\u00e1s pronto posible.<\/strong><\/p>\n\n\n\n<p>Con informaci\u00f3n de la Presidencia de la Rep\u00fablica.<\/p>\n","protected":false},"excerpt":{"rendered":"<p>21 de Septiembre 2025 | 15:40 Santo Domingo, RD.- Como ente regulador y fiscalizador del Sistema Aeroportuario Dominicano, el\u00a0Departamento Aeroportuario\u00a0comunic\u00f3 que dispuso una\u00a0investigaci\u00f3n\u00a0y, al mismo tiempo, ha solicitado un\u00a0informe oficial\u00a0a Aeropuertos Dominicanos Siglo XXI\u00a0(Aerodom), sobre las causas que provocaron la ma\u00f1ana de este domingo, un\u00a0corte el\u00e9ctrico en el Aeropuerto Internacional Jos\u00e9 Francisco Pe\u00f1a G\u00f3mez (AILA).\u00a0 [&hellip;]<\/p>\n","protected":false},"author":2,"featured_media":639401,"comment_status":"closed","ping_status":"closed","sticky":false,"template":"","format":"standard","meta":{"footnotes":""},"categories":[20],"tags":[],"class_list":["post-639400","post","type-post","status-publish","format-standard","has-post-thumbnail","hentry","category-dominicana-hoy"],"_links":{"self":[{"href":"https:\/\/diariodominicano.com\/index.php?rest_route=\/wp\/v2\/posts\/639400","targetHints":{"allow":["GET"]}}],"collection":[{"href":"https:\/\/diariodominicano.com\/index.php?rest_route=\/wp\/v2\/posts"}],"about":[{"href":"https:\/\/diariodominicano.com\/index.php?rest_route=\/wp\/v2\/types\/post"}],"author":[{"embeddable":true,"href":"https:\/\/diariodominicano.com\/index.php?rest_route=\/wp\/v2\/users\/2"}],"replies":[{"embeddable":true,"href":"https:\/\/diariodominicano.com\/index.php?rest_route=%2Fwp%2Fv2%2Fcomments&post=639400"}],"version-history":[{"count":1,"href":"https:\/\/diariodominicano.com\/index.php?rest_route=\/wp\/v2\/posts\/639400\/revisions"}],"predecessor-version":[{"id":639402,"href":"https:\/\/diariodominicano.com\/index.php?rest_route=\/wp\/v2\/posts\/639400\/revisions\/639402"}],"wp:featuredmedia":[{"embeddable":true,"href":"https:\/\/diariodominicano.com\/index.php?rest_route=\/wp\/v2\/media\/639401"}],"wp:attachment":[{"href":"https:\/\/diariodominicano.com\/index.php?rest_route=%2Fwp%2Fv2%2Fmedia&parent=639400"}],"wp:term":[{"taxonomy":"category","embeddable":true,"href":"https:\/\/diariodominicano.com\/index.php?rest_route=%2Fwp%2Fv2%2Fcategories&post=639400"},{"taxonomy":"post_tag","embeddable":true,"href":"https:\/\/diariodominicano.com\/index.php?rest_route=%2Fwp%2Fv2%2Ftags&post=639400"}],"curies":[{"name":"wp","href":"https:\/\/api.w.org\/{rel}","templated":true}]}}