{"id":639362,"date":"2025-09-22T01:46:25","date_gmt":"2025-09-22T05:46:25","guid":{"rendered":"https:\/\/diariodominicano.com\/?p=639362"},"modified":"2025-09-22T01:54:22","modified_gmt":"2025-09-22T05:54:22","slug":"presidente-abinader-inaugura-de-manera-simultanea-13-comedores-en-diferentes-comunidades-del-pais-desde-la-sede-central-de-los-mina","status":"publish","type":"post","link":"https:\/\/diariodominicano.com\/?p=639362","title":{"rendered":"Presidente Abinader inaugura de manera simult\u00e1nea 13 comedores en diferentes comunidades del pa\u00eds desde la sede central de Los Mina"},"content":{"rendered":"\n<p><em>\u201cEste ha sido un hito sin precedentes. Con la ampliaci\u00f3n de los servicios de Comedores Econ\u00f3micos, este gobierno ha logrado niveles hist\u00f3ricos en seguridad alimentaria, reafirmando el compromiso de avanzar hacia la meta de declarar la Rep\u00fablica Dominicana como un pa\u00eds con Hambre Cero\u201d, resalt\u00f3 el mandatario.<\/em><\/p>\n\n\n\n<p>Diario Dominicano<\/p>\n\n\n\n<p><strong>Santo Domingo Este.<\/strong> \u2013 El presidente de la Rep\u00fablica, Luis Abinader Corona, inaugur\u00f3 13 nuevos comedores ubicados en diferentes localidades de RD, en un acto realizado en la sede central de esa instituci\u00f3n de servicio social, ubicada en el sector  Los Mina, Santo Domingo Este.<\/p>\n\n\n\n<figure class=\"wp-block-image size-large\"><img loading=\"lazy\" decoding=\"async\" width=\"1024\" height=\"682\" src=\"https:\/\/diariodominicano.com\/wp-content\/uploads\/2025\/09\/WhatsApp-Image-2025-09-21-at-9.39.45-PM-1024x682.jpeg\" alt=\"\" class=\"wp-image-639367\" srcset=\"https:\/\/diariodominicano.com\/wp-content\/uploads\/2025\/09\/WhatsApp-Image-2025-09-21-at-9.39.45-PM-1024x682.jpeg 1024w, https:\/\/diariodominicano.com\/wp-content\/uploads\/2025\/09\/WhatsApp-Image-2025-09-21-at-9.39.45-PM-300x200.jpeg 300w, https:\/\/diariodominicano.com\/wp-content\/uploads\/2025\/09\/WhatsApp-Image-2025-09-21-at-9.39.45-PM-768x512.jpeg 768w, https:\/\/diariodominicano.com\/wp-content\/uploads\/2025\/09\/WhatsApp-Image-2025-09-21-at-9.39.45-PM-816x544.jpeg 816w, https:\/\/diariodominicano.com\/wp-content\/uploads\/2025\/09\/WhatsApp-Image-2025-09-21-at-9.39.45-PM.jpeg 1280w\" sizes=\"auto, (max-width: 1024px) 100vw, 1024px\" \/><\/figure>\n\n\n\n<p>Durante la actividad, el primer mandatario destac\u00f3 que estos establecimientos garantizan una alimentaci\u00f3n de calidad a miles de familias dominicanas que viven en condiciones de vulnerabilidad, mejorando en gran medida su calidad de vida.<\/p>\n\n\n\n<figure class=\"wp-block-image size-full\"><img loading=\"lazy\" decoding=\"async\" width=\"1024\" height=\"682\" src=\"https:\/\/diariodominicano.com\/wp-content\/uploads\/2025\/09\/WhatsApp-Image-2025-09-21-at-9.39.45-PM-1.jpeg\" alt=\"\" class=\"wp-image-639369\" srcset=\"https:\/\/diariodominicano.com\/wp-content\/uploads\/2025\/09\/WhatsApp-Image-2025-09-21-at-9.39.45-PM-1.jpeg 1024w, https:\/\/diariodominicano.com\/wp-content\/uploads\/2025\/09\/WhatsApp-Image-2025-09-21-at-9.39.45-PM-1-300x200.jpeg 300w, https:\/\/diariodominicano.com\/wp-content\/uploads\/2025\/09\/WhatsApp-Image-2025-09-21-at-9.39.45-PM-1-768x512.jpeg 768w, https:\/\/diariodominicano.com\/wp-content\/uploads\/2025\/09\/WhatsApp-Image-2025-09-21-at-9.39.45-PM-1-816x543.jpeg 816w\" sizes=\"auto, (max-width: 1024px) 100vw, 1024px\" \/><\/figure>\n\n\n\n<p>El jefe del Estado felicit\u00f3 al director general de Comedores Econ\u00f3micos del Estado Dominicano (CEED), Edgar Augusto F\u00e9liz M\u00e9ndez, destacando la gran labor que realiza, felicitaci\u00f3n que tambi\u00e9n extern\u00f3 al equipo de trabajo.<\/p>\n\n\n\n<figure class=\"wp-block-image size-large\"><img loading=\"lazy\" decoding=\"async\" width=\"1024\" height=\"846\" src=\"https:\/\/diariodominicano.com\/wp-content\/uploads\/2025\/09\/WhatsApp-Image-2025-09-21-at-8.42.25-PM-1-1024x846.jpeg\" alt=\"\" class=\"wp-image-639371\" srcset=\"https:\/\/diariodominicano.com\/wp-content\/uploads\/2025\/09\/WhatsApp-Image-2025-09-21-at-8.42.25-PM-1-1024x846.jpeg 1024w, https:\/\/diariodominicano.com\/wp-content\/uploads\/2025\/09\/WhatsApp-Image-2025-09-21-at-8.42.25-PM-1-300x248.jpeg 300w, https:\/\/diariodominicano.com\/wp-content\/uploads\/2025\/09\/WhatsApp-Image-2025-09-21-at-8.42.25-PM-1-768x635.jpeg 768w, https:\/\/diariodominicano.com\/wp-content\/uploads\/2025\/09\/WhatsApp-Image-2025-09-21-at-8.42.25-PM-1-816x674.jpeg 816w, https:\/\/diariodominicano.com\/wp-content\/uploads\/2025\/09\/WhatsApp-Image-2025-09-21-at-8.42.25-PM-1.jpeg 1280w\" sizes=\"auto, (max-width: 1024px) 100vw, 1024px\" \/><\/figure>\n\n\n\n<p>&nbsp;Dijo que, con estas aperturas, se completa la meta de 159 comedores econ\u00f3micos instalados en todo el territorio nacional durante los cinco a\u00f1os de su gesti\u00f3n.<\/p>\n\n\n\n<p>\u201cEste ha sido un hito sin precedentes. Con la ampliaci\u00f3n de los servicios de los Comedores Econ\u00f3micos, este gobierno ha logrado niveles hist\u00f3ricos en seguridad alimentaria, reafirmando el compromiso de avanzar hacia la meta de declarar la Rep\u00fablica Dominicana como un pa\u00eds con Hambre Cero\u201d, resalt\u00f3 el presidente Abinader.<\/p>\n\n\n\n<p>El jefe de Estado, acompa\u00f1ado del director general de Comedores Econ\u00f3micos, Edgar Augusto F\u00e9liz M\u00e9ndez, declar\u00f3 que, hasta la fecha, la puesta en funcionamiento de nuevas instalaciones lleva un aumento de m\u00e1s de un 500 por ciento, un beneficio directo en la econom\u00eda del segmento poblacional m\u00e1s necesitado.<\/p>\n\n\n\n<p>El acto de inauguraci\u00f3n simb\u00f3lica desde Santo Domingo Este representa, seg\u00fan palabras del propio mandatario, un compromiso cumplido con los m\u00e1s vulnerables y una inversi\u00f3n social que dignifica a la gente.<\/p>\n\n\n\n<p>\u201cNo hay m\u00e1s nada que decir, con el mismo presupuesto hemos multiplicados en un 500 por ciento la instalaci\u00f3n de comedores en todo el pa\u00eds, y seguiremos, antes de finalizar el a\u00f1o estaremos inaugurando unos 20 m\u00e1s\u201d, resalt\u00f3.<\/p>\n\n\n\n<p>De su lado, el director general de la instituci\u00f3n de asistencia social expres\u00f3 que, con esta expansi\u00f3n, se fortalece la capacidad operativa de los comedores, que hoy d\u00eda sirven m\u00e1s de 54 millones de raciones cocidas anuales, adem\u00e1s de los programas de distribuci\u00f3n de raciones crudas y kits de emergencia que llegan a los sectores m\u00e1s vulnerables en situaciones de calamidad o desastres naturales.<\/p>\n\n\n\n<p>\u201cLa gesti\u00f3n de Comedores Econ\u00f3micos ha pasado de ser un programa limitado a unas decenas de cocinas comunitarias a convertirse en una red nacional de seguridad alimentaria, con cobertura en todas las provincias del pa\u00eds y presencia en barrios y comunidades donde antes no exist\u00edan servicios p\u00fablicos de alimentaci\u00f3n\u201d, declar\u00f3 el funcionario.<\/p>\n\n\n\n<p>La bendici\u00f3n de los nuevos comedores estuvo a cargo del Padre Gregorio Alegr\u00eda Armend\u00e1riz.<\/p>\n\n\n\n<p>Asegur\u00f3 que las comunidades de Sabana Yegua, Az\u00faa; Guayub\u00edn, Montecristi; Partido, Dajab\u00f3n; Guaymate, La Romana; Fondo Negro, Barahona; Clavellina, Bahoruco; Jos\u00e9 Francisco Pe\u00f1a G\u00f3mez, Pedernales; El Palmar, Bahoruco; Guayabal, Az\u00faa; Fundaci\u00f3n, Barahona; Sabana Grande de Palenque, San Crist\u00f3bal; Arroyo Dulce, Barahona; Guachupita, Distrito Nacional; as\u00ed como una cocina habilitada en la Direcci\u00f3n de\u2002Migraci\u00f3n para los extranjeros detenidos, garantizando que estas poblaciones recibir\u00e1n un servicio digno y oportuno, que contribuir\u00e1 al fortalecimiento de la seguridad alimentaria en RD.<\/p>\n\n\n\n<p>Carmen Curiel<\/p>\n\n\n\n<p><a target=\"_blank\" href=\"mailto:carmencuriel6@gmail.com\" rel=\"noreferrer noopener\">carmencuriel6@gmail.com<\/a><\/p>\n\n\n\n<p><strong>21 de septiembre del 2025<\/strong><\/p>\n\n\n\n<p>#Abimader\u2003\u2003\u2002#13 comedores<\/p>\n","protected":false},"excerpt":{"rendered":"<p>\u201cEste ha sido un hito sin precedentes. Con la ampliaci\u00f3n de los servicios de Comedores Econ\u00f3micos, este gobierno ha logrado niveles hist\u00f3ricos en seguridad alimentaria, reafirmando el compromiso de avanzar hacia la meta de declarar la Rep\u00fablica Dominicana como un pa\u00eds con Hambre Cero\u201d, resalt\u00f3 el mandatario. Diario Dominicano Santo Domingo Este. \u2013 El presidente [&hellip;]<\/p>\n","protected":false},"author":2,"featured_media":639363,"comment_status":"closed","ping_status":"closed","sticky":false,"template":"","format":"standard","meta":{"footnotes":""},"categories":[20],"tags":[],"class_list":["post-639362","post","type-post","status-publish","format-standard","has-post-thumbnail","hentry","category-dominicana-hoy"],"_links":{"self":[{"href":"https:\/\/diariodominicano.com\/index.php?rest_route=\/wp\/v2\/posts\/639362","targetHints":{"allow":["GET"]}}],"collection":[{"href":"https:\/\/diariodominicano.com\/index.php?rest_route=\/wp\/v2\/posts"}],"about":[{"href":"https:\/\/diariodominicano.com\/index.php?rest_route=\/wp\/v2\/types\/post"}],"author":[{"embeddable":true,"href":"https:\/\/diariodominicano.com\/index.php?rest_route=\/wp\/v2\/users\/2"}],"replies":[{"embeddable":true,"href":"https:\/\/diariodominicano.com\/index.php?rest_route=%2Fwp%2Fv2%2Fcomments&post=639362"}],"version-history":[{"count":4,"href":"https:\/\/diariodominicano.com\/index.php?rest_route=\/wp\/v2\/posts\/639362\/revisions"}],"predecessor-version":[{"id":639372,"href":"https:\/\/diariodominicano.com\/index.php?rest_route=\/wp\/v2\/posts\/639362\/revisions\/639372"}],"wp:featuredmedia":[{"embeddable":true,"href":"https:\/\/diariodominicano.com\/index.php?rest_route=\/wp\/v2\/media\/639363"}],"wp:attachment":[{"href":"https:\/\/diariodominicano.com\/index.php?rest_route=%2Fwp%2Fv2%2Fmedia&parent=639362"}],"wp:term":[{"taxonomy":"category","embeddable":true,"href":"https:\/\/diariodominicano.com\/index.php?rest_route=%2Fwp%2Fv2%2Fcategories&post=639362"},{"taxonomy":"post_tag","embeddable":true,"href":"https:\/\/diariodominicano.com\/index.php?rest_route=%2Fwp%2Fv2%2Ftags&post=639362"}],"curies":[{"name":"wp","href":"https:\/\/api.w.org\/{rel}","templated":true}]}}