{"id":639268,"date":"2025-09-21T02:55:26","date_gmt":"2025-09-21T06:55:26","guid":{"rendered":"https:\/\/diariodominicano.com\/?p=639268"},"modified":"2025-09-22T01:13:05","modified_gmt":"2025-09-22T05:13:05","slug":"presidente-abinader-inaugura-carretera-hacia-el-salto-de-aguas-blancas","status":"publish","type":"post","link":"https:\/\/diariodominicano.com\/?p=639268","title":{"rendered":"Presidente Abinader inaugura carretera hacia El Salto de Aguas Blancas"},"content":{"rendered":"\n<h3 class=\"wp-block-heading\">Ministro de Turismo dice gobierno del presidente Abinader est\u00e1 invirtiendo RD 981 millones en obras tur\u00edsticas en Constanza y Jarabacoa.<\/h3>\n\n\n\n<p>19 de Septiembre 2025 | 18:41<\/p>\n\n\n\n<figure class=\"wp-block-image\"><img decoding=\"async\" src=\"https:\/\/platform-cdn.sharethis.com\/img\/facebook.svg\" alt=\"facebook sharing button\"\/><\/figure>\n\n\n\n<figure class=\"wp-block-image\"><img decoding=\"async\" src=\"https:\/\/platform-cdn.sharethis.com\/img\/sharethis.svg\" alt=\"sharethis sharing button\"\/><\/figure>\n\n\n\n<p>Constanza, RD.\u2013\u00a0<strong>El presidente de la Rep\u00fablica, Luis Abinader<\/strong>, encabez\u00f3 este viernes la\u00a0<strong>inauguraci\u00f3n\u00a0<\/strong>de la<strong>\u00a0carretera<\/strong>\u00a0que conduce al\u00a0<strong>Salto de Aguas Blancas<\/strong>, una obra anhelada por a\u00f1os que transformar\u00e1 el acceso a\u00a0<strong>uno de los principales destinos ecotur\u00edsticos<\/strong>\u00a0de la Rep\u00fablica Dominicana.<\/p>\n\n\n\n<p>La nueva v\u00eda, de 11.9 kil\u00f3metros de extensi\u00f3n, tuvo una inversi\u00f3n de&nbsp;<strong>RD 485 millones&nbsp;<\/strong>y facilita el acceso a la cascada de Aguas Blancas, considerada una de las m\u00e1s altas y hermosas del Caribe, ubicada a m\u00e1s de 1,600 metros sobre el nivel del mar, en el coraz\u00f3n del Parque Nacional Valle Nuevo.<\/p>\n\n\n\n<p><img loading=\"lazy\" decoding=\"async\" src=\"https:\/\/www.presidencia.gob.do\/sites\/default\/files\/inline-images\/52f7eb02-e38a-4fd7-b0d6-0d8429584def.jpeg\" width=\"4160\" height=\"2773\">En el acto, el ministro de Turismo,&nbsp;<strong>David Collado<\/strong>, inform\u00f3 que el Gobierno dominicano, a trav\u00e9s de la instituci\u00f3n que dirige,&nbsp;<strong>est\u00e1 invirtiendo RD 981 millones<\/strong>&nbsp;en proyectos tur\u00edsticos en&nbsp;<strong>Jarabacoa y Constanza<\/strong>, de los cuales&nbsp;<strong>RD 508 millones<\/strong>corresponden a&nbsp;<strong>este \u00faltimo municipio<\/strong>.<\/p>\n\n\n\n<p>Asimismo, anunci\u00f3 la entrega del avance y contrato para la&nbsp;<strong>reconstrucci\u00f3n del parque Anacaona<\/strong>, reafirmando el compromiso del gobierno del presidente Abinader con el&nbsp;<strong>desarrollo tur\u00edstico, ecol\u00f3gico, cultural y gastron\u00f3mico<\/strong>&nbsp;de ambas demarcaciones.<\/p>\n\n\n\n<figure class=\"wp-block-image\"><img decoding=\"async\" src=\"https:\/\/www.presidencia.gob.do\/sites\/default\/files\/inline-images\/99d442ee-6d86-4ab5-a27b-73f9530a5926.jpeg\" alt=\"\"\/><\/figure>\n\n\n\n<p>En tanto, el senador de la provincia La Vega,&nbsp;<strong>Ram\u00f3n Rogelio Genao<\/strong>, resalt\u00f3 que la carretera no solo conecta con el Salto de Aguas Blancas, sino tambi\u00e9n con la comunidad de&nbsp;El Convento, el Parque Nacional Valle Nuevo, el monumento de Las Pir\u00e1mides y la provincia de San Jos\u00e9 de Ocoa.<\/p>\n\n\n\n<p>De igual manera, el alcalde de Constanza,&nbsp;<strong>Francisco Marte<\/strong>, agradeci\u00f3 al presidente Abinader por la obra que, seg\u00fan explic\u00f3, permitir\u00e1 a los habitantes de la zona contar con&nbsp;<strong>mejores condiciones de movilidad y transporte<\/strong>, al tiempo que facilitar\u00e1 a los visitantes el&nbsp;<strong>acceso a los atractivos ecotur\u00edsticos&nbsp;<\/strong>del municipio.<\/p>\n\n\n\n<figure class=\"wp-block-image\"><img decoding=\"async\" src=\"https:\/\/www.presidencia.gob.do\/sites\/default\/files\/inline-images\/c7d390cd-0c02-4c93-9c86-d9b20919e57e.jpeg\" alt=\"\"\/><\/figure>\n\n\n\n<p>Con esta infraestructura, se busca impulsar el&nbsp;<strong>turismo ecol\u00f3gico<\/strong>, dinamizar la econom\u00eda local y garantizar&nbsp;<strong>mayor seguridad vial<\/strong>&nbsp;para los&nbsp;<strong>cientos de visitantes y comunitarios<\/strong>que transitan cada semana por esta zona monta\u00f1osa. La obra tambi\u00e9n reducir\u00e1 el&nbsp;<strong>tiempo de acceso<\/strong>&nbsp;al Salto de Aguas Blancas, pasando de 30 a solo 10 minutos.<\/p>\n\n\n\n<p>El proyecto incluy\u00f3 la construcci\u00f3n de un parqueo, parador fotogr\u00e1fico, barandas de protecci\u00f3n, reposici\u00f3n de luminarias, se\u00f1alizaci\u00f3n horizontal y vertical, mejoramiento de la capa de rodadura y asfaltado, entre otras facilidades.<\/p>\n\n\n\n<p><strong>Comunitarios entregan reconocimiento al presidente Abinader<\/strong><\/p>\n\n\n\n<figure class=\"wp-block-image\"><img decoding=\"async\" src=\"https:\/\/www.presidencia.gob.do\/sites\/default\/files\/inline-images\/2be7f4e0-91d3-4dce-8e8d-0465048740c8.jpeg\" alt=\"\"\/><\/figure>\n\n\n\n<p><strong>La Junta de Vecinos \u201cEn Busca del Progreso\u00bb<\/strong>&nbsp;de la comunidad de El Convento y la&nbsp;<strong>Cooperativa Coopavent<\/strong>, entregaron un&nbsp;<strong>reconocimiento al presidente Abinader<\/strong>&nbsp;por hacer realidad esta obra, que representa un&nbsp;<strong>anhelo hist\u00f3rico<\/strong>&nbsp;de la comunidad.<\/p>\n\n\n\n<p>En el acto estuvieron\u00a0presentes la gobernadora provincial, Luisa Jim\u00e9nez de la Mota, y el director de la Polic\u00eda de Turismo (Politur), general\u00a0Minoru Matsunaga,\u00a0junto con los diputados\u00a0Gabriela Abreu y Rogelio Alfonso Genao.<\/p>\n\n\n\n<p>Con informaci\u00f3n de la Presidencia de la Rep\u00fablica Dominicana.<\/p>\n\n\n\n<p>#Abinader\u2003\u2003 #Aguas Blancas <\/p>\n","protected":false},"excerpt":{"rendered":"<p>Ministro de Turismo dice gobierno del presidente Abinader est\u00e1 invirtiendo RD 981 millones en obras tur\u00edsticas en Constanza y Jarabacoa. 19 de Septiembre 2025 | 18:41 Constanza, RD.\u2013\u00a0El presidente de la Rep\u00fablica, Luis Abinader, encabez\u00f3 este viernes la\u00a0inauguraci\u00f3n\u00a0de la\u00a0carretera\u00a0que conduce al\u00a0Salto de Aguas Blancas, una obra anhelada por a\u00f1os que transformar\u00e1 el acceso a\u00a0uno de [&hellip;]<\/p>\n","protected":false},"author":2,"featured_media":639269,"comment_status":"closed","ping_status":"closed","sticky":false,"template":"","format":"standard","meta":{"footnotes":""},"categories":[20,32],"tags":[1854],"class_list":["post-639268","post","type-post","status-publish","format-standard","has-post-thumbnail","hentry","category-dominicana-hoy","category-turismo","tag-presidente-abinader"],"_links":{"self":[{"href":"https:\/\/diariodominicano.com\/index.php?rest_route=\/wp\/v2\/posts\/639268","targetHints":{"allow":["GET"]}}],"collection":[{"href":"https:\/\/diariodominicano.com\/index.php?rest_route=\/wp\/v2\/posts"}],"about":[{"href":"https:\/\/diariodominicano.com\/index.php?rest_route=\/wp\/v2\/types\/post"}],"author":[{"embeddable":true,"href":"https:\/\/diariodominicano.com\/index.php?rest_route=\/wp\/v2\/users\/2"}],"replies":[{"embeddable":true,"href":"https:\/\/diariodominicano.com\/index.php?rest_route=%2Fwp%2Fv2%2Fcomments&post=639268"}],"version-history":[{"count":3,"href":"https:\/\/diariodominicano.com\/index.php?rest_route=\/wp\/v2\/posts\/639268\/revisions"}],"predecessor-version":[{"id":639277,"href":"https:\/\/diariodominicano.com\/index.php?rest_route=\/wp\/v2\/posts\/639268\/revisions\/639277"}],"wp:featuredmedia":[{"embeddable":true,"href":"https:\/\/diariodominicano.com\/index.php?rest_route=\/wp\/v2\/media\/639269"}],"wp:attachment":[{"href":"https:\/\/diariodominicano.com\/index.php?rest_route=%2Fwp%2Fv2%2Fmedia&parent=639268"}],"wp:term":[{"taxonomy":"category","embeddable":true,"href":"https:\/\/diariodominicano.com\/index.php?rest_route=%2Fwp%2Fv2%2Fcategories&post=639268"},{"taxonomy":"post_tag","embeddable":true,"href":"https:\/\/diariodominicano.com\/index.php?rest_route=%2Fwp%2Fv2%2Ftags&post=639268"}],"curies":[{"name":"wp","href":"https:\/\/api.w.org\/{rel}","templated":true}]}}