{"id":639187,"date":"2025-09-21T00:49:55","date_gmt":"2025-09-21T04:49:55","guid":{"rendered":"https:\/\/diariodominicano.com\/?p=639187"},"modified":"2025-09-21T01:04:24","modified_gmt":"2025-09-21T05:04:24","slug":"toneladas-de-desperdicios-solidos-son-recolectadas-en-la-jornada-dia-nacional-de-limpieza-realizado-por-el-pld-en-todo-el-territorio-nacional-pld","status":"publish","type":"post","link":"https:\/\/diariodominicano.com\/?p=639187","title":{"rendered":"Toneladas de desperdicios s\u00f3lidos son recolectadas en la jornada \u201cD\u00eda Nacional de Limpieza\u201d realizado por el PLD en todo el territorio nacional: PLD"},"content":{"rendered":"\n<p>Miembros y militantes del Partido de la Liberaci\u00f3n Dominicana (PLD) constituido en brigadas,&nbsp;&nbsp;recogieron este s\u00e1bado toneladas de residuos s\u00f3lidos en la jornada&nbsp;&nbsp;\u201cD\u00eda Nacional de Limpieza\u201d.<\/p>\n\n\n\n<figure class=\"wp-block-image size-large\"><img loading=\"lazy\" decoding=\"async\" width=\"1024\" height=\"768\" src=\"https:\/\/diariodominicano.com\/wp-content\/uploads\/2025\/09\/limpieza-5-1024x768.jpg\" alt=\"\" class=\"wp-image-639192\" srcset=\"https:\/\/diariodominicano.com\/wp-content\/uploads\/2025\/09\/limpieza-5-1024x768.jpg 1024w, https:\/\/diariodominicano.com\/wp-content\/uploads\/2025\/09\/limpieza-5-300x225.jpg 300w, https:\/\/diariodominicano.com\/wp-content\/uploads\/2025\/09\/limpieza-5-768x576.jpg 768w, https:\/\/diariodominicano.com\/wp-content\/uploads\/2025\/09\/limpieza-5-816x612.jpg 816w, https:\/\/diariodominicano.com\/wp-content\/uploads\/2025\/09\/limpieza-5.jpg 1280w\" sizes=\"auto, (max-width: 1024px) 100vw, 1024px\" \/><\/figure>\n\n\n\n<p>Desde todas las provincias del pa\u00eds y las circunscripciones del Gran Santo Domingo se reportaron los operativos de limpieza, respondiendo a las directrices de la Secretar\u00eda de Asuntos Municipales&nbsp;&nbsp;del PLD, \u00f3rgano que organiz\u00f3 la jornada con el respaldo de la Secretaria General.<\/p>\n\n\n\n<p>Como se instruy\u00f3,&nbsp;&nbsp;los brigadistas del PLD, previamente localizaron calles, avenidas, vertederos y procedieron con palas,&nbsp;&nbsp;escobas y fundas pl\u00e1sticas a limpiar dichos espacios.<\/p>\n\n\n\n<figure class=\"wp-block-image size-large\"><img loading=\"lazy\" decoding=\"async\" width=\"1024\" height=\"636\" src=\"https:\/\/diariodominicano.com\/wp-content\/uploads\/2025\/09\/limpieza-3-1024x636.jpg\" alt=\"\" class=\"wp-image-639194\" srcset=\"https:\/\/diariodominicano.com\/wp-content\/uploads\/2025\/09\/limpieza-3-1024x636.jpg 1024w, https:\/\/diariodominicano.com\/wp-content\/uploads\/2025\/09\/limpieza-3-300x186.jpg 300w, https:\/\/diariodominicano.com\/wp-content\/uploads\/2025\/09\/limpieza-3-768x477.jpg 768w, https:\/\/diariodominicano.com\/wp-content\/uploads\/2025\/09\/limpieza-3-816x507.jpg 816w, https:\/\/diariodominicano.com\/wp-content\/uploads\/2025\/09\/limpieza-3.jpg 1280w\" sizes=\"auto, (max-width: 1024px) 100vw, 1024px\" \/><\/figure>\n\n\n\n<p>Los operativos tambi\u00e9n se realizaron en playas y orilla de r\u00edos y arroyos, seg\u00fan se aprecia en centenares de fotograf\u00edas y videos enviados a la sede nacional del PLD, como muestra de la labor realizada.<\/p>\n\n\n\n<figure class=\"wp-block-image size-large\"><img loading=\"lazy\" decoding=\"async\" width=\"768\" height=\"1024\" src=\"https:\/\/diariodominicano.com\/wp-content\/uploads\/2025\/09\/limpieza-4-1-768x1024.jpg\" alt=\"\" class=\"wp-image-639197\" srcset=\"https:\/\/diariodominicano.com\/wp-content\/uploads\/2025\/09\/limpieza-4-1-768x1024.jpg 768w, https:\/\/diariodominicano.com\/wp-content\/uploads\/2025\/09\/limpieza-4-1-225x300.jpg 225w, https:\/\/diariodominicano.com\/wp-content\/uploads\/2025\/09\/limpieza-4-1-1152x1536.jpg 1152w, https:\/\/diariodominicano.com\/wp-content\/uploads\/2025\/09\/limpieza-4-1-1536x2048.jpg 1536w, https:\/\/diariodominicano.com\/wp-content\/uploads\/2025\/09\/limpieza-4-1-816x1088.jpg 816w, https:\/\/diariodominicano.com\/wp-content\/uploads\/2025\/09\/limpieza-4-1-scaled.jpg 1920w\" sizes=\"auto, (max-width: 768px) 100vw, 768px\" \/><\/figure>\n\n\n\n<p>Alcaldes, directores de distritos municipales, regidores y vocales, dirigentes del PLD,&nbsp;&nbsp;acompa\u00f1ar\u00e1n a las brigadas de pelede\u00edstas en esta acci\u00f3n que se desarroll\u00f3 en El D\u00eda Mundial de la Limpieza que se celebra este a\u00f1o&nbsp;&nbsp;el 20 de septiembre.<\/p>\n\n\n\n<figure class=\"wp-block-image size-large\"><img loading=\"lazy\" decoding=\"async\" width=\"734\" height=\"1024\" src=\"https:\/\/diariodominicano.com\/wp-content\/uploads\/2025\/09\/Limpieza-2-734x1024.jpg\" alt=\"\" class=\"wp-image-639196\" srcset=\"https:\/\/diariodominicano.com\/wp-content\/uploads\/2025\/09\/Limpieza-2-734x1024.jpg 734w, https:\/\/diariodominicano.com\/wp-content\/uploads\/2025\/09\/Limpieza-2-215x300.jpg 215w, https:\/\/diariodominicano.com\/wp-content\/uploads\/2025\/09\/Limpieza-2-768x1071.jpg 768w, https:\/\/diariodominicano.com\/wp-content\/uploads\/2025\/09\/Limpieza-2-816x1138.jpg 816w, https:\/\/diariodominicano.com\/wp-content\/uploads\/2025\/09\/Limpieza-2.jpg 899w\" sizes=\"auto, (max-width: 734px) 100vw, 734px\" \/><\/figure>\n\n\n\n<p>En el operativo de limpieza que abarc\u00f3 todo el territorio nacional los peledeistas exhibieron con orgullo los colores morado y amarillo en sus gorras y camisetas con las que se proteg\u00edan de la lluvia, el sol y el calor.<\/p>\n\n\n\n<p>Camionetas de miembros y allegados al PLD sirvieron de medio de trasporte para trasladar las fundas con los desperdicios recolectados a los vertederos de las diferentes comunidades<\/p>\n\n\n\n<p><strong>SECRETARIA DE COMUNICACIONES<\/strong><\/p>\n\n\n\n<p><strong>20 SEPTIEMBRE 202<\/strong>5<\/p>\n\n\n\n<p>#PLD<\/p>\n","protected":false},"excerpt":{"rendered":"<p>Miembros y militantes del Partido de la Liberaci\u00f3n Dominicana (PLD) constituido en brigadas,&nbsp;&nbsp;recogieron este s\u00e1bado toneladas de residuos s\u00f3lidos en la jornada&nbsp;&nbsp;\u201cD\u00eda Nacional de Limpieza\u201d. Desde todas las provincias del pa\u00eds y las circunscripciones del Gran Santo Domingo se reportaron los operativos de limpieza, respondiendo a las directrices de la Secretar\u00eda de Asuntos Municipales&nbsp;&nbsp;del PLD, [&hellip;]<\/p>\n","protected":false},"author":2,"featured_media":639188,"comment_status":"closed","ping_status":"closed","sticky":false,"template":"","format":"standard","meta":{"footnotes":""},"categories":[20],"tags":[],"class_list":["post-639187","post","type-post","status-publish","format-standard","has-post-thumbnail","hentry","category-dominicana-hoy"],"_links":{"self":[{"href":"https:\/\/diariodominicano.com\/index.php?rest_route=\/wp\/v2\/posts\/639187","targetHints":{"allow":["GET"]}}],"collection":[{"href":"https:\/\/diariodominicano.com\/index.php?rest_route=\/wp\/v2\/posts"}],"about":[{"href":"https:\/\/diariodominicano.com\/index.php?rest_route=\/wp\/v2\/types\/post"}],"author":[{"embeddable":true,"href":"https:\/\/diariodominicano.com\/index.php?rest_route=\/wp\/v2\/users\/2"}],"replies":[{"embeddable":true,"href":"https:\/\/diariodominicano.com\/index.php?rest_route=%2Fwp%2Fv2%2Fcomments&post=639187"}],"version-history":[{"count":4,"href":"https:\/\/diariodominicano.com\/index.php?rest_route=\/wp\/v2\/posts\/639187\/revisions"}],"predecessor-version":[{"id":639198,"href":"https:\/\/diariodominicano.com\/index.php?rest_route=\/wp\/v2\/posts\/639187\/revisions\/639198"}],"wp:featuredmedia":[{"embeddable":true,"href":"https:\/\/diariodominicano.com\/index.php?rest_route=\/wp\/v2\/media\/639188"}],"wp:attachment":[{"href":"https:\/\/diariodominicano.com\/index.php?rest_route=%2Fwp%2Fv2%2Fmedia&parent=639187"}],"wp:term":[{"taxonomy":"category","embeddable":true,"href":"https:\/\/diariodominicano.com\/index.php?rest_route=%2Fwp%2Fv2%2Fcategories&post=639187"},{"taxonomy":"post_tag","embeddable":true,"href":"https:\/\/diariodominicano.com\/index.php?rest_route=%2Fwp%2Fv2%2Ftags&post=639187"}],"curies":[{"name":"wp","href":"https:\/\/api.w.org\/{rel}","templated":true}]}}