{"id":639070,"date":"2025-09-20T03:09:31","date_gmt":"2025-09-20T07:09:31","guid":{"rendered":"https:\/\/diariodominicano.com\/?p=639070"},"modified":"2025-09-20T03:09:34","modified_gmt":"2025-09-20T07:09:34","slug":"ministerio-publico-arresta-a-argenis-santana-herrera-por-su-vinculacion-a-red-de-narcotrafico-y-lavado-de-activos","status":"publish","type":"post","link":"https:\/\/diariodominicano.com\/?p=639070","title":{"rendered":"Ministerio P\u00fablico arresta a Argenis Santana Herrera por su vinculaci\u00f3n a red de narcotr\u00e1fico y lavado de activos"},"content":{"rendered":"\n<p><em><u>Su arresto se ejecut\u00f3 con orden judicial tras entregarse ante las autoridades del Ministerio P\u00fablico en la Fiscal\u00eda de Santo Domingo Este<\/u><\/em><\/p>\n\n\n\n<p><strong>SANTO DOMINGO (Rep\u00fablica Dominicana).-<\/strong>&nbsp;El Ministerio P\u00fablico arrest\u00f3 este viernes a Argenis Santana Herrera (Argenis Kodigo),&nbsp; quien era perseguido por su vinculaci\u00f3n a la estructura criminal de narcotr\u00e1fico y lavado de activos que fue desmantelada esta semana en una acci\u00f3n conjunta con la Direcci\u00f3n Nacional de Control de Drogas (DNCD).<\/p>\n\n\n\n<p>El arresto de Santana Herrera se ejecut\u00f3 con orden judicial tras entregarse ante las autoridades del Ministerio P\u00fablico en la Fiscal\u00eda de Santo Domingo Este y la Unidad de Captura de Pr\u00f3fugos, Rebeldes y Condenados (Ucaprec).<\/p>\n\n\n\n<p>En medio del operativo realizado el pasado lunes para el desmantelamiento de la red,&nbsp; amparados por \u00f3rdenes judiciales, las autoridades tambi\u00e9n arrestaron a Alfredo Samboy F\u00e9liz (Burungo) y a Suleica Herrera Geraldo.<\/p>\n\n\n\n<p>Un equipo de 21 fiscales de la Fiscal\u00eda de Santo Domingo Este, con el apoyo de 150 agentes de la DNCD y efectivos de la Armada, realizaron 15 allanamientos de manera simult\u00e1nea en el Distrito Nacional, Santo Domingo Este y Ban\u00ed, provincia Peravia, contra miembros de la estructura criminal a la que en septiembre de 2024 se le ocuparon 20 paquetes de coca\u00edna, en el municipio Villa Mella.<\/p>\n\n\n\n<p>Durante el operativo se incautaron dos casas, cuatro apartamentos, una villa, una farmacia, armas de fuego, dos discotecas, veh\u00edculos, una embarcaci\u00f3n de recreo, un dron, un tel\u00e9fono satelital, cinco Jet Sky, prendas, documentos, dinero en pesos y d\u00f3lares, equipos electr\u00f3nicos, celulares y otras evidencias vinculadas a la investigaci\u00f3n.<\/p>\n\n\n\n<p>Las discotecas ocupadas son Kodigo VIP, en Santo Domingo Este, y Flow Room, en el Distrito Nacional.<\/p>\n\n\n\n<p>El desmantelamiento de la red se ejecut\u00f3 tras una amplia labor de seguimiento e inteligencia por parte del Ministerio P\u00fablico y agentes de la DNCD.<\/p>\n\n\n\n<p>Las autoridades adelantaron que contin\u00faan ampliando las investigaciones del caso.<\/p>\n\n\n\n<p><strong>Direcci\u00f3n General de Comunicaci\u00f3n, Prensa y RRPP<\/strong><\/p>\n\n\n\n<p><strong>Ministerio P\u00fablico RD<\/strong><\/p>\n","protected":false},"excerpt":{"rendered":"<p>Su arresto se ejecut\u00f3 con orden judicial tras entregarse ante las autoridades del Ministerio P\u00fablico en la Fiscal\u00eda de Santo Domingo Este SANTO DOMINGO (Rep\u00fablica Dominicana).-&nbsp;El Ministerio P\u00fablico arrest\u00f3 este viernes a Argenis Santana Herrera (Argenis Kodigo),&nbsp; quien era perseguido por su vinculaci\u00f3n a la estructura criminal de narcotr\u00e1fico y lavado de activos que fue [&hellip;]<\/p>\n","protected":false},"author":7,"featured_media":495896,"comment_status":"closed","ping_status":"closed","sticky":false,"template":"","format":"standard","meta":{"footnotes":""},"categories":[24],"tags":[171],"class_list":["post-639070","post","type-post","status-publish","format-standard","has-post-thumbnail","hentry","category-justicia-y-derecho","tag-ministerio-publico"],"_links":{"self":[{"href":"https:\/\/diariodominicano.com\/index.php?rest_route=\/wp\/v2\/posts\/639070","targetHints":{"allow":["GET"]}}],"collection":[{"href":"https:\/\/diariodominicano.com\/index.php?rest_route=\/wp\/v2\/posts"}],"about":[{"href":"https:\/\/diariodominicano.com\/index.php?rest_route=\/wp\/v2\/types\/post"}],"author":[{"embeddable":true,"href":"https:\/\/diariodominicano.com\/index.php?rest_route=\/wp\/v2\/users\/7"}],"replies":[{"embeddable":true,"href":"https:\/\/diariodominicano.com\/index.php?rest_route=%2Fwp%2Fv2%2Fcomments&post=639070"}],"version-history":[{"count":1,"href":"https:\/\/diariodominicano.com\/index.php?rest_route=\/wp\/v2\/posts\/639070\/revisions"}],"predecessor-version":[{"id":639074,"href":"https:\/\/diariodominicano.com\/index.php?rest_route=\/wp\/v2\/posts\/639070\/revisions\/639074"}],"wp:featuredmedia":[{"embeddable":true,"href":"https:\/\/diariodominicano.com\/index.php?rest_route=\/wp\/v2\/media\/495896"}],"wp:attachment":[{"href":"https:\/\/diariodominicano.com\/index.php?rest_route=%2Fwp%2Fv2%2Fmedia&parent=639070"}],"wp:term":[{"taxonomy":"category","embeddable":true,"href":"https:\/\/diariodominicano.com\/index.php?rest_route=%2Fwp%2Fv2%2Fcategories&post=639070"},{"taxonomy":"post_tag","embeddable":true,"href":"https:\/\/diariodominicano.com\/index.php?rest_route=%2Fwp%2Fv2%2Ftags&post=639070"}],"curies":[{"name":"wp","href":"https:\/\/api.w.org\/{rel}","templated":true}]}}