{"id":639058,"date":"2025-09-20T03:04:24","date_gmt":"2025-09-20T07:04:24","guid":{"rendered":"https:\/\/diariodominicano.com\/?p=639058"},"modified":"2025-09-20T03:04:31","modified_gmt":"2025-09-20T07:04:31","slug":"exdiputado-exige-declarar-en-emergencia-la-regional-bahoruco-independencia-por-decada-de-rezagos-educativos","status":"publish","type":"post","link":"https:\/\/diariodominicano.com\/?p=639058","title":{"rendered":"Exdiputado exige: Declarar en emergencia la Regional Bahoruco-Independencia por d\u00e9cada de rezagos educativos"},"content":{"rendered":"\n<p>NEIBA, Bahoruco: El presidente de la Fundaci\u00f3n Padrino de la Educaci\u00f3n y el Desarrollo, y exdiputado Rafael M\u00e9ndez, inst\u00f3 al Ministerio de Educaci\u00f3n, en la persona de su titular Miguel de Camps, a declarar en estado de emergencia la regional Bahoruco-Independencia y disponer su intervenci\u00f3n urgente, debido a que desde hace m\u00e1s de diez a\u00f1os registra los resultados m\u00e1s bajos en todas las evaluaciones del proceso ense\u00f1anza-aprendizaje que se realizan en el pa\u00eds.<\/p>\n\n\n\n<p>M\u00e9ndez manifest\u00f3 que \u201cme apena, me indigna, aunque no me sorprende el resultado del estudio dado a conocer por el Instituto Dominicano de Evaluaci\u00f3n e Investigaci\u00f3n de la Calidad Educativa (IDEICE), en el que la Regional Bahoruco-Independencia obtuvo las puntuaciones m\u00e1s bajas en todas las asignaturas evaluadas, lo que evidencia debilidades significativas y sugiere la necesidad de intervenciones focalizadas que fortalezcan el proceso de ense\u00f1anza-aprendizaje en esta regional\u201d.<\/p>\n\n\n\n<p>El pasado legislador por Bahoruco expres\u00f3 su esperanza \u201cde que esta vez las autoridades educativas pasen del estudio de la realidad a la transformaci\u00f3n de las debilidades encontradas, que es lo que hemos demandado hasta el cansancio desde hace a\u00f1os, pero lo \u00fanico que hemos encontrado son o\u00eddos sordos, tanto en las pasadas como en las actuales autoridades\u201d.<\/p>\n\n\n\n<p>Finalmente, M\u00e9ndez advirti\u00f3 que la indiferencia frente a esta situaci\u00f3n amenaza con perpetuar un c\u00edrculo de atraso en la regi\u00f3n Sur, y reclam\u00f3 que la voluntad pol\u00edtica y la decisi\u00f3n t\u00e9cnica se traduzcan en un plan integral que garantice mejoras sostenidas en el rendimiento estudiantil, la capacitaci\u00f3n docente y la calidad de la infraestructura escolar, para romper con una d\u00e9cada de rezagos que mantiene en desventaja a miles de ni\u00f1os y j\u00f3venes.<\/p>\n\n\n\n<p>Ohelmis S\u00e1nchez ecosdelsur01@gmail.com<\/p>\n","protected":false},"excerpt":{"rendered":"<p>NEIBA, Bahoruco: El presidente de la Fundaci\u00f3n Padrino de la Educaci\u00f3n y el Desarrollo, y exdiputado Rafael M\u00e9ndez, inst\u00f3 al Ministerio de Educaci\u00f3n, en la persona de su titular Miguel de Camps, a declarar en estado de emergencia la regional Bahoruco-Independencia y disponer su intervenci\u00f3n urgente, debido a que desde hace m\u00e1s de diez a\u00f1os [&hellip;]<\/p>\n","protected":false},"author":7,"featured_media":607953,"comment_status":"closed","ping_status":"closed","sticky":false,"template":"","format":"standard","meta":{"footnotes":""},"categories":[16],"tags":[178],"class_list":["post-639058","post","type-post","status-publish","format-standard","has-post-thumbnail","hentry","category-opiniones","tag-rafael-mendez"],"_links":{"self":[{"href":"https:\/\/diariodominicano.com\/index.php?rest_route=\/wp\/v2\/posts\/639058","targetHints":{"allow":["GET"]}}],"collection":[{"href":"https:\/\/diariodominicano.com\/index.php?rest_route=\/wp\/v2\/posts"}],"about":[{"href":"https:\/\/diariodominicano.com\/index.php?rest_route=\/wp\/v2\/types\/post"}],"author":[{"embeddable":true,"href":"https:\/\/diariodominicano.com\/index.php?rest_route=\/wp\/v2\/users\/7"}],"replies":[{"embeddable":true,"href":"https:\/\/diariodominicano.com\/index.php?rest_route=%2Fwp%2Fv2%2Fcomments&post=639058"}],"version-history":[{"count":1,"href":"https:\/\/diariodominicano.com\/index.php?rest_route=\/wp\/v2\/posts\/639058\/revisions"}],"predecessor-version":[{"id":639069,"href":"https:\/\/diariodominicano.com\/index.php?rest_route=\/wp\/v2\/posts\/639058\/revisions\/639069"}],"wp:featuredmedia":[{"embeddable":true,"href":"https:\/\/diariodominicano.com\/index.php?rest_route=\/wp\/v2\/media\/607953"}],"wp:attachment":[{"href":"https:\/\/diariodominicano.com\/index.php?rest_route=%2Fwp%2Fv2%2Fmedia&parent=639058"}],"wp:term":[{"taxonomy":"category","embeddable":true,"href":"https:\/\/diariodominicano.com\/index.php?rest_route=%2Fwp%2Fv2%2Fcategories&post=639058"},{"taxonomy":"post_tag","embeddable":true,"href":"https:\/\/diariodominicano.com\/index.php?rest_route=%2Fwp%2Fv2%2Ftags&post=639058"}],"curies":[{"name":"wp","href":"https:\/\/api.w.org\/{rel}","templated":true}]}}