{"id":639037,"date":"2025-09-19T16:02:16","date_gmt":"2025-09-19T20:02:16","guid":{"rendered":"https:\/\/diariodominicano.com\/?p=639037"},"modified":"2025-09-19T16:07:58","modified_gmt":"2025-09-19T20:07:58","slug":"nina-rescatada-retorna-con-su-madre-colombiana-tras-completar-programa-de-atencion-a-victimas-del-ministerio-publico","status":"publish","type":"post","link":"https:\/\/diariodominicano.com\/?p=639037","title":{"rendered":"Ni\u00f1a rescatada retorna con su madre colombiana tras completar programa de atenci\u00f3n a v\u00edctimas del Ministerio P\u00fablico"},"content":{"rendered":"\n<p><em><u>Hab\u00eda sido separada violentamente en M\u00e9xico de su progenitora y trasladada a Rep\u00fablica Dominicana<\/u><\/em><\/p>\n\n\n\n<p><strong>SANTO DOMINGO (Rep\u00fablica Dominicana).-&nbsp;<\/strong>Luego de haber completado un programa especializado y dise\u00f1ado para su caso de parte del Centro de Atenci\u00f3n a V\u00edctimas del Ministerio P\u00fablico, una ni\u00f1a secuestrada en M\u00e9xico y trasladada a Rep\u00fablica Dominicana, fue retornada con su madre colombiana.<\/p>\n\n\n\n<p>Su retorno al seno materno se produjo hace unos d\u00edas luego de haber concluido con las diligencias requeridas para el proceso de investigaci\u00f3n que se lleva en contra de Miguel Antonio Torres Hern\u00e1ndez y\/o Kevin Le\u00f3n Wooden y\/o Shaban Kuka, imputado del secuestro de la ni\u00f1a que retuvo ilegalmente en M\u00e9xico y trajo al pa\u00eds con una falsa identidad.<\/p>\n\n\n\n<p>El Ministerio P\u00fablico record\u00f3 que Miguel Antonio Torres Hern\u00e1ndez, arrestado con el apoyo de la OIPC-Interpol fruto de una Alerta Amber, cumple una coerci\u00f3n de tres meses de prisi\u00f3n preventiva en el Centro de Correcci\u00f3n y Rehabilitaci\u00f3n (CCR-17) Najayo Hombres, en San Crist\u00f3bal.<\/p>\n\n\n\n<p>En el caso figura como coimputada Viviana Villarreal Cambero, quien particip\u00f3 activamente en el entramado ilegal para la retenci\u00f3n y suplantaci\u00f3n de identidad de la menor, y, adem\u00e1s, figura actualmente como madre de la ni\u00f1a en documentos falsificados. Como coerci\u00f3n, el tribunal impuso a Villarreal Cambero una garant\u00eda econ\u00f3mica de RD$800,000 mediante contrato, impedimento de salida del pa\u00eds y presentaci\u00f3n peri\u00f3dica.<\/p>\n\n\n\n<p>Desde el 23 de julio de 2025, la Direcci\u00f3n General de Persecuci\u00f3n del Ministerio P\u00fablico, la Direcci\u00f3n Nacional de Ni\u00f1os, Ni\u00f1as, Adolescentes y Familia (Dinnaf) y la Fiscal\u00eda del Distrito Nacional investigan a Torres Hern\u00e1ndez y a Villarreal Cambero por violaci\u00f3n al C\u00f3digo para el Sistema de Protecci\u00f3n y los Derechos Fundamentales de Ni\u00f1os, Ni\u00f1as y Adolescentes (Ley 136-03), la Ley sobre Tr\u00e1fico Il\u00edcito de Migrantes y Trata de Personas (137-03) y el C\u00f3digo Penal dominicano.<\/p>\n\n\n\n<p>La v\u00edctima, ahora de 4 a\u00f1os, fue separada violentamente en Guadalajara, Jalisco, M\u00e9xico, de su madre biol\u00f3gica (de nacionalidad colombiana), cuando ten\u00eda 11 meses de edad.<\/p>\n\n\n\n<p>El 23 de julio la madre de la ni\u00f1a fue recibida en las oficinas de la Direcci\u00f3n Nacional de Ni\u00f1ez, Adolescencia y Familia (Dinnaf), junto a una delegaci\u00f3n de la Interpol y del Departamento de Trata y Tr\u00e1fico de Personas de la Polic\u00eda Nacional. Ese mismo d\u00eda se empezaron los aprestos para el rescate de la menor.<\/p>\n\n\n\n<p>En un allanamiento en la residencia de los imputados, en el sector de Bella Vista, los fiscales rescataron, con el apoyo de agentes policiales, a la ni\u00f1a, quien viv\u00eda junto a otros dos ni\u00f1os que tambi\u00e9n se pusieron bajo protecci\u00f3n del Consejo Nacional para la Ni\u00f1ez y la Adolescencia (Conani).<\/p>\n\n\n\n<p>Como parte de las investigaciones, el Ministerio P\u00fablico gestion\u00f3 la realizaci\u00f3n de una prueba de ADN a la infante y a su madre que arroj\u00f3 un 99.9% de parentesco.<\/p>\n\n\n\n<p>La Procuradur\u00eda General de la Rep\u00fablica dispuso que la ni\u00f1a entrara dentro del programa de v\u00edctimas y testigos protegidos, por su estado de extrema vulnerabilidad y la complejidad del proceso, hasta que pudo concluir con el retorno a Colombia junto a su madre, luego de regenerar el v\u00ednculo afectivo entre ambas.<\/p>\n\n\n\n<p>El Ministerio P\u00fablico agradeci\u00f3 la colaboraci\u00f3n de la Interpol, as\u00ed como de las autoridades de M\u00e9xico y Colombia para lograr resolver el caso que pone de relieve la trascendencia de la cooperaci\u00f3n internacional en materia de la lucha contra delitos transnacionales.<\/p>\n\n\n\n<p>En el caso espec\u00edfico de la ni\u00f1a record\u00f3 que Torres Hern\u00e1ndez fue pareja sentimental de la madre de la v\u00edctima y supuesto padre biol\u00f3gico de la ni\u00f1a, aunque no figura como tal en el registro de nacimiento de Colombia.<\/p>\n\n\n\n<p>En un viaje familiar a M\u00e9xico, la menor fue retenida ilegalmente por Torres Hern\u00e1ndez, quien cambi\u00f3 la identidad de la ni\u00f1a y la traslad\u00f3 a Rep\u00fablica Dominicana con documentos falsificados, suplantando su verdadera identidad y afectando su integridad y derechos fundamentales.<\/p>\n\n\n\n<p>La madre denunci\u00f3 el secuestro ante la Polic\u00eda de Guadalajara, en Jalisco, inici\u00e1ndose una investigaci\u00f3n que motiv\u00f3 la emisi\u00f3n de una orden de captura internacional contra Torres Hern\u00e1ndez, as\u00ed como la activaci\u00f3n de la Alerta Amber.<\/p>\n\n\n\n<p><strong>Direcci\u00f3n General de Comunicaci\u00f3n, Prensa y RRPP<\/strong><\/p>\n\n\n\n<p><strong>Ministerio P\u00fablico RD<\/strong><\/p>\n\n\n\n<p>Comunicaciones PGR <a href=\"mailto:comunicaciones@pgr.gob.do\">comunicaciones@pgr.gob.do<\/a><\/p>\n","protected":false},"excerpt":{"rendered":"<p>Hab\u00eda sido separada violentamente en M\u00e9xico de su progenitora y trasladada a Rep\u00fablica Dominicana SANTO DOMINGO (Rep\u00fablica Dominicana).-&nbsp;Luego de haber completado un programa especializado y dise\u00f1ado para su caso de parte del Centro de Atenci\u00f3n a V\u00edctimas del Ministerio P\u00fablico, una ni\u00f1a secuestrada en M\u00e9xico y trasladada a Rep\u00fablica Dominicana, fue retornada con su madre [&hellip;]<\/p>\n","protected":false},"author":7,"featured_media":495896,"comment_status":"closed","ping_status":"closed","sticky":false,"template":"","format":"standard","meta":{"footnotes":""},"categories":[24],"tags":[171],"class_list":["post-639037","post","type-post","status-publish","format-standard","has-post-thumbnail","hentry","category-justicia-y-derecho","tag-ministerio-publico"],"_links":{"self":[{"href":"https:\/\/diariodominicano.com\/index.php?rest_route=\/wp\/v2\/posts\/639037","targetHints":{"allow":["GET"]}}],"collection":[{"href":"https:\/\/diariodominicano.com\/index.php?rest_route=\/wp\/v2\/posts"}],"about":[{"href":"https:\/\/diariodominicano.com\/index.php?rest_route=\/wp\/v2\/types\/post"}],"author":[{"embeddable":true,"href":"https:\/\/diariodominicano.com\/index.php?rest_route=\/wp\/v2\/users\/7"}],"replies":[{"embeddable":true,"href":"https:\/\/diariodominicano.com\/index.php?rest_route=%2Fwp%2Fv2%2Fcomments&post=639037"}],"version-history":[{"count":1,"href":"https:\/\/diariodominicano.com\/index.php?rest_route=\/wp\/v2\/posts\/639037\/revisions"}],"predecessor-version":[{"id":639041,"href":"https:\/\/diariodominicano.com\/index.php?rest_route=\/wp\/v2\/posts\/639037\/revisions\/639041"}],"wp:featuredmedia":[{"embeddable":true,"href":"https:\/\/diariodominicano.com\/index.php?rest_route=\/wp\/v2\/media\/495896"}],"wp:attachment":[{"href":"https:\/\/diariodominicano.com\/index.php?rest_route=%2Fwp%2Fv2%2Fmedia&parent=639037"}],"wp:term":[{"taxonomy":"category","embeddable":true,"href":"https:\/\/diariodominicano.com\/index.php?rest_route=%2Fwp%2Fv2%2Fcategories&post=639037"},{"taxonomy":"post_tag","embeddable":true,"href":"https:\/\/diariodominicano.com\/index.php?rest_route=%2Fwp%2Fv2%2Ftags&post=639037"}],"curies":[{"name":"wp","href":"https:\/\/api.w.org\/{rel}","templated":true}]}}