{"id":639004,"date":"2025-09-19T15:01:03","date_gmt":"2025-09-19T19:01:03","guid":{"rendered":"https:\/\/diariodominicano.com\/?p=639004"},"modified":"2025-09-19T15:02:04","modified_gmt":"2025-09-19T19:02:04","slug":"procuradora-general-dicta-conferencia-en-aduanas-sobre-tipos-penales-de-corrupcion-en-el-nuevo-codigo-penal-y-la-ley-de-compras-y-contrataciones","status":"publish","type":"post","link":"https:\/\/diariodominicano.com\/?p=639004","title":{"rendered":"Procuradora General dicta conferencia en Aduanas sobre tipos penales de corrupci\u00f3n en el nuevo C\u00f3digo Penal y la Ley de Compras y Contrataciones"},"content":{"rendered":"\n<p><em><u>Yeni Berenice resalta la fortaleza de las nuevas legislaciones en materia de lucha contra la corrupci\u00f3n y el avance que implican en una cultura de transparencia<\/u><\/em><\/p>\n\n\n\n<p><strong>SANTO DOMINGO (Rep\u00fablica Dominicana).-<\/strong>&nbsp;\u201cPor primera vez en Rep\u00fablica Dominicana la corrupci\u00f3n es un delito aut\u00f3nomo\u201d, resalt\u00f3 la procuradora general de la Rep\u00fablica, Yeni Berenice Reynoso, al dictar una conferencia sobre la importancia que tienen para la transparencia el aprobado C\u00f3digo Penal y la nueva Ley de Compras y Contrataciones P\u00fablicas.<\/p>\n\n\n\n<p>\u201c\u00bfQu\u00e9 quiere decir que es un delito aut\u00f3nomo? Que cualquier hecho doloso que afecte al patrimonio p\u00fablico es un acto de corrupci\u00f3n y ese acto de corrupci\u00f3n no necesariamente tiene que estar expresamente dependiendo de otra conducta sino, ya puede ser sancionado desde el tipo penal aut\u00f3nomo\u201d, dijo Reynoso.<\/p>\n\n\n\n<p>En la conferencia, celebrada en el auditorio de la Direcci\u00f3n General de Aduanas (DGA), estuvieron presentes el titular de esa dependencia, Eduardo (Yayo) Sanz Lovat\u00f3n; la directora de \u00c9tica e Integridad Gubernamental, Milagros Ortiz Bosch, y el procurador adjunto Osvaldo Bonilla, y el gerente Legal de la DGA, Oscar D\u00b4 Oleo Seiffe.<\/p>\n\n\n\n<p>Al presentar a la representante del Ministerio P\u00fablico, el director de Aduanas valor\u00f3 la conferencia sobre el C\u00f3digo Penal establecido por la Ley 74-25, y la importancia de que los colaboradores de la instituci\u00f3n que dirige, y toda la sociedad, conozcan su incidencia en el marco regulatorio aduanero.<\/p>\n\n\n\n<p>Reynoso resalt\u00f3 que los nuevos tipos penales del C\u00f3digo que entrar\u00e1 en vigencia a partir de 2026 fueron alineados con la Ley de Lavado de Activos, contemplando la aplicaci\u00f3n de penas de entre 3 y 10 a\u00f1os.<\/p>\n\n\n\n<p>\u201cTodos estos tipos penales fueron alineados con la Ley de Lavado de Activos, lo que quiere decir que todos al menos tienen de pena de 3 a 10 a\u00f1os, para que puedan ir como tipos penales de delitos precedentes de la Ley de Lavado\u201d, a\u00f1adi\u00f3.<\/p>\n\n\n\n<p>Record\u00f3 adem\u00e1s la acumulaci\u00f3n de penas y resalt\u00f3 que el nuevo c\u00f3digo, aunque con aspecto mejorable, \u201cest\u00e1 alineado con la convenci\u00f3n contra la corrupci\u00f3n y con los pa\u00edses m\u00e1s avanzados en este tema\u201d.<\/p>\n\n\n\n<p>Resalt\u00f3 que con sus dos d\u00e9cadas impartiendo docencia en distintas universidades y aplicando en su trabajo del d\u00eda a d\u00eda las normas penales, le permite decir al Congreso y a la sociedad que la pieza aprobada y luego promulgada \u201ces un buen c\u00f3digo penal\u201d.<\/p>\n\n\n\n<p>\u201cLa corrupci\u00f3n es transversal al desarrollo de los pueblos. Cuando se comete un acto de corrupci\u00f3n, fondos que deben ir a Salud P\u00fablica, no van; fondos que deben ir a Educaci\u00f3n, no van; fondos que deben ir a Seguridad, no van. Entonces, \u00bfqui\u00e9n es la v\u00edctima de los actos de corrupci\u00f3n? La sociedad\u201d, dijo.<\/p>\n\n\n\n<p>Reynoso resalt\u00f3 que el enriquecimiento il\u00edcito, por ejemplo, que se contempla como un tipo penal, tiene algo especial, al permitir el decomiso del bien producto de la corrupci\u00f3n y establecer la inhabilitaci\u00f3n de por vida de la persona procesada para ocupar posiciones p\u00fablicas.<\/p>\n\n\n\n<p>\u201cAl que se le conden\u00f3 por enriquecimiento il\u00edcito jam\u00e1s podr\u00e1 volver a una funci\u00f3n p\u00fablica, ni electiva, ni de designaci\u00f3n. Tiene inhabilitaci\u00f3n de por vida\u201d, dijo.<\/p>\n\n\n\n<p>\u201cYa no solo se persiguen las personas f\u00edsicas, sino, tambi\u00e9n, las personas jur\u00eddicas, llegando a la disoluci\u00f3n de las empresas. En la actualidad hay unas decenas de empresas que van a ser inhabilitadas a ra\u00edz de decisiones judiciales de acuerdos y otros procesos\u201d, dijo.<\/p>\n\n\n\n<p>Puntualiz\u00f3 que la responsabilidad penal de las empresas es importante porque la mayor\u00eda de las grandes contrataciones con el Estado ya no son con personas f\u00edsicas, sino, con empresas, aunque eso no implica que quede fuera de un proceso el funcionario que participe de un acto il\u00edcito o la persona que est\u00e1 detr\u00e1s de las empresas.<\/p>\n\n\n\n<p>Con relaci\u00f3n a las novedades del C\u00f3digo, dijo que contempla tambi\u00e9n como nuevo tipo penal la manipulaci\u00f3n de pagos de obras p\u00fablicas. En ese orden, cit\u00f3 la manipulaci\u00f3n de los contratos de obras p\u00fablicas para beneficiar a unos pocos y perjudicar al Estado.<\/p>\n\n\n\n<p>\u201cCuando se usa el dinero del Estado para comprar o contratar, hay reglas, y romperlas es robarle al pueblo\u201d, refiri\u00f3.<\/p>\n\n\n\n<p>Entre los delitos de Contrataciones P\u00fablicas, cit\u00f3: dar contratos a dedo, alterar el precio de las compras o ventas, as\u00ed como pagar por trabajos o cosas que no existen. Dijo que no se puede ser juez y parte en un contrato ni mentir en los documentos para ganar un contrato.<\/p>\n\n\n\n<p><strong>Direcci\u00f3n General de Comunicaci\u00f3n, Prensa y RRPP<\/strong><\/p>\n\n\n\n<p><strong>Ministerio P\u00fablico RD<\/strong><\/p>\n\n\n\n<p>Comunicaciones PGR <a href=\"mailto:comunicaciones@pgr.gob.do\">comunicaciones@pgr.gob.do<\/a><\/p>\n","protected":false},"excerpt":{"rendered":"<p>Yeni Berenice resalta la fortaleza de las nuevas legislaciones en materia de lucha contra la corrupci\u00f3n y el avance que implican en una cultura de transparencia SANTO DOMINGO (Rep\u00fablica Dominicana).-&nbsp;\u201cPor primera vez en Rep\u00fablica Dominicana la corrupci\u00f3n es un delito aut\u00f3nomo\u201d, resalt\u00f3 la procuradora general de la Rep\u00fablica, Yeni Berenice Reynoso, al dictar una conferencia [&hellip;]<\/p>\n","protected":false},"author":7,"featured_media":639012,"comment_status":"closed","ping_status":"closed","sticky":true,"template":"","format":"standard","meta":{"footnotes":""},"categories":[20,24,27],"tags":[171],"class_list":["post-639004","post","type-post","status-publish","format-standard","has-post-thumbnail","hentry","category-dominicana-hoy","category-justicia-y-derecho","category-portada","tag-ministerio-publico"],"_links":{"self":[{"href":"https:\/\/diariodominicano.com\/index.php?rest_route=\/wp\/v2\/posts\/639004","targetHints":{"allow":["GET"]}}],"collection":[{"href":"https:\/\/diariodominicano.com\/index.php?rest_route=\/wp\/v2\/posts"}],"about":[{"href":"https:\/\/diariodominicano.com\/index.php?rest_route=\/wp\/v2\/types\/post"}],"author":[{"embeddable":true,"href":"https:\/\/diariodominicano.com\/index.php?rest_route=\/wp\/v2\/users\/7"}],"replies":[{"embeddable":true,"href":"https:\/\/diariodominicano.com\/index.php?rest_route=%2Fwp%2Fv2%2Fcomments&post=639004"}],"version-history":[{"count":1,"href":"https:\/\/diariodominicano.com\/index.php?rest_route=\/wp\/v2\/posts\/639004\/revisions"}],"predecessor-version":[{"id":639011,"href":"https:\/\/diariodominicano.com\/index.php?rest_route=\/wp\/v2\/posts\/639004\/revisions\/639011"}],"wp:featuredmedia":[{"embeddable":true,"href":"https:\/\/diariodominicano.com\/index.php?rest_route=\/wp\/v2\/media\/639012"}],"wp:attachment":[{"href":"https:\/\/diariodominicano.com\/index.php?rest_route=%2Fwp%2Fv2%2Fmedia&parent=639004"}],"wp:term":[{"taxonomy":"category","embeddable":true,"href":"https:\/\/diariodominicano.com\/index.php?rest_route=%2Fwp%2Fv2%2Fcategories&post=639004"},{"taxonomy":"post_tag","embeddable":true,"href":"https:\/\/diariodominicano.com\/index.php?rest_route=%2Fwp%2Fv2%2Ftags&post=639004"}],"curies":[{"name":"wp","href":"https:\/\/api.w.org\/{rel}","templated":true}]}}