{"id":638962,"date":"2025-09-19T10:55:57","date_gmt":"2025-09-19T14:55:57","guid":{"rendered":"https:\/\/diariodominicano.com\/?p=638962"},"modified":"2025-09-19T10:57:06","modified_gmt":"2025-09-19T14:57:06","slug":"republica-dominicana-es-sede-del-vi-congreso-internacional-mujeres-de-alta-ponencia-que-reune-a-mujeres-lideres-nacionales-e-internacionales","status":"publish","type":"post","link":"https:\/\/diariodominicano.com\/?p=638962","title":{"rendered":"Rep\u00fablica Dominicana es sede \u00a0del VI Congreso Internacional Mujeres de Alta Ponencia\u00a0que re\u00fane a mujeres l\u00edderes nacionales e internacionales"},"content":{"rendered":"\n<p><em>Durante el acto inaugural, se present\u00f3 la innovadora campa\u00f1a \u201cPacto de Sororidad\u201d, una iniciativa que nace en suelo dominicano para proyectarse al mundo como s\u00edmbolo de uni\u00f3n y apoyo entre mujeres.<\/em><\/p>\n\n\n\n<figure class=\"wp-block-image size-large\"><img loading=\"lazy\" decoding=\"async\" width=\"1024\" height=\"768\" src=\"https:\/\/diariodominicano.com\/wp-content\/uploads\/2025\/09\/Angela-Howell-1024x768.jpeg\" alt=\"\" class=\"wp-image-638964\" srcset=\"https:\/\/diariodominicano.com\/wp-content\/uploads\/2025\/09\/Angela-Howell-1024x768.jpeg 1024w, https:\/\/diariodominicano.com\/wp-content\/uploads\/2025\/09\/Angela-Howell-300x225.jpeg 300w, https:\/\/diariodominicano.com\/wp-content\/uploads\/2025\/09\/Angela-Howell-768x576.jpeg 768w, https:\/\/diariodominicano.com\/wp-content\/uploads\/2025\/09\/Angela-Howell-1536x1152.jpeg 1536w, https:\/\/diariodominicano.com\/wp-content\/uploads\/2025\/09\/Angela-Howell-2048x1536.jpeg 2048w, https:\/\/diariodominicano.com\/wp-content\/uploads\/2025\/09\/Angela-Howell-816x612.jpeg 816w\" sizes=\"auto, (max-width: 1024px) 100vw, 1024px\" \/><\/figure>\n\n\n\n<p>\u00c1ngela Howell<\/p>\n\n\n\n<p><strong>Santo Domingo<\/strong>, RD. \u00a0La Rep\u00fablica Dominicana se convirti\u00f3 en el epicentro de la uni\u00f3n y el liderazgo femenino global con la inauguraci\u00f3n\u00a0<a>del VI Congreso Internacional Mujeres de Alta Ponenci<\/a>a 2025, bajo el lema \u00abMujeres unidas, alianzas que inspiran\u00bb, un evento\u00a0<a>que re\u00fane a mujeres l\u00edderes nacionales e internacionales<\/a>\u00a0con el objetivo de impulsar el empoderamiento, la equidad y la colaboraci\u00f3n en diferentes \u00e1reas de desarrollo, organizado por la\u00a0<a>World Women Talent System\u00a0<\/a>(WWTS) y la colaboraci\u00f3n del Ministerio de la Mujer, el Ministerio de Cultura y el Instituto de Dominicanos y Dominicanas en el Exterior (INDEX).<\/p>\n\n\n\n<p>Durante el acto inaugural, se present\u00f3 la innovadora campa\u00f1a \u201cPacto de Sororidad\u201d, una iniciativa que nace en suelo dominicano para proyectarse al mundo como s\u00edmbolo de uni\u00f3n y apoyo entre mujeres. Este pacto busca promover una cultura de respeto, solidaridad y trabajo conjunto, fortaleciendo el papel de la mujer como agente de transformaci\u00f3n social y econ\u00f3mica.<\/p>\n\n\n\n<p><a>La ministra de la Mujer, Mayra Jim\u00e9nez, resalt\u00f3 que este congreso es una oportunidad para sembrar nuevas formas de liderazgo, basadas en la justicia y la empat\u00eda. Se\u00f1al\u00f3 que las mujeres est\u00e1n llamadas a hacer pol\u00edtica, a hacer negocios, a crear pol\u00edticas p\u00fablicas, a investigar, a desarrollar proyectos y sobre todo a hacer realidad sue\u00f1os, con esa \u00e9tica de la sororidad, con respeto a la diversidad que hay entre ellas y con acuerdos estrat\u00e9gicos que trascienden coyunturas.<\/a><\/p>\n\n\n\n<p>Adem\u00e1s, Mayra Jim\u00e9nez reafirm\u00f3&nbsp;el&nbsp;compromiso de seguir estrechando lazos internacionales para avanzar en la igualdad, en sociedades del cuidado que reconozcan la multiplicidad de escenarios y que pongan en el centro el valor humano y emocional de cuidar, en estrategias que impulsen los liderazgos femeninos a todos los niveles, en la innovaci\u00f3n y el uso de la tecnolog\u00eda y las herramientas digitales para el empoderamiento y el crecimiento econ\u00f3mico de las mujeres y para que cada vez la pol\u00edtica y los espacios de poder y toma de decisiones tengan m\u00e1s rostros femeninos.<\/p>\n\n\n\n<figure class=\"wp-block-image size-large\"><img loading=\"lazy\" decoding=\"async\" width=\"1024\" height=\"681\" src=\"https:\/\/diariodominicano.com\/wp-content\/uploads\/2025\/09\/Organizaciones-en-Apoyo-a-WWTS-1024x681.jpeg\" alt=\"\" class=\"wp-image-638965\" srcset=\"https:\/\/diariodominicano.com\/wp-content\/uploads\/2025\/09\/Organizaciones-en-Apoyo-a-WWTS-1024x681.jpeg 1024w, https:\/\/diariodominicano.com\/wp-content\/uploads\/2025\/09\/Organizaciones-en-Apoyo-a-WWTS-300x200.jpeg 300w, https:\/\/diariodominicano.com\/wp-content\/uploads\/2025\/09\/Organizaciones-en-Apoyo-a-WWTS-768x511.jpeg 768w, https:\/\/diariodominicano.com\/wp-content\/uploads\/2025\/09\/Organizaciones-en-Apoyo-a-WWTS-1536x1022.jpeg 1536w, https:\/\/diariodominicano.com\/wp-content\/uploads\/2025\/09\/Organizaciones-en-Apoyo-a-WWTS-2048x1363.jpeg 2048w, https:\/\/diariodominicano.com\/wp-content\/uploads\/2025\/09\/Organizaciones-en-Apoyo-a-WWTS-816x543.jpeg 816w\" sizes=\"auto, (max-width: 1024px) 100vw, 1024px\" \/><\/figure>\n\n\n\n<p>Organizaciones en Apoyo a WWTS<\/p>\n\n\n\n<p>La presidenta de World Women Talent System, \u00c1ngela Howell, destac\u00f3 que este pacto representa \u201cun compromiso global para que las mujeres, sin importar su lugar de origen, puedan tender puentes, abrir espacios y crear oportunidades que impacten positivamente sus comunidades y el mundo\u201d.<\/p>\n\n\n\n<p>Asimismo, expres\u00f3 que, como dominicana, anhela que el pa\u00eds siga dejando legados significativos que empoderen, protejan y unan a las mujeres, entendiendo este compromiso como un desaf\u00edo global que requiere vivir la sororidad en todas sus dimensiones.<\/p>\n\n\n\n<p><strong>Sobre la firma de alianza con organizaciones nacionales<\/strong><\/p>\n\n\n\n<p>Previo a la inauguraci\u00f3n del congreso, se llev\u00f3 a cabo la firma de una importante alianza con m\u00e1s de &nbsp;20 organizaciones del \u00e1mbito acad\u00e9mico, empresarial, internacional y de la sociedad civil, con el prop\u00f3sito de fortalecer el compromiso conjunto en favor de la equidad de g\u00e9nero, el empoderamiento femenino y la creaci\u00f3n de programas sostenibles que impulsen el desarrollo de las mujeres en distintos \u00e1mbitos sociales, econ\u00f3micos y comunitarios.<\/p>\n\n\n\n<p>El congreso tendr\u00e1 lugar del 17 hasta el 20 de septiembre, incluye conferencias, paneles y mesas de trabajo en los que se abordar\u00e1n temas clave como liderazgo femenino, innovaci\u00f3n, emprendimiento, desarrollo sostenible y equidad de g\u00e9nero.<\/p>\n\n\n\n<p>La Rep\u00fablica Dominicana, como pa\u00eds anfitri\u00f3n, reafirma as\u00ed su compromiso de ser un punto de encuentro para la creaci\u00f3n de soluciones y estrategias que fortalezcan el rol de la mujer en todos los sectores.<\/p>\n\n\n\n<p>Mar\u00eda Mercedes<\/p>\n\n\n\n<p><a href=\"mailto:sonrie210@yahoo.es\" target=\"_blank\" rel=\"noreferrer noopener\">sonrie210@yahoo.es<\/a><\/p>\n\n\n\n<p>#VI Congreso Internacional Mujeres de Alta Ponencia\u2003\u2003\u2003\u2003 #\u00c1ngela Howell<\/p>\n","protected":false},"excerpt":{"rendered":"<p>Durante el acto inaugural, se present\u00f3 la innovadora campa\u00f1a \u201cPacto de Sororidad\u201d, una iniciativa que nace en suelo dominicano para proyectarse al mundo como s\u00edmbolo de uni\u00f3n y apoyo entre mujeres. \u00c1ngela Howell Santo Domingo, RD. \u00a0La Rep\u00fablica Dominicana se convirti\u00f3 en el epicentro de la uni\u00f3n y el liderazgo femenino global con la inauguraci\u00f3n\u00a0del [&hellip;]<\/p>\n","protected":false},"author":2,"featured_media":638963,"comment_status":"closed","ping_status":"closed","sticky":false,"template":"","format":"standard","meta":{"footnotes":""},"categories":[20],"tags":[],"class_list":["post-638962","post","type-post","status-publish","format-standard","has-post-thumbnail","hentry","category-dominicana-hoy"],"_links":{"self":[{"href":"https:\/\/diariodominicano.com\/index.php?rest_route=\/wp\/v2\/posts\/638962","targetHints":{"allow":["GET"]}}],"collection":[{"href":"https:\/\/diariodominicano.com\/index.php?rest_route=\/wp\/v2\/posts"}],"about":[{"href":"https:\/\/diariodominicano.com\/index.php?rest_route=\/wp\/v2\/types\/post"}],"author":[{"embeddable":true,"href":"https:\/\/diariodominicano.com\/index.php?rest_route=\/wp\/v2\/users\/2"}],"replies":[{"embeddable":true,"href":"https:\/\/diariodominicano.com\/index.php?rest_route=%2Fwp%2Fv2%2Fcomments&post=638962"}],"version-history":[{"count":2,"href":"https:\/\/diariodominicano.com\/index.php?rest_route=\/wp\/v2\/posts\/638962\/revisions"}],"predecessor-version":[{"id":638968,"href":"https:\/\/diariodominicano.com\/index.php?rest_route=\/wp\/v2\/posts\/638962\/revisions\/638968"}],"wp:featuredmedia":[{"embeddable":true,"href":"https:\/\/diariodominicano.com\/index.php?rest_route=\/wp\/v2\/media\/638963"}],"wp:attachment":[{"href":"https:\/\/diariodominicano.com\/index.php?rest_route=%2Fwp%2Fv2%2Fmedia&parent=638962"}],"wp:term":[{"taxonomy":"category","embeddable":true,"href":"https:\/\/diariodominicano.com\/index.php?rest_route=%2Fwp%2Fv2%2Fcategories&post=638962"},{"taxonomy":"post_tag","embeddable":true,"href":"https:\/\/diariodominicano.com\/index.php?rest_route=%2Fwp%2Fv2%2Ftags&post=638962"}],"curies":[{"name":"wp","href":"https:\/\/api.w.org\/{rel}","templated":true}]}}