{"id":638904,"date":"2025-09-19T03:42:31","date_gmt":"2025-09-19T07:42:31","guid":{"rendered":"https:\/\/diariodominicano.com\/?p=638904"},"modified":"2025-09-19T03:49:43","modified_gmt":"2025-09-19T07:49:43","slug":"asambleas-federaciones-aprueba-informe-economico-2023-programa-y-presupuesto-2026-cod","status":"publish","type":"post","link":"https:\/\/diariodominicano.com\/?p=638904","title":{"rendered":"Asambleas federaciones aprueba informe econ\u00f3mico 2023; programa y presupuesto 2026 COD"},"content":{"rendered":"\n<p>Garibaldy Bautista y el pleno del Comit\u00e9 Ejecutivo.<\/p>\n\n\n\n<figure class=\"wp-block-image size-large\"><img loading=\"lazy\" decoding=\"async\" width=\"1024\" height=\"682\" src=\"https:\/\/diariodominicano.com\/wp-content\/uploads\/2025\/09\/Federado-asambleistas-1024x682.jpeg\" alt=\"\" class=\"wp-image-638908\" srcset=\"https:\/\/diariodominicano.com\/wp-content\/uploads\/2025\/09\/Federado-asambleistas-1024x682.jpeg 1024w, https:\/\/diariodominicano.com\/wp-content\/uploads\/2025\/09\/Federado-asambleistas-300x200.jpeg 300w, https:\/\/diariodominicano.com\/wp-content\/uploads\/2025\/09\/Federado-asambleistas-768x512.jpeg 768w, https:\/\/diariodominicano.com\/wp-content\/uploads\/2025\/09\/Federado-asambleistas-1536x1024.jpeg 1536w, https:\/\/diariodominicano.com\/wp-content\/uploads\/2025\/09\/Federado-asambleistas-2048x1365.jpeg 2048w, https:\/\/diariodominicano.com\/wp-content\/uploads\/2025\/09\/Federado-asambleistas-816x544.jpeg 816w\" sizes=\"auto, (max-width: 1024px) 100vw, 1024px\" \/><\/figure>\n\n\n\n<p>Federados asamble\u00edstas.<\/p>\n\n\n\n<figure class=\"wp-block-image size-large\"><img loading=\"lazy\" decoding=\"async\" width=\"1024\" height=\"682\" src=\"https:\/\/diariodominicano.com\/wp-content\/uploads\/2025\/09\/Garibaldy-Bautista-preside-asamblea-1024x682.jpeg\" alt=\"\" class=\"wp-image-638909\" srcset=\"https:\/\/diariodominicano.com\/wp-content\/uploads\/2025\/09\/Garibaldy-Bautista-preside-asamblea-1024x682.jpeg 1024w, https:\/\/diariodominicano.com\/wp-content\/uploads\/2025\/09\/Garibaldy-Bautista-preside-asamblea-300x200.jpeg 300w, https:\/\/diariodominicano.com\/wp-content\/uploads\/2025\/09\/Garibaldy-Bautista-preside-asamblea-768x512.jpeg 768w, https:\/\/diariodominicano.com\/wp-content\/uploads\/2025\/09\/Garibaldy-Bautista-preside-asamblea-1536x1024.jpeg 1536w, https:\/\/diariodominicano.com\/wp-content\/uploads\/2025\/09\/Garibaldy-Bautista-preside-asamblea-2048x1365.jpeg 2048w, https:\/\/diariodominicano.com\/wp-content\/uploads\/2025\/09\/Garibaldy-Bautista-preside-asamblea-816x544.jpeg 816w\" sizes=\"auto, (max-width: 1024px) 100vw, 1024px\" \/><\/figure>\n\n\n\n<p>Garibaldy Bautista preside asamblea.<\/p>\n\n\n\n<p><strong>SANTO DOMINGO.\u00a0<\/strong>Los asamble\u00edstas aprobaron a unanimidad el informe econ\u00f3mico auditado del 2024, as\u00ed como el programa y el presupuesto del a\u00f1o 2026 presentado en las asambleas extraordinaria y ordinaria, respectivamente, celebrada este jueves en el Sal\u00f3n Juan Ulises Garc\u00eda Saleta del Comit\u00e9 Ol\u00edmpico Dominicano (COD).<\/p>\n\n\n\n<p>El informe econ\u00f3mico auditado del a\u00f1o 2024, el cual se solicit\u00f3 una dispensa a la asamblea de marzo pasado para que la compa\u00f1\u00eda auditora Montero y Asociados concluyera su trabajo, fue aprobado por los asamble\u00edstas despu\u00e9s de haber sido auditado por la empresa Montero y Asociados.<\/p>\n\n\n\n<figure class=\"wp-block-image size-large\"><img loading=\"lazy\" decoding=\"async\" width=\"1024\" height=\"682\" src=\"https:\/\/diariodominicano.com\/wp-content\/uploads\/2025\/09\/Jose-Mera-1024x682.jpeg\" alt=\"\" class=\"wp-image-638915\" srcset=\"https:\/\/diariodominicano.com\/wp-content\/uploads\/2025\/09\/Jose-Mera-1024x682.jpeg 1024w, https:\/\/diariodominicano.com\/wp-content\/uploads\/2025\/09\/Jose-Mera-300x200.jpeg 300w, https:\/\/diariodominicano.com\/wp-content\/uploads\/2025\/09\/Jose-Mera-768x512.jpeg 768w, https:\/\/diariodominicano.com\/wp-content\/uploads\/2025\/09\/Jose-Mera-1536x1024.jpeg 1536w, https:\/\/diariodominicano.com\/wp-content\/uploads\/2025\/09\/Jose-Mera-2048x1365.jpeg 2048w, https:\/\/diariodominicano.com\/wp-content\/uploads\/2025\/09\/Jose-Mera-816x544.jpeg 816w\" sizes=\"auto, (max-width: 1024px) 100vw, 1024px\" \/><\/figure>\n\n\n\n<p>El licenciado Jos\u00e9 Mera, tesorero del COD, hizo la presentaci\u00f3n de los detalles financieros durante el per\u00edodo comprendido del 1 de enero al 31 de diciembre del 2024, y los asamble\u00edstas emitieron favorables opiniones sobre el desglose.<\/p>\n\n\n\n<figure class=\"wp-block-image size-large\"><img loading=\"lazy\" decoding=\"async\" width=\"1024\" height=\"682\" src=\"https:\/\/diariodominicano.com\/wp-content\/uploads\/2025\/09\/Eugenio-Perez-1024x682.jpeg\" alt=\"\" class=\"wp-image-638912\" srcset=\"https:\/\/diariodominicano.com\/wp-content\/uploads\/2025\/09\/Eugenio-Perez-1024x682.jpeg 1024w, https:\/\/diariodominicano.com\/wp-content\/uploads\/2025\/09\/Eugenio-Perez-300x200.jpeg 300w, https:\/\/diariodominicano.com\/wp-content\/uploads\/2025\/09\/Eugenio-Perez-768x512.jpeg 768w, https:\/\/diariodominicano.com\/wp-content\/uploads\/2025\/09\/Eugenio-Perez-1536x1024.jpeg 1536w, https:\/\/diariodominicano.com\/wp-content\/uploads\/2025\/09\/Eugenio-Perez-2048x1365.jpeg 2048w, https:\/\/diariodominicano.com\/wp-content\/uploads\/2025\/09\/Eugenio-Perez-816x544.jpeg 816w\" sizes=\"auto, (max-width: 1024px) 100vw, 1024px\" \/><\/figure>\n\n\n\n<p>El comisario de cuentas, Eugenio P\u00e9rez, hizo su presentaci\u00f3n, se\u00f1alando que las cifras y el estado de ingreso y egresos del COD evidencian haber sido estructurados en condiciones favorables, y procedi\u00f3 a descargar la gesti\u00f3n del a\u00f1o 2024.<\/p>\n\n\n\n<p>La asamblea extraordinaria dio el visto bueno al informe del comisario de cuentas, el cual se llev\u00f3 a cabo por disposici\u00f3n de la \u00faltima Asamblea Ordinaria celebrada en el mes de marzo pasado y acorde a lo establecido en el art\u00edculo 32.4 de los estatutos del COD, y el art\u00edculo 14, ac\u00e1pite d, del reglamento de aplicaci\u00f3n de la Ley 122-05.<\/p>\n\n\n\n<figure class=\"wp-block-image size-large\"><img loading=\"lazy\" decoding=\"async\" width=\"1024\" height=\"682\" src=\"https:\/\/diariodominicano.com\/wp-content\/uploads\/2025\/09\/Federados-asambleistas-2-1024x682.jpeg\" alt=\"\" class=\"wp-image-638917\" srcset=\"https:\/\/diariodominicano.com\/wp-content\/uploads\/2025\/09\/Federados-asambleistas-2-1024x682.jpeg 1024w, https:\/\/diariodominicano.com\/wp-content\/uploads\/2025\/09\/Federados-asambleistas-2-300x200.jpeg 300w, https:\/\/diariodominicano.com\/wp-content\/uploads\/2025\/09\/Federados-asambleistas-2-768x512.jpeg 768w, https:\/\/diariodominicano.com\/wp-content\/uploads\/2025\/09\/Federados-asambleistas-2-1536x1024.jpeg 1536w, https:\/\/diariodominicano.com\/wp-content\/uploads\/2025\/09\/Federados-asambleistas-2-2048x1365.jpeg 2048w, https:\/\/diariodominicano.com\/wp-content\/uploads\/2025\/09\/Federados-asambleistas-2-816x544.jpeg 816w\" sizes=\"auto, (max-width: 1024px) 100vw, 1024px\" \/><\/figure>\n\n\n\n<p><strong>Aprueba presupuesto y actividades 2026<\/strong><\/p>\n\n\n\n<p>La asamblea general ordinaria anual aprob\u00f3 a unanimidad el programa de actividades y el presupuesto del 2026 del Comit\u00e9 Ol\u00edmpico Dominicano (COD).<\/p>\n\n\n\n<p>En el programa de actividades, presentado por el ingeniero Garibaldy Bautista, presidente del COD, sobresali\u00f3 la celebraci\u00f3n de la Gala Ol\u00edmpica, as\u00ed como los XXV Juegos Centroamericanos y del Caribe Santo Domingo 2026, entre otros.<\/p>\n\n\n\n<p>El presupuesto, tambi\u00e9n aprobado a unanimidad por los presentes, fue dado a conocer por el tesorero del organismo Jos\u00e9 Mera.<\/p>\n\n\n\n<p>La asamblea General Ordinaria Anual se llev\u00f3 a cabo en cumplimiento del art\u00edculo 24, ac\u00e1pite A-1 y el art\u00edculo 25, ac\u00e1pites 25.1 y 25.2 de los estatutos del alto organismo ol\u00edmpico.<\/p>\n\n\n\n<p>Comit\u00c3\u00a9 Ol\u00c3\u00admpico Dominicano<\/p>\n\n\n\n<p><a target=\"_blank\" href=\"mailto:prensacod@yahoo.com\" rel=\"noreferrer noopener\">prensacod@yahoo.com<\/a><\/p>\n","protected":false},"excerpt":{"rendered":"<p>Garibaldy Bautista y el pleno del Comit\u00e9 Ejecutivo. Federados asamble\u00edstas. Garibaldy Bautista preside asamblea. SANTO DOMINGO.\u00a0Los asamble\u00edstas aprobaron a unanimidad el informe econ\u00f3mico auditado del 2024, as\u00ed como el programa y el presupuesto del a\u00f1o 2026 presentado en las asambleas extraordinaria y ordinaria, respectivamente, celebrada este jueves en el Sal\u00f3n Juan Ulises Garc\u00eda Saleta del [&hellip;]<\/p>\n","protected":false},"author":2,"featured_media":638905,"comment_status":"closed","ping_status":"closed","sticky":false,"template":"","format":"standard","meta":{"footnotes":""},"categories":[17],"tags":[],"class_list":["post-638904","post","type-post","status-publish","format-standard","has-post-thumbnail","hentry","category-deportes"],"_links":{"self":[{"href":"https:\/\/diariodominicano.com\/index.php?rest_route=\/wp\/v2\/posts\/638904","targetHints":{"allow":["GET"]}}],"collection":[{"href":"https:\/\/diariodominicano.com\/index.php?rest_route=\/wp\/v2\/posts"}],"about":[{"href":"https:\/\/diariodominicano.com\/index.php?rest_route=\/wp\/v2\/types\/post"}],"author":[{"embeddable":true,"href":"https:\/\/diariodominicano.com\/index.php?rest_route=\/wp\/v2\/users\/2"}],"replies":[{"embeddable":true,"href":"https:\/\/diariodominicano.com\/index.php?rest_route=%2Fwp%2Fv2%2Fcomments&post=638904"}],"version-history":[{"count":5,"href":"https:\/\/diariodominicano.com\/index.php?rest_route=\/wp\/v2\/posts\/638904\/revisions"}],"predecessor-version":[{"id":638918,"href":"https:\/\/diariodominicano.com\/index.php?rest_route=\/wp\/v2\/posts\/638904\/revisions\/638918"}],"wp:featuredmedia":[{"embeddable":true,"href":"https:\/\/diariodominicano.com\/index.php?rest_route=\/wp\/v2\/media\/638905"}],"wp:attachment":[{"href":"https:\/\/diariodominicano.com\/index.php?rest_route=%2Fwp%2Fv2%2Fmedia&parent=638904"}],"wp:term":[{"taxonomy":"category","embeddable":true,"href":"https:\/\/diariodominicano.com\/index.php?rest_route=%2Fwp%2Fv2%2Fcategories&post=638904"},{"taxonomy":"post_tag","embeddable":true,"href":"https:\/\/diariodominicano.com\/index.php?rest_route=%2Fwp%2Fv2%2Ftags&post=638904"}],"curies":[{"name":"wp","href":"https:\/\/api.w.org\/{rel}","templated":true}]}}